{"id":127957,"date":"2024-09-08T06:11:42","date_gmt":"2024-09-08T09:11:42","guid":{"rendered":"https:\/\/www.aarquiteta.com.br\/blog\/cortinas-vermelhas-facade-edificio-fadeu-santiago\/"},"modified":"2024-09-08T06:11:42","modified_gmt":"2024-09-08T09:11:42","slug":"cortinas-vermelhas-facade-edificio-fadeu-santiago","status":"publish","type":"post","link":"https:\/\/www.aarquiteta.com.br\/blog\/cortinas-vermelhas-facade-edificio-fadeu-santiago\/","title":{"rendered":"Cortinas vermelhas transformam a fachada do inovador FADEU."},"content":{"rendered":"<p>O novo edif\u00edcio da FADEU, projetado pelos arquitetos Alberto Moletto e Sebasti\u00e1n Paredes, \u00e9 uma obra que se destaca na paisagem da Pontif\u00edcia Universidade Cat\u00f3lica do Chile, em Santiago. Com um design inovador, o pr\u00e9dio n\u00e3o s\u00f3 abriga a Faculdade de Arquitetura, Design e Estudos Urbanos, mas tamb\u00e9m se prop\u00f5e a ser um elo entre o campus e a cidade.<\/p>\n<h2>Pontos principais do artigo:<\/h2>\n<ul>\n<li><b>Localiza\u00e7\u00e3o estrat\u00e9gica:<\/b> O edif\u00edcio est\u00e1 situado entre o Cerro San Crist\u00f3bal e o Rio Mapocho, em um campus que come\u00e7ou como uma \u00e1rea agr\u00edcola.<\/li>\n<li><b>Design inovador:<\/b> A estrutura de concreto exposto e as telas de prote\u00e7\u00e3o solar s\u00e3o caracter\u00edsticas marcantes do projeto.<\/li>\n<li><b>Integra\u00e7\u00e3o com o ambiente:<\/b> O pr\u00e9dio foi concebido para criar novas conex\u00f5es entre os edif\u00edcios adjacentes e a vizinhan\u00e7a.<\/li>\n<li><b>Funcionalidade:<\/b> O layout do edif\u00edcio inclui \u00e1reas de estacionamento, oficinas e um espa\u00e7o de conviv\u00eancia.<\/li>\n<li><b>Elementos din\u00e2micos:<\/b> Cortinas e janelas oper\u00e1veis permitem que o edif\u00edcio mude ao longo do dia, refletindo as necessidades dos usu\u00e1rios.<\/li>\n<li><b>Impacto visual:<\/b> As telas vermelhas e as l\u00e2minas de bambu proporcionam uma est\u00e9tica \u00fanica e funcional.<\/li>\n<\/ul>\n<h2>Um novo marco na arquitetura chilena<\/h2>\n<p>O edif\u00edcio da FADEU, que se ergue como um <b>s\u00edmbolo de modernidade<\/b> e inova\u00e7\u00e3o, foi projetado para ser mais do que apenas um espa\u00e7o acad\u00eamico. Ele se apresenta como um <b>articulador do campus<\/b>, conectando diferentes \u00e1reas e promovendo a intera\u00e7\u00e3o entre alunos e a comunidade. A escolha do local, entre o Cerro San Crist\u00f3bal e o Rio Mapocho, n\u00e3o \u00e9 mera coincid\u00eancia; \u00e9 uma decis\u00e3o estrat\u00e9gica que visa integrar a universidade ao seu entorno.<\/p>\n<p>Desde sua funda\u00e7\u00e3o, a Pontif\u00edcia Universidade Cat\u00f3lica do Chile tem buscado expandir suas instala\u00e7\u00f5es, e o novo edif\u00edcio \u00e9 um passo significativo nessa dire\u00e7\u00e3o. Com uma \u00e1rea de 4.200 metros quadrados, a estrutura se estende ao longo da borda noroeste do campus, criando uma <b>plaza<\/b> que serve como ponto de encontro para estudantes e visitantes.<\/p>\n<h3>Design que fala por si<\/h3>\n<figure style=\"width: 1024px\" class=\"wp-caption aligncenter\"><img decoding=\"async\" src=\"https:\/\/www.aarquiteta.com.br\/blog\/wp-content\/uploads\/2024\/09\/hero-fadeu-alberto-moletto-sebastian-paredes-chile-architecture-education_dezeen_2364_col_0-1200x675.jpg\" alt=\"Cortinas vermelhas transformam a fachada do inovador FADEU.\" width=\"1024\" height=\"1024\" title=\"\"><figcaption class=\"wp-caption-text\">Source: <a href=\"https:\/\/www.dezeen.com\/2024\/09\/02\/fadeu-building-santiago-architecture-schoolalberto-moletto-sebastian-paredes\/\" target=\"_blank\" rel=\"noopener\"><\/a><\/figcaption><\/figure>\n<p>O design do edif\u00edcio \u00e9 uma verdadeira obra de arte. Com uma planta retangular, a estrutura \u00e9 composta por 13 quadros de concreto armado, que se destacam pela sua <b>simplicidade e eleg\u00e2ncia<\/b>. As colunas e vigas expostas n\u00e3o apenas conferem um car\u00e1ter industrial ao espa\u00e7o, mas tamb\u00e9m simbolizam a <b>transpar\u00eancia<\/b> e a <b>abertura<\/b> que a universidade deseja promover.<\/p>\n<p>Al\u00e9m disso, a inclus\u00e3o de elementos como telas de prote\u00e7\u00e3o solar e cortinas vermelhas n\u00e3o \u00e9 apenas uma quest\u00e3o est\u00e9tica, mas uma resposta \u00e0s necessidades clim\u00e1ticas da regi\u00e3o. Essas caracter\u00edsticas ajudam a controlar a luz e a temperatura, criando um ambiente confort\u00e1vel para os usu\u00e1rios. O arquiteto Moletto enfatiza que o edif\u00edcio foi projetado para <b>mudar ao longo do dia<\/b>, refletindo as vontades e necessidades dos seus ocupantes.<\/p>\n<h3>Conectando passado e futuro<\/h3>\n<p>O campus da Pontif\u00edcia Universidade Cat\u00f3lica do Chile tem uma rica hist\u00f3ria, come\u00e7ando como uma \u00e1rea agr\u00edcola e evoluindo para um centro educacional vibrante. O novo edif\u00edcio da FADEU \u00e9 uma continua\u00e7\u00e3o dessa hist\u00f3ria, adicionando novas camadas ao tecido urbano. A <b>Casona Lo Contador<\/b>, uma casa colonial do s\u00e9culo XVIII, ainda permanece como um marco, lembrando a todos da heran\u00e7a cultural da regi\u00e3o.<\/p>\n<p>O projeto n\u00e3o apenas respeita essa hist\u00f3ria, mas tamb\u00e9m a <b>celebra<\/b>. Ao integrar elementos modernos com a arquitetura existente, o edif\u00edcio se torna um elo entre o passado e o futuro, mostrando que a tradi\u00e7\u00e3o e a inova\u00e7\u00e3o podem coexistir harmoniosamente.<\/p>\n<h3>Funcionalidade e flexibilidade<\/h3>\n<figure style=\"width: 1024px\" class=\"wp-caption aligncenter\"><img decoding=\"async\" src=\"https:\/\/www.aarquiteta.com.br\/blog\/wp-content\/uploads\/2024\/09\/fadeu-alberto-moletto-sebastian-paredes-chile-architecture-education_dezeen_2364_col_30-852x568.jpg\" alt=\"Fachada do edif\u00edcio FADEU com cortinas vermelhas, que comp\u00f5em o design da escola de arquitetura\" width=\"1024\" height=\"1024\" title=\"\"><figcaption class=\"wp-caption-text\">Fachada do edif\u00edcio FADEU com cortinas vermelhas, que comp\u00f5em o design da escola de arquitetura<\/figcaption><\/figure>\n<p>Um dos aspectos mais impressionantes do novo edif\u00edcio \u00e9 sua funcionalidade. O layout foi cuidadosamente planejado para atender \u00e0s necessidades dos alunos e professores. O n\u00edvel mais baixo abriga estacionamento, enquanto o segundo n\u00edvel cont\u00e9m oficinas e servi\u00e7os, incluindo uma cafeteria. O <b>n\u00edvel do solo<\/b> \u00e9 livre de programa\u00e7\u00e3o, permitindo uma transi\u00e7\u00e3o suave entre a universidade e a rua, o que \u00e9 fundamental para a intera\u00e7\u00e3o com a comunidade.<\/p>\n<p>Nos andares superiores, o Instituto de Estudos Urbanos ocupa os dois \u00faltimos n\u00edveis, proporcionando um espa\u00e7o dedicado ao aprendizado e \u00e0 pesquisa. Essa disposi\u00e7\u00e3o n\u00e3o s\u00f3 maximiza o uso do espa\u00e7o, mas tamb\u00e9m promove um ambiente colaborativo, onde ideias podem fluir livremente.<\/p>\n<h3>Elementos din\u00e2micos que transformam o espa\u00e7o<\/h3>\n<figure style=\"width: 1024px\" class=\"wp-caption aligncenter\"><img decoding=\"async\" src=\"https:\/\/www.aarquiteta.com.br\/blog\/wp-content\/uploads\/2024\/09\/fadeu-alberto-moletto-sebastian-paredes-chile-architecture-education_dezeen_2364_col_5-852x1172.jpg\" alt=\"Estrutura composta por quadros de concreto do edif\u00edcio FADEU\" width=\"1024\" height=\"1024\" title=\"\"><figcaption class=\"wp-caption-text\">Estrutura composta por quadros de concreto do edif\u00edcio FADEU<\/figcaption><\/figure>\n<p>O edif\u00edcio da FADEU \u00e9 um exemplo perfeito de como a arquitetura pode ser <b>d\u00ednamica<\/b>. As janelas e cortinas oper\u00e1veis permitem que a luz e o ar circulem livremente, criando um ambiente que se adapta \u00e0s necessidades dos usu\u00e1rios. Essa flexibilidade \u00e9 essencial em um espa\u00e7o educacional, onde as demandas podem mudar rapidamente.<\/p>\n<p>Al\u00e9m disso, a est\u00e9tica do edif\u00edcio \u00e9 constantemente alterada pelas cortinas vermelhas e pelas l\u00e2minas de bambu, que se movem com o vento e mudam de acordo com a luz do dia. Essa caracter\u00edstica n\u00e3o s\u00f3 embeleza o espa\u00e7o, mas tamb\u00e9m simboliza a <b>vitalidade<\/b> e a <b>energia<\/b> da comunidade acad\u00eamica.<\/p>\n<h3>Um impacto visual marcante<\/h3>\n<h3>Assista agora a minha recomenda\u00e7\u00e3o de video abaixo sobre o tema que estamos tratando neste artigo: <\/h3>\n<p><div class=\"youtube-embed\" data-video_id=\"DBvidHc_phA\"><iframe title=\"Santiago Calatrava | Amazing Projects | Spanish Architect | Engineer, Sculptor &amp; Painter |\" width=\"696\" height=\"392\" src=\"https:\/\/www.youtube.com\/embed\/DBvidHc_phA?feature=oembed&#038;enablejsapi=1\" frameborder=\"0\" allow=\"accelerometer; autoplay; clipboard-write; encrypted-media; gyroscope; picture-in-picture; web-share\" referrerpolicy=\"strict-origin-when-cross-origin\" allowfullscreen><\/iframe><\/div>\n<\/p>\n<p>Visualmente, o edif\u00edcio se destaca na paisagem de Santiago. As telas de prote\u00e7\u00e3o solar e as cortinas vermelhas criam um contraste vibrante com o concreto exposto, tornando-o um <b>marco arquitet\u00f4nico<\/b> na cidade. Essa combina\u00e7\u00e3o de elementos n\u00e3o s\u00f3 atrai a aten\u00e7\u00e3o, mas tamb\u00e9m convida as pessoas a explorar o espa\u00e7o e a interagir com a universidade.<\/p>\n<p>O impacto visual do edif\u00edcio \u00e9 um reflexo do compromisso da Pontif\u00edcia Universidade Cat\u00f3lica do Chile com a inova\u00e7\u00e3o e a excel\u00eancia. Ao criar um espa\u00e7o que \u00e9 ao mesmo tempo funcional e esteticamente agrad\u00e1vel, a universidade demonstra que a educa\u00e7\u00e3o e a arquitetura podem andar de m\u00e3os dadas.<\/p>\n<h2>Conclus\u00e3o<\/h2>\n<p>O novo edif\u00edcio da FADEU \u00e9 mais do que apenas uma estrutura; \u00e9 um <b>testemunho da evolu\u00e7\u00e3o<\/b> da arquitetura e da educa\u00e7\u00e3o no Chile. Com seu design inovador, funcionalidade e impacto visual, ele se estabelece como um <b>ponto de refer\u00eancia<\/b> na cidade de Santiago. Ao conectar passado e futuro, o edif\u00edcio n\u00e3o s\u00f3 serve aos alunos e professores, mas tamb\u00e9m \u00e0 comunidade, promovendo um di\u00e1logo cont\u00ednuo entre a universidade e a cidade. Assim, a FADEU se torna um verdadeiro <b>articulador do campus<\/b>, moldando o futuro da educa\u00e7\u00e3o e da arquitetura no Chile.<\/p>\n<p>Muito obrigado por ler este artigo! Algumas  inspira\u00e7\u00f5es e fontes para o artigo <a href=\"https:\/\/www.dezeen.com\/2024\/09\/02\/fadeu-building-santiago-architecture-schoolalberto-moletto-sebastian-paredes\/\" target=\"_blank\" rel=\"noopener\">voc\u00ea pode encontrar aqui<\/a><\/p>\n","protected":false},"excerpt":{"rendered":"<p>O novo edif\u00edcio da FADEU, projetado pelos arquitetos Alberto Moletto e Sebasti\u00e1n Paredes, \u00e9 uma obra que se destaca na paisagem da Pontif\u00edcia Universidade Cat\u00f3lica do Chile, em Santiago. Com um design inovador, o pr\u00e9dio n\u00e3o s\u00f3 abriga a Faculdade de Arquitetura, Design e Estudos Urbanos, mas tamb\u00e9m se prop\u00f5e a ser um elo entre [&hellip;]<\/p>\n","protected":false},"author":102,"featured_media":127954,"comment_status":"closed","ping_status":"closed","sticky":false,"template":"","format":"standard","meta":{"footnotes":""},"categories":[144],"tags":[],"class_list":["post-127957","post","type-post","status-publish","format-standard","has-post-thumbnail","category-mundo-arquitetura"],"_wp_attached_file":null,"_wp_attachment_metadata":null,"_wp_attachment_context":null,"_wp_attachment_is_custom_header":null,"geo_longitude":null,"geo_public":null,"geo_latitude":null,"_publicize_done_external":null,"_wpas_done_3897181":null,"publicize_twitter_user":null,"_wpas_done_3897175":null,"_wpas_skip_3897181":null,"_wpas_skip_3897175":null,"_wpas_skip_3924723":null,"_wpas_mess":null,"_wpas_done_3924723":null,"wps_subtitle":"","_links":{"self":[{"href":"https:\/\/www.aarquiteta.com.br\/blog\/wp-json\/wp\/v2\/posts\/127957","targetHints":{"allow":["GET"]}}],"collection":[{"href":"https:\/\/www.aarquiteta.com.br\/blog\/wp-json\/wp\/v2\/posts"}],"about":[{"href":"https:\/\/www.aarquiteta.com.br\/blog\/wp-json\/wp\/v2\/types\/post"}],"author":[{"embeddable":true,"href":"https:\/\/www.aarquiteta.com.br\/blog\/wp-json\/wp\/v2\/users\/102"}],"replies":[{"embeddable":true,"href":"https:\/\/www.aarquiteta.com.br\/blog\/wp-json\/wp\/v2\/comments?post=127957"}],"version-history":[{"count":0,"href":"https:\/\/www.aarquiteta.com.br\/blog\/wp-json\/wp\/v2\/posts\/127957\/revisions"}],"wp:featuredmedia":[{"embeddable":true,"href":"https:\/\/www.aarquiteta.com.br\/blog\/wp-json\/wp\/v2\/media\/127954"}],"wp:attachment":[{"href":"https:\/\/www.aarquiteta.com.br\/blog\/wp-json\/wp\/v2\/media?parent=127957"}],"wp:term":[{"taxonomy":"category","embeddable":true,"href":"https:\/\/www.aarquiteta.com.br\/blog\/wp-json\/wp\/v2\/categories?post=127957"},{"taxonomy":"post_tag","embeddable":true,"href":"https:\/\/www.aarquiteta.com.br\/blog\/wp-json\/wp\/v2\/tags?post=127957"}],"curies":[{"name":"wp","href":"https:\/\/api.w.org\/{rel}","templated":true}]}}