{"id":127951,"date":"2024-09-07T19:56:08","date_gmt":"2024-09-07T22:56:08","guid":{"rendered":"https:\/\/www.aarquiteta.com.br\/blog\/casa-invisivel\/"},"modified":"2024-09-07T19:56:08","modified_gmt":"2024-09-07T22:56:08","slug":"casa-invisivel","status":"publish","type":"post","link":"https:\/\/www.aarquiteta.com.br\/blog\/casa-invisivel\/","title":{"rendered":"A Incr\u00edvel Casa Invis\u00edvel no Deserto da Calif\u00f3rnia"},"content":{"rendered":"<p><body><\/p>\n<p>A &#8220;casa invis\u00edvel&#8221;, uma obra de arte arquitet\u00f4nica no deserto da Calif\u00f3rnia, \u00e9 um verdadeiro espet\u00e1culo de como design e natureza podem coexistir em perfeita harmonia. Com seus 500 m\u00b2 de fachada espelhada, ela n\u00e3o s\u00f3 se camufla, mas tamb\u00e9m reflete a beleza do seu entorno, oferecendo um espa\u00e7o luxuoso e sustent\u00e1vel para quem busca um ref\u00fagio exclusivo.<\/p>\n<h2>Introdu\u00e7\u00e3o<\/h2>\n<p>Nesta jornada, vou te apresentar a fascinante &#8220;casa invis\u00edvel&#8221;, uma obra \u00edcone da arquitetura contempor\u00e2nea. Aqui, a modernidade se encontra com a sustentabilidade, criando um espa\u00e7o que encanta tanto pela sua est\u00e9tica quanto por sua funcionalidade.<\/p>\n<h2>A Estrutura da Casa Invis\u00edvel<\/h2>\n<h3>Design e Conceito<\/h3>\n<p>Quando olho para essa constru\u00e7\u00e3o, sinto uma conex\u00e3o com a simplicidade e a complexidade que a natureza nos oferece. O design <b>inovador<\/b> e a inspira\u00e7\u00e3o que vem do filme &#8216;2001: Uma Odisseia no Espa\u00e7o&#8217; s\u00e3o como um sussurro do futuro, mesclando-se com o deserto. A casa \u00e9 um reflexo literal do ambiente, cada \u00e2ngulo e cada linha projetando o c\u00e9u e as rochas ao redor. A ideia de que ela \u00e9 quase invis\u00edvel \u00e9, na verdade, uma met\u00e1fora poderosa da integra\u00e7\u00e3o entre arquitetura e ambiente.<\/p>\n<h3>Materiais Sustent\u00e1veis<\/h3>\n<figure style=\"width: 1024px\" class=\"wp-caption aligncenter\"><img decoding=\"async\" src=\"https:\/\/www.aarquiteta.com.br\/blog\/wp-content\/uploads\/2024\/09\/casa-invisivel01.jpg\" alt=\"A Incr\u00edvel Casa Invis\u00edvel no Deserto da Calif\u00f3rnia\" width=\"1024\" height=\"1024\" title=\"\"><figcaption class=\"wp-caption-text\">A Incr\u00edvel Casa Invis\u00edvel no Deserto da Calif\u00f3rnia<\/figcaption><\/figure>\n<p>Em cada canto da &#8220;casa invis\u00edvel&#8221;, encontramos <b>materialidade sustent\u00e1vel<\/b>. O telhado de espuma ecol\u00f3gica traz um toque de cuidado, enquanto o sistema solar el\u00e9trico garante efici\u00eancia energ\u00e9tica. \u00c9 como se a casa sussurrasse para o mundo que \u00e9 poss\u00edvel viver em sinergia com a natureza, minimizando nosso impacto. Cada escolha \u00e9 um passo rumo a um futuro mais verde.<\/p>\n<h2>Interior Luxuoso<\/h2>\n<h3>Comodidades e Ambientes<\/h3>\n<figure style=\"width: 1024px\" class=\"wp-caption aligncenter\"><img decoding=\"async\" src=\"https:\/\/www.aarquiteta.com.br\/blog\/wp-content\/uploads\/2024\/09\/casa-invisivel-0.jpg\" alt=\"A casa invis\u00edvel camuflada por sua estrutura espelhada.\" title=\"\"><figcaption class=\"wp-caption-text\">A casa invis\u00edvel camuflada por sua estrutura espelhada.<\/figcaption><\/figure>\n<p>Quando adentrei a casa, a sensa\u00e7\u00e3o foi de estar em um filme de fic\u00e7\u00e3o cient\u00edfica. Cada ambiente \u00e9 projetado para oferecer conforto e tecnologia. A piscina interna aquecida, com seus 30 metros, \u00e9 um convite ao relaxamento, enquanto a <b>cozinha minimalista<\/b> \u00e9 um sonho para qualquer amante da gastronomia. E n\u00e3o posso esquecer da sala de cinema, com sua parede gigante para proje\u00e7\u00e3o; \u00e9 como ter uma experi\u00eancia de cinema particular \u00e0 sua disposi\u00e7\u00e3o!<\/p>\n<h3>Quartos e Su\u00edtes<\/h3>\n<figure style=\"width: 1024px\" class=\"wp-caption aligncenter\"><img decoding=\"async\" src=\"https:\/\/www.aarquiteta.com.br\/blog\/wp-content\/uploads\/2024\/09\/casa-invisivel02.jpg\" alt=\"A Incr\u00edvel Casa Invis\u00edvel no Deserto da Calif\u00f3rnia\" width=\"1024\" height=\"1024\" title=\"\"><figcaption class=\"wp-caption-text\">A Incr\u00edvel Casa Invis\u00edvel no Deserto da Calif\u00f3rnia<\/figcaption><\/figure>\n<p>Os quartos s\u00e3o verdadeiros ref\u00fagios de luxo. A su\u00edte principal \u00e9 como um abra\u00e7o acolhedor, com uma cama que parece flutuar e um banheiro digno dos melhores hot\u00e9is. A banheira espelhada reflete a luz de uma maneira que faz voc\u00ea esquecer que est\u00e1 no deserto. Cada quarto tem seu pr\u00f3prio <b>bathroom<\/b> privativo, garantindo a privacidade que muitos de n\u00f3s desejamos, tudo isso \u00e9 pura arte da arquitetura.<\/p>\n<h2>Conex\u00e3o com a Natureza<\/h2>\n<p>Eu sempre defendi que a arquitetura deve <b>celebrar a natureza<\/b>. Aqui, as portas de vidro abrem-se completamente, criando um di\u00e1logo entre o interior e o exterior. A paisagem de Joshua Tree se torna parte da experi\u00eancia, permitindo que os moradores se sintam como se estivessem no meio do nada, cercados por uma beleza estonteante. \u00c9 uma forma de reconectar-se com o que realmente importa, longe da agita\u00e7\u00e3o cotidiana.<\/p>\n<h2>Aluguel e Usos da Propriedade<\/h2>\n<p>Essa maravilha n\u00e3o \u00e9 apenas um lar; ela se transformou em uma <b>propriedade premium<\/b> para loca\u00e7\u00e3o de filmes e eventos especiais. A &#8220;casa invis\u00edvel&#8221; chama a aten\u00e7\u00e3o de celebridades e cineastas que buscam um cen\u00e1rio \u00fanico. \u00c9 fascinante pensar que as paredes desse espa\u00e7o t\u00e3o singular j\u00e1 testemunharam momentos inesquec\u00edveis, tornando-se um \u00edcone de liberdade e criatividade na produ\u00e7\u00e3o audiovisual.<\/p>\n<h2>Reflex\u00e3o sobre Modernidade e Sustentabilidade<\/h2>\n<p>A &#8220;casa invis\u00edvel&#8221; n\u00e3o \u00e9 apenas uma resid\u00eancia; \u00e9 uma declara\u00e7\u00e3o poderosa. Ela representa uma fus\u00e3o entre <b>inova\u00e7\u00e3o moderna<\/b> e pr\u00e1ticas sustent\u00e1veis. Cada detalhe \u00e9 cuidadosamente elaborado para lembrar a todos n\u00f3s de que podemos e devemos viver em harmonia com o nosso planeta. \u00c9 um vislumbre do que o futuro da arquitetura pode e deve ser: um espa\u00e7o onde a ess\u00eancia do meio ambiente \u00e9 t\u00e3o valorizada quanto o pr\u00f3prio design.<\/p>\n<h2>Conclus\u00e3o<\/h2>\n<p>Finalizando essa reflex\u00e3o, a &#8220;casa invis\u00edvel&#8221; se destaca n\u00e3o apenas como um exemplo inspirador de como a <b>arquitetura pode se integrar<\/b> \u00e0 natureza, mas tamb\u00e9m como um convite \u00e0 criatividade e \u00e0 inova\u00e7\u00e3o. Ao caminhar por seus corredores, sinto que cada elemento \u00e9 uma celebra\u00e7\u00e3o da vida, demonstrando que, com um pouco de vis\u00e3o, podemos criar espa\u00e7os que verdadeiramente ressoam com o mundo ao nosso redor.<\/p>\n<p><\/body><br \/>\n<figure style=\"width: 1024px\" class=\"wp-caption aligncenter\"><img decoding=\"async\" src=\"https:\/\/www.aarquiteta.com.br\/blog\/wp-content\/uploads\/2024\/09\/casa-invisivel-3.jpg\" alt=\"Imagem da casa invis\u00edvel refletindo o deserto da Calif\u00f3rnia.\" title=\"\"><figcaption class=\"wp-caption-text\">Imagem da casa invis\u00edvel refletindo o deserto da Calif\u00f3rnia.<\/figcaption><\/figure>\n<figure style=\"width: 1024px\" class=\"wp-caption aligncenter\"><img decoding=\"async\" src=\"https:\/\/www.aarquiteta.com.br\/blog\/wp-content\/uploads\/2024\/09\/casa-invisivel03.jpg\" alt=\"A Incr\u00edvel Casa Invis\u00edvel no Deserto da Calif\u00f3rnia\" width=\"1024\" height=\"1024\" title=\"\"><figcaption class=\"wp-caption-text\">A Incr\u00edvel Casa Invis\u00edvel no Deserto da Calif\u00f3rnia<\/figcaption><\/figure>\n<figure style=\"width: 1024px\" class=\"wp-caption aligncenter\"><img decoding=\"async\" src=\"https:\/\/www.aarquiteta.com.br\/blog\/wp-content\/uploads\/2024\/09\/casa-invisivel-4-730x487.jpg\" alt=\"A constru\u00e7\u00e3o surpreendente da casa invis\u00edvel vista de outro \u00e2ngulo.\" title=\"\"><figcaption class=\"wp-caption-text\">A constru\u00e7\u00e3o surpreendente da casa invis\u00edvel vista de outro \u00e2ngulo.<\/figcaption><\/figure>\n<figure style=\"width: 1024px\" class=\"wp-caption aligncenter\"><img decoding=\"async\" src=\"https:\/\/www.aarquiteta.com.br\/blog\/wp-content\/uploads\/2024\/09\/casa-invisivel4.jpg\" alt=\"A Incr\u00edvel Casa Invis\u00edvel no Deserto da Calif\u00f3rnia\" width=\"1024\" height=\"1024\" title=\"\"><figcaption class=\"wp-caption-text\">A Incr\u00edvel Casa Invis\u00edvel no Deserto da Calif\u00f3rnia<\/figcaption><\/figure>\n<figure style=\"width: 1024px\" class=\"wp-caption aligncenter\"><img decoding=\"async\" src=\"https:\/\/www.aarquiteta.com.br\/blog\/wp-content\/uploads\/2024\/09\/casa-invisivel-9-730x487.jpg\" alt=\"A casa invis\u00edvel revela sua beleza em meio ao deserto.\" title=\"\"><figcaption class=\"wp-caption-text\">A casa invis\u00edvel revela sua beleza em meio ao deserto.<\/figcaption><\/figure>\n<p><iframe title=\"YouTube video player\" src=\"https:\/\/www.youtube.com\/embed\/BDnx7AvMij8\" width=\"560\" height=\"315\" frameborder=\"0\" allowfullscreen=\"allowfullscreen\"><\/iframe><\/p>\n<figure style=\"width: 1024px\" class=\"wp-caption aligncenter\"><img decoding=\"async\" src=\"https:\/\/www.aarquiteta.com.br\/blog\/wp-content\/uploads\/2024\/09\/casa-invisivel-5-730x487.jpg\" alt=\"Interior da casa invis\u00edvel decorado de maneira minimalista.\" title=\"\"><figcaption class=\"wp-caption-text\">Interior da casa invis\u00edvel decorado de maneira minimalista.<\/figcaption><\/figure>\n<figure style=\"width: 1024px\" class=\"wp-caption aligncenter\"><img decoding=\"async\" src=\"https:\/\/www.aarquiteta.com.br\/blog\/wp-content\/uploads\/2024\/09\/casa-invisivel-10-730x487.jpg\" alt=\"Luxo e conforto na su\u00edte principal da casa invis\u00edvel.\" title=\"\"><figcaption class=\"wp-caption-text\">Luxo e conforto na su\u00edte principal da casa invis\u00edvel.<\/figcaption><\/figure>\n","protected":false},"excerpt":{"rendered":"<p>Descubra a surpreendente casa invis\u00edvel no deserto da Calif\u00f3rnia, uma constru\u00e7\u00e3o moderna e sustent\u00e1vel que reflete a natureza ao seu redor.<\/p>\n","protected":false},"author":102,"featured_media":127944,"comment_status":"closed","ping_status":"closed","sticky":false,"template":"","format":"standard","meta":{"footnotes":""},"categories":[1507,249],"tags":[],"class_list":["post-127951","post","type-post","status-publish","format-standard","has-post-thumbnail","category-arquitetura","category-engenharia-e-construcao-civil"],"_wp_attached_file":null,"_wp_attachment_metadata":null,"_wp_attachment_context":null,"_wp_attachment_is_custom_header":null,"geo_longitude":null,"geo_public":null,"geo_latitude":null,"_publicize_done_external":null,"_wpas_done_3897181":null,"publicize_twitter_user":null,"_wpas_done_3897175":null,"_wpas_skip_3897181":null,"_wpas_skip_3897175":null,"_wpas_skip_3924723":null,"_wpas_mess":null,"_wpas_done_3924723":null,"wps_subtitle":"","_links":{"self":[{"href":"https:\/\/www.aarquiteta.com.br\/blog\/wp-json\/wp\/v2\/posts\/127951","targetHints":{"allow":["GET"]}}],"collection":[{"href":"https:\/\/www.aarquiteta.com.br\/blog\/wp-json\/wp\/v2\/posts"}],"about":[{"href":"https:\/\/www.aarquiteta.com.br\/blog\/wp-json\/wp\/v2\/types\/post"}],"author":[{"embeddable":true,"href":"https:\/\/www.aarquiteta.com.br\/blog\/wp-json\/wp\/v2\/users\/102"}],"replies":[{"embeddable":true,"href":"https:\/\/www.aarquiteta.com.br\/blog\/wp-json\/wp\/v2\/comments?post=127951"}],"version-history":[{"count":0,"href":"https:\/\/www.aarquiteta.com.br\/blog\/wp-json\/wp\/v2\/posts\/127951\/revisions"}],"wp:featuredmedia":[{"embeddable":true,"href":"https:\/\/www.aarquiteta.com.br\/blog\/wp-json\/wp\/v2\/media\/127944"}],"wp:attachment":[{"href":"https:\/\/www.aarquiteta.com.br\/blog\/wp-json\/wp\/v2\/media?parent=127951"}],"wp:term":[{"taxonomy":"category","embeddable":true,"href":"https:\/\/www.aarquiteta.com.br\/blog\/wp-json\/wp\/v2\/categories?post=127951"},{"taxonomy":"post_tag","embeddable":true,"href":"https:\/\/www.aarquiteta.com.br\/blog\/wp-json\/wp\/v2\/tags?post=127951"}],"curies":[{"name":"wp","href":"https:\/\/api.w.org\/{rel}","templated":true}]}}