{"id":127932,"date":"2024-09-07T17:59:24","date_gmt":"2024-09-07T20:59:24","guid":{"rendered":"https:\/\/www.aarquiteta.com.br\/blog\/sala-de-tv\/"},"modified":"2024-09-07T17:59:24","modified_gmt":"2024-09-07T20:59:24","slug":"sala-de-tv","status":"publish","type":"post","link":"https:\/\/www.aarquiteta.com.br\/blog\/sala-de-tv\/","title":{"rendered":"Decora\u00e7\u00e3o de Sala de TV: Dicas para Criar um Ambiente Aconchegante"},"content":{"rendered":"<p><body><\/p>\n<p>Transforme sua sala de TV em um espa\u00e7o aconchegante e funcional com dicas pr\u00e1ticas e criativas! Aqui, vou te guiar sobre como escolher m\u00f3veis e adornos que refletem sua personalidade e tornam o ambiente perfeito para relaxar.<\/p>\n<h2>Introdu\u00e7\u00e3o<\/h2>\n<p>A sala de TV \u00e9 muito mais do que um simples c\u00f4modo na casa. \u00c9 aqui onde compartilhamos risadas, emo\u00e7\u00f5es e, claro, muitas maratonas de s\u00e9ries e filmes. Ent\u00e3o, bora cri\u00e1-la de uma forma que transborde <b>conforto<\/b> e <b>estilo<\/b>!<\/p>\n<h2>Planejando sua sala de TV: O que voc\u00ea precisa saber<\/h2>\n<h3>Me\u00e7a o espa\u00e7o dispon\u00edvel<\/h3>\n<p>Antes de sair comprando tudo que v\u00ea pela frente, pegue a fita m\u00e9trica e comece a medir. Isso mesmo, medir o espa\u00e7o \u00e9 fundamental! Se a sala \u00e9 pequena, opte por m\u00f3veis menores que n\u00e3o impe\u00e7am a <b>circula\u00e7\u00e3o<\/b>. Se for grande, a gente pode se dar ao luxo de brincar com as propor\u00e7\u00f5es.<\/p>\n<h3>Cores: A paleta certa<\/h3>\n<figure style=\"width: 1024px\" class=\"wp-caption aligncenter\"><img decoding=\"async\" src=\"https:\/\/www.aarquiteta.com.br\/blog\/wp-content\/uploads\/2024\/09\/sala-de-tv01.jpg\" alt=\"Decora\u00e7\u00e3o de Sala de TV: Dicas para Criar um Ambiente Aconchegante\" width=\"1024\" height=\"1024\" title=\"\"><figcaption class=\"wp-caption-text\">Decora\u00e7\u00e3o de Sala de TV: Dicas para Criar um Ambiente Aconchegante<\/figcaption><\/figure>\n<p>Optar por tons suaves, como azul ou verde, traz uma tranquilidade pro ambiente, <b>quase como um abra\u00e7o quentinho<\/b>. Isso ajuda a criar um clima relaxante, perfeito pra desestressar ap\u00f3s um longo dia.<\/p>\n<h2>Itens essenciais para a funcionalidade<\/h2>\n<h3>M\u00f3veis que n\u00e3o podem faltar<\/h3>\n<figure style=\"width: 1024px\" class=\"wp-caption aligncenter\"><img decoding=\"async\" src=\"https:\/\/www.aarquiteta.com.br\/blog\/wp-content\/uploads\/2024\/09\/sala-de-tv-000.jpg\" alt=\"Imagem de uma aconchegante sala de TV com sof\u00e1s e decora\u00e7\u00e3o leve.\" title=\"\"><figcaption class=\"wp-caption-text\">Imagem de uma aconchegante sala de TV com sof\u00e1s e decora\u00e7\u00e3o leve.<\/figcaption><\/figure>\n<p>Um bom sof\u00e1 \u00e9 o rei da sala de TV! Mas al\u00e9m dele, considere um rack que acomode a TV e ainda sirva de suporte para outros itens. N\u00e3o esque\u00e7a de uma mesinha de apoio pra aquele lanche maroto durante os filmes, hein?<\/p>\n<h3>Organiza\u00e7\u00e3o: O segredo do sucesso<\/h3>\n<figure style=\"width: 1024px\" class=\"wp-caption aligncenter\"><img decoding=\"async\" src=\"https:\/\/www.aarquiteta.com.br\/blog\/wp-content\/uploads\/2024\/09\/sala-de-tv02.jpg\" alt=\"Decora\u00e7\u00e3o de Sala de TV: Dicas para Criar um Ambiente Aconchegante\" width=\"1024\" height=\"1024\" title=\"\"><figcaption class=\"wp-caption-text\">Decora\u00e7\u00e3o de Sala de TV: Dicas para Criar um Ambiente Aconchegante<\/figcaption><\/figure>\n<p>Nada pior do que uma sala bagun\u00e7ada, n\u00e3o \u00e9 mesmo? Mantenha a organiza\u00e7\u00e3o em dia, evitando colocar muitos m\u00f3veis. Deixe um <b>caminho livre<\/b> pra que todo mundo possa circular sem esbarrar nas coisas. Um ambiente espa\u00e7oso \u00e9 sempre mais convidativo!<\/p>\n<h2>Dicas valiosas para um toque aconchegante<\/h2>\n<h3>Conforto acima de tudo<\/h3>\n<figure style=\"width: 1024px\" class=\"wp-caption aligncenter\"><img decoding=\"async\" src=\"https:\/\/www.aarquiteta.com.br\/blog\/wp-content\/uploads\/2024\/09\/sala-de-tv-2.png\" alt=\"Imagem de uma sala de TV moderna com destaque para a ilumina\u00e7\u00e3o.\" title=\"\"><figcaption class=\"wp-caption-text\">Imagem de uma sala de TV moderna com destaque para a ilumina\u00e7\u00e3o.<\/figcaption><\/figure>\n<p>N\u00e3o hesite em investir em almofadas e mantas. Um sof\u00e1 confort\u00e1vel faz toda a diferen\u00e7a, mas as <b>almofadas<\/b> e um tapete macio v\u00e3o agregar aquele <b>toque acolhedor<\/b> que todos amamos. Se puder, inclua poltronas extras para momentos de cita\u00e7\u00f5es especiais!<\/p>\n<h3>Uma ilumina\u00e7\u00e3o de cinema<\/h3>\n<figure style=\"width: 1024px\" class=\"wp-caption aligncenter\"><img decoding=\"async\" src=\"https:\/\/www.aarquiteta.com.br\/blog\/wp-content\/uploads\/2024\/09\/sala-de-tv03.jpg\" alt=\"Decora\u00e7\u00e3o de Sala de TV: Dicas para Criar um Ambiente Aconchegante\" width=\"1024\" height=\"1024\" title=\"\"><figcaption class=\"wp-caption-text\">Decora\u00e7\u00e3o de Sala de TV: Dicas para Criar um Ambiente Aconchegante<\/figcaption><\/figure>\n<p>O tipo de ilumina\u00e7\u00e3o muda tudo! Aposte em luzes indiretas que criam uma atmosfera envolvente. Uma lumin\u00e1ria de p\u00e9 ou arandelas podem ser a solu\u00e7\u00e3o para esse ambiente. <b>Bom humor e conforto se encontram na luz.<\/b><\/p>\n<h2>Decora\u00e7\u00e3o que reflete sua personalidade<\/h2>\n<h3>Quadros e arte<\/h3>\n<figure style=\"width: 1024px\" class=\"wp-caption aligncenter\"><img decoding=\"async\" src=\"https:\/\/www.aarquiteta.com.br\/blog\/wp-content\/uploads\/2024\/09\/sala-de-tv-3.png\" alt=\"Imagem de uma sala de TV com m\u00f3veis minimalistas e toques de cor.\" title=\"\"><figcaption class=\"wp-caption-text\">Imagem de uma sala de TV com m\u00f3veis minimalistas e toques de cor.<\/figcaption><\/figure>\n<p>A sala \u00e9 o seu cart\u00e3o de visitas! Use quadros com fotos ou artes que voc\u00ea ama. Eles trazem um <b>poder emocional<\/b> ao espa\u00e7o, tornando-o \u00fanico e especial. Lembre-se de que a arte fala sobre quem voc\u00ea \u00e9.<\/p>\n<h3>Verde que te quero verde: Plantas como amigas<\/h3>\n<figure style=\"width: 1024px\" class=\"wp-caption aligncenter\"><img decoding=\"async\" src=\"https:\/\/www.aarquiteta.com.br\/blog\/wp-content\/uploads\/2024\/09\/sala-de-tv4.jpg\" alt=\"Decora\u00e7\u00e3o de Sala de TV: Dicas para Criar um Ambiente Aconchegante\" width=\"1024\" height=\"1024\" title=\"\"><figcaption class=\"wp-caption-text\">Decora\u00e7\u00e3o de Sala de TV: Dicas para Criar um Ambiente Aconchegante<\/figcaption><\/figure>\n<p>Adicionar plantas \u00e0 decora\u00e7\u00e3o \u00e9 uma jogada sensacional. Elas d\u00e3o vida e frescor ao ambiente. Que tal umas suculentas ou uma samambaia? Al\u00e9m de enfeitar, elas ajudam a purificar o ar! Plantas bem escolhidas fazem a diferen\u00e7a, viu?<\/p>\n<h2>Conclus\u00e3o<\/h2>\n<p>Com as dicas que passei, voc\u00ea n\u00e3o s\u00f3 vai ter uma sala de TV funcional, mas tamb\u00e9m aconchegante e cheia de <b>estilo<\/b>. Lembre-se de que a m\u00e1gica est\u00e1 nos detalhes e na escolha dos m\u00f3veis. Na hora de relaxar, um espa\u00e7o bem elaborado transforma a rotina em puro prazer!<\/p>\n<p><\/body><br \/>\n<figure style=\"width: 1024px\" class=\"wp-caption aligncenter\"><img decoding=\"async\" src=\"https:\/\/www.aarquiteta.com.br\/blog\/wp-content\/uploads\/2024\/09\/sala-de-tv-5.jpg\" alt=\"Imagem de uma sala de TV pequena, por\u00e9m aconchegante.\" title=\"\"><figcaption class=\"wp-caption-text\">Imagem de uma sala de TV pequena, por\u00e9m aconchegante.<\/figcaption><\/figure>\n<h3>Para se aprofundar mais sobre o tema, veja a minha recomenda\u00e7\u00e3o sobre o tema deste artigo no v\u00eddeo a seguir abaixo:<\/h3>\n<p><iframe title=\"YouTube video player\" src=\"https:\/\/www.youtube.com\/embed\/35lFb4uGUcw\" width=\"560\" height=\"315\" frameborder=\"0\" allowfullscreen=\"allowfullscreen\"><\/iframe><\/p>\n<figure style=\"width: 1024px\" class=\"wp-caption aligncenter\"><img decoding=\"async\" src=\"https:\/\/www.aarquiteta.com.br\/blog\/wp-content\/uploads\/2024\/09\/sala-de-tv-6-960x1200.jpg\" alt=\"Imagem de uma sala de TV decorada com plantas e elementos naturais.\" title=\"\"><figcaption class=\"wp-caption-text\">Imagem de uma sala de TV decorada com plantas e elementos naturais.<\/figcaption><\/figure>\n<figure style=\"width: 1024px\" class=\"wp-caption aligncenter\"><img decoding=\"async\" src=\"https:\/\/www.aarquiteta.com.br\/blog\/wp-content\/uploads\/2024\/09\/sala-de-tv-7.jpg\" alt=\"Imagem de uma sala com m\u00f3veis de madeira e um toque r\u00fastico.\" title=\"\"><figcaption class=\"wp-caption-text\">Imagem de uma sala com m\u00f3veis de madeira e um toque r\u00fastico.<\/figcaption><\/figure>\n","protected":false},"excerpt":{"rendered":"<p>Descubra como montar e decorar sua sala de TV para torn\u00e1-la um espa\u00e7o aconchegante e ideal para momentos de relaxamento.<\/p>\n","protected":false},"author":102,"featured_media":127924,"comment_status":"closed","ping_status":"closed","sticky":false,"template":"","format":"standard","meta":{"footnotes":""},"categories":[1484],"tags":[],"class_list":["post-127932","post","type-post","status-publish","format-standard","has-post-thumbnail","category-decoracao"],"_wp_attached_file":null,"_wp_attachment_metadata":null,"_wp_attachment_context":null,"_wp_attachment_is_custom_header":null,"geo_longitude":null,"geo_public":null,"geo_latitude":null,"_publicize_done_external":null,"_wpas_done_3897181":null,"publicize_twitter_user":null,"_wpas_done_3897175":null,"_wpas_skip_3897181":null,"_wpas_skip_3897175":null,"_wpas_skip_3924723":null,"_wpas_mess":null,"_wpas_done_3924723":null,"wps_subtitle":"","_links":{"self":[{"href":"https:\/\/www.aarquiteta.com.br\/blog\/wp-json\/wp\/v2\/posts\/127932","targetHints":{"allow":["GET"]}}],"collection":[{"href":"https:\/\/www.aarquiteta.com.br\/blog\/wp-json\/wp\/v2\/posts"}],"about":[{"href":"https:\/\/www.aarquiteta.com.br\/blog\/wp-json\/wp\/v2\/types\/post"}],"author":[{"embeddable":true,"href":"https:\/\/www.aarquiteta.com.br\/blog\/wp-json\/wp\/v2\/users\/102"}],"replies":[{"embeddable":true,"href":"https:\/\/www.aarquiteta.com.br\/blog\/wp-json\/wp\/v2\/comments?post=127932"}],"version-history":[{"count":0,"href":"https:\/\/www.aarquiteta.com.br\/blog\/wp-json\/wp\/v2\/posts\/127932\/revisions"}],"wp:featuredmedia":[{"embeddable":true,"href":"https:\/\/www.aarquiteta.com.br\/blog\/wp-json\/wp\/v2\/media\/127924"}],"wp:attachment":[{"href":"https:\/\/www.aarquiteta.com.br\/blog\/wp-json\/wp\/v2\/media?parent=127932"}],"wp:term":[{"taxonomy":"category","embeddable":true,"href":"https:\/\/www.aarquiteta.com.br\/blog\/wp-json\/wp\/v2\/categories?post=127932"},{"taxonomy":"post_tag","embeddable":true,"href":"https:\/\/www.aarquiteta.com.br\/blog\/wp-json\/wp\/v2\/tags?post=127932"}],"curies":[{"name":"wp","href":"https:\/\/api.w.org\/{rel}","templated":true}]}}