{"id":127709,"date":"2024-09-05T12:00:42","date_gmt":"2024-09-05T15:00:42","guid":{"rendered":"https:\/\/www.aarquiteta.com.br\/blog\/retro-coracao-imagens-decoracao-especial\/"},"modified":"2024-09-05T12:00:42","modified_gmt":"2024-09-05T15:00:42","slug":"retro-coracao-imagens-decoracao-especial","status":"publish","type":"post","link":"https:\/\/www.aarquiteta.com.br\/blog\/retro-coracao-imagens-decoracao-especial\/","title":{"rendered":"5 maneiras criativas de usar \u00edm\u00e3s com fotos na decora\u00e7\u00e3o."},"content":{"rendered":"<p>Os \u00edm\u00e3s com fotos s\u00e3o uma maneira criativa e especial de personalizar a decora\u00e7\u00e3o da casa, trazendo mem\u00f3rias e estilo para o dia a dia. Eles n\u00e3o apenas embelezam o ambiente, mas tamb\u00e9m se tornam presentes \u00fanicos e significativos.<\/p>\n<h2>Possibilidade d\u00e1 um toque diferente (e especial) e \u00e9 op\u00e7\u00e3o de presente<\/h2>\n<h3>Um toque pessoal na decora\u00e7\u00e3o<\/h3>\n<p>Quando se fala em decora\u00e7\u00e3o, <b>cada detalhe conta<\/b>. Os \u00edm\u00e3s com fotos s\u00e3o uma forma de dar um toque pessoal e \u00fanico ao lar. Imagine abrir a geladeira e ser recebido por sorrisos de amigos e familiares, capturados em momentos especiais. Esses \u00edm\u00e3s n\u00e3o s\u00e3o apenas objetos decorativos; eles s\u00e3o <b>portadores de mem\u00f3rias<\/b> que aquecem o cora\u00e7\u00e3o e trazem um sorriso ao rosto. Al\u00e9m disso, s\u00e3o uma excelente op\u00e7\u00e3o de presente, pois mostram cuidado e aten\u00e7\u00e3o ao escolher algo que realmente representa a pessoa presenteada.<\/p>\n<h3>Variedade de op\u00e7\u00f5es para todos os gostos<\/h3>\n<figure style=\"width: 1024px\" class=\"wp-caption aligncenter\"><img decoding=\"async\" src=\"https:\/\/www.aarquiteta.com.br\/blog\/wp-content\/uploads\/2024\/09\/ima-retro.jpg\" alt=\"5 maneiras criativas de usar \u00edm\u00e3s com fotos na decora\u00e7\u00e3o.\" width=\"1024\" height=\"1024\" title=\"\"><figcaption class=\"wp-caption-text\">Source: <a href=\"https:\/\/ndmais.com.br\/arquitetura-e-decoracao\/retro-coracao-imas-com-fotos-tornam-a-decoracao-especial\/\" target=\"_blank\" rel=\"noopener\">NDMAIS<\/a><\/figcaption><\/figure>\n<p>Os \u00edm\u00e3s v\u00eam em diversas formas e tamanhos, permitindo que cada um encontre a op\u00e7\u00e3o que mais lhe agrada. O <b>\u00cdm\u00e3 Retr\u00f4<\/b>, por exemplo, \u00e9 um pacote com 12 fotos, cada uma medindo 7x9cm, com um acabamento que brilha e um revestimento flex\u00edvel. Para quem prefere algo mais compacto, o <b>\u00cdm\u00e3 Quadrado<\/b> oferece um kit com quatro fotos de 10x10cm. E para os rom\u00e2nticos de plant\u00e3o, o <b>\u00cdm\u00e3 Cora\u00e7\u00e3o<\/b> traz nove \u00edm\u00e3s em formato de cora\u00e7\u00e3o, cada um com 7x7cm. Essas op\u00e7\u00f5es n\u00e3o s\u00f3 embelezam a geladeira, mas tamb\u00e9m permitem que cada um expresse sua personalidade e estilo.<\/p>\n<h3>Calend\u00e1rio \u00edm\u00e3: funcionalidade e estilo<\/h3>\n<p>Outra ideia criativa \u00e9 o <b>Calend\u00e1rio \u00cdm\u00e3<\/b>, que n\u00e3o s\u00f3 serve como um lembrete das datas importantes, mas tamb\u00e9m se torna uma pe\u00e7a decorativa. Impresso em papel de alta qualidade e com um revestimento que brilha, ele \u00e9 uma forma pr\u00e1tica de manter a organiza\u00e7\u00e3o em casa. Ao fixar o calend\u00e1rio na geladeira, a pessoa pode planejar sua rotina de forma estilosa, sem perder a est\u00e9tica do ambiente. \u00c9 uma maneira de unir o \u00fatil ao agrad\u00e1vel, trazendo funcionalidade e beleza para o dia a dia.<\/p>\n<h2>Mais conte\u00fados<\/h2>\n<h3>Presentes que encantam<\/h3>\n<h3>Assista agora a minha recomenda\u00e7\u00e3o de video abaixo sobre o tema que estamos tratando neste artigo: <\/h3>\n<p><iframe title=\"YouTube video player\" src=\"\" width=\"560\" height=\"315\" frameborder=\"0\" allowfullscreen=\"allowfullscreen\"><\/iframe><\/p>\n<p>Al\u00e9m dos \u00edm\u00e3s, o mercado oferece uma infinidade de op\u00e7\u00f5es de presentes que podem encantar qualquer um. Desde <b>conjuntos de panelas<\/b> a rob\u00f4s aspiradores de p\u00f3, as op\u00e7\u00f5es s\u00e3o variadas e acess\u00edveis. Um presente bem escolhido pode fazer toda a diferen\u00e7a, mostrando que a pessoa se importa e deseja proporcionar momentos especiais.<\/p>\n<h3>Renovando a cozinha com estilo<\/h3>\n<p>A cozinha \u00e9 um dos lugares mais importantes da casa, e renov\u00e1-la pode ser uma tarefa divertida. Com um <b>conjunto de panelas<\/b> em promo\u00e7\u00e3o, \u00e9 poss\u00edvel dar uma repaginada no espa\u00e7o sem gastar muito. Panelas novas n\u00e3o s\u00f3 facilitam o preparo das refei\u00e7\u00f5es, mas tamb\u00e9m trazem um ar de novidade e frescor ao ambiente. E quem n\u00e3o gosta de cozinhar em um lugar bonito e bem organizado?<\/p>\n<h3>Conforto e praticidade no home office<\/h3>\n<p>Com o aumento do trabalho remoto, ter um espa\u00e7o confort\u00e1vel e funcional em casa se tornou essencial. Uma <b>cadeira de escrit\u00f3rio<\/b> em promo\u00e7\u00e3o pode ser a solu\u00e7\u00e3o perfeita para quem busca conforto durante longas horas de trabalho. Al\u00e9m disso, uma escrivaninha elegante pode transformar o home office em um espa\u00e7o inspirador, onde a criatividade flui e as ideias ganham vida.<\/p>\n<h3>\u00c1gua purificada e geladinha<\/h3>\n<p>Manter-se hidratado \u00e9 fundamental, e um <b>purificador de \u00e1gua<\/b> pode ser um grande aliado nesse processo. Com a possibilidade de ter \u00e1gua filtrada e geladinha a qualquer hora, a pessoa se sente mais disposta e saud\u00e1vel. \u00c9 um investimento que traz benef\u00edcios diretos para o bem-estar e a qualidade de vida.<\/p>\n<h3>Conforto no banho<\/h3>\n<p>Por fim, um <b>chuveiro em promo\u00e7\u00e3o<\/b> pode transformar a experi\u00eancia do banho em um momento de relaxamento e prazer. Um bom chuveiro n\u00e3o s\u00f3 proporciona conforto, mas tamb\u00e9m ajuda a aliviar o estresse do dia a dia. Afinal, quem n\u00e3o gosta de um banho quente e revigorante ap\u00f3s um longo dia de trabalho?<\/p>\n<h2>Conclus\u00e3o<\/h2>\n<p>Os \u00edm\u00e3s com fotos s\u00e3o uma forma criativa e especial de personalizar a decora\u00e7\u00e3o da casa, trazendo mem\u00f3rias e estilo para o dia a dia. Com uma variedade de op\u00e7\u00f5es dispon\u00edveis, \u00e9 poss\u00edvel encontrar algo que se encaixe perfeitamente no gosto de cada um. Al\u00e9m disso, presentes como conjuntos de panelas, rob\u00f4s aspiradores e purificadores de \u00e1gua s\u00e3o \u00f3timas maneiras de encantar e proporcionar momentos especiais. Ao investir em itens que trazem conforto e praticidade, a pessoa n\u00e3o s\u00f3 melhora seu espa\u00e7o, mas tamb\u00e9m sua qualidade de vida.<\/p>\n<p>Portanto, ao escolher como decorar ou presentear, \u00e9 sempre bom lembrar que <b>cada detalhe conta<\/b> e pode fazer toda a diferen\u00e7a na vida de algu\u00e9m.<\/p>\n","protected":false},"excerpt":{"rendered":"<p>Os \u00edm\u00e3s com fotos s\u00e3o uma maneira criativa e especial de personalizar a decora\u00e7\u00e3o da casa, trazendo mem\u00f3rias e estilo para o dia a dia. Eles n\u00e3o apenas embelezam o ambiente, mas tamb\u00e9m se tornam presentes \u00fanicos e significativos. Possibilidade d\u00e1 um toque diferente (e especial) e \u00e9 op\u00e7\u00e3o de presente Um toque pessoal na [&hellip;]<\/p>\n","protected":false},"author":102,"featured_media":127708,"comment_status":"closed","ping_status":"closed","sticky":false,"template":"","format":"standard","meta":{"footnotes":""},"categories":[249,19127],"tags":[],"class_list":["post-127709","post","type-post","status-publish","format-standard","has-post-thumbnail","category-engenharia-e-construcao-civil","category-reforma-e-manutencao"],"_wp_attached_file":null,"_wp_attachment_metadata":null,"_wp_attachment_context":null,"_wp_attachment_is_custom_header":null,"geo_longitude":null,"geo_public":null,"geo_latitude":null,"_publicize_done_external":null,"_wpas_done_3897181":null,"publicize_twitter_user":null,"_wpas_done_3897175":null,"_wpas_skip_3897181":null,"_wpas_skip_3897175":null,"_wpas_skip_3924723":null,"_wpas_mess":null,"_wpas_done_3924723":null,"wps_subtitle":"","_links":{"self":[{"href":"https:\/\/www.aarquiteta.com.br\/blog\/wp-json\/wp\/v2\/posts\/127709","targetHints":{"allow":["GET"]}}],"collection":[{"href":"https:\/\/www.aarquiteta.com.br\/blog\/wp-json\/wp\/v2\/posts"}],"about":[{"href":"https:\/\/www.aarquiteta.com.br\/blog\/wp-json\/wp\/v2\/types\/post"}],"author":[{"embeddable":true,"href":"https:\/\/www.aarquiteta.com.br\/blog\/wp-json\/wp\/v2\/users\/102"}],"replies":[{"embeddable":true,"href":"https:\/\/www.aarquiteta.com.br\/blog\/wp-json\/wp\/v2\/comments?post=127709"}],"version-history":[{"count":0,"href":"https:\/\/www.aarquiteta.com.br\/blog\/wp-json\/wp\/v2\/posts\/127709\/revisions"}],"wp:featuredmedia":[{"embeddable":true,"href":"https:\/\/www.aarquiteta.com.br\/blog\/wp-json\/wp\/v2\/media\/127708"}],"wp:attachment":[{"href":"https:\/\/www.aarquiteta.com.br\/blog\/wp-json\/wp\/v2\/media?parent=127709"}],"wp:term":[{"taxonomy":"category","embeddable":true,"href":"https:\/\/www.aarquiteta.com.br\/blog\/wp-json\/wp\/v2\/categories?post=127709"},{"taxonomy":"post_tag","embeddable":true,"href":"https:\/\/www.aarquiteta.com.br\/blog\/wp-json\/wp\/v2\/tags?post=127709"}],"curies":[{"name":"wp","href":"https:\/\/api.w.org\/{rel}","templated":true}]}}