{"id":127404,"date":"2024-09-05T07:55:26","date_gmt":"2024-09-05T10:55:26","guid":{"rendered":"https:\/\/www.aarquiteta.com.br\/blog\/decorar-com-suculentas-na-primavera\/"},"modified":"2024-09-05T07:55:26","modified_gmt":"2024-09-05T10:55:26","slug":"decorar-com-suculentas-na-primavera","status":"publish","type":"post","link":"https:\/\/www.aarquiteta.com.br\/blog\/decorar-com-suculentas-na-primavera\/","title":{"rendered":"Decore com Suculentas na Primavera: Ideias de Arranjos para Setembro"},"content":{"rendered":"<p>Descubra como decorar sua casa com suculentas nesta primavera! Neste artigo, apresentamos ideias criativas de arranjos para setembro que v\u00e3o trazer frescor e beleza ao seu ambiente.<\/p>\n<h2>Destaques principais<\/h2>\n<ul>\n<li><b>Escolha das suculentas:<\/b> Entenda por que as suculentas s\u00e3o ideais para a primavera e como elas podem transformar seu espa\u00e7o.<\/li>\n<li><b>Cuidados essenciais:<\/b> Aprenda dicas pr\u00e1ticas para manter suas suculentas saud\u00e1veis e vibrantes durante a esta\u00e7\u00e3o.<\/li>\n<li><b>Arranjos criativos:<\/b> Descubra ideias inovadoras para arranjos que v\u00e3o encantar e dar vida ao seu lar.<\/li>\n<\/ul>\n<h2>1. Por que escolher suculentas para a primavera?<\/h2>\n<p>As <b>suculentas<\/b> s\u00e3o plantas perfeitas para a primavera, pois elas n\u00e3o apenas adicionam um toque de frescor ao ambiente, mas tamb\u00e9m s\u00e3o de f\u00e1cil manuten\u00e7\u00e3o. Com suas diversas formas e cores, elas se adaptam a qualquer estilo de decora\u00e7\u00e3o, tornando-se uma escolha popular entre os amantes de plantas. Al\u00e9m disso, sua resist\u00eancia \u00e0 seca as torna ideais para quem tem uma rotina agitada.<\/p>\n<h2>2. Tipos de suculentas ideais para arranjos<\/h2>\n<p>Existem v\u00e1rias esp\u00e9cies de suculentas que podem ser utilizadas em arranjos. Vamos explorar algumas delas:<\/p>\n<h3>2.1 Suculentas de folhas largas<\/h3>\n<figure style=\"width: 1024px\" class=\"wp-caption aligncenter\"><img decoding=\"async\" src=\"https:\/\/www.aarquiteta.com.br\/blog\/wp-content\/uploads\/2024\/09\/decorar-com-suculentas-na-primavera04.jpg\" alt=\"Decore com Suculentas na Primavera: Ideias de Arranjos para Setembro\" width=\"1024\" height=\"1024\" title=\"\"><figcaption class=\"wp-caption-text\">Decore com Suculentas na Primavera: Ideias de Arranjos para Setembro<\/figcaption><\/figure>\n<p>As suculentas de folhas largas, como a <b>Jade<\/b> e a <b>\u00c1rvore da Amizade<\/b>, s\u00e3o \u00f3timas para criar arranjos impactantes. Elas t\u00eam um visual robusto e podem ser o ponto focal de qualquer decora\u00e7\u00e3o.<\/p>\n<h3>2.2 Suculentas de folhas finas<\/h3>\n<figure style=\"width: 1024px\" class=\"wp-caption aligncenter\"><img decoding=\"async\" src=\"https:\/\/www.aarquiteta.com.br\/blog\/wp-content\/uploads\/2024\/09\/decorar-com-suculentas-na-primavera03.jpg\" alt=\"Decore com Suculentas na Primavera: Ideias de Arranjos para Setembro\" width=\"1024\" height=\"1024\" title=\"\"><figcaption class=\"wp-caption-text\">Decore com Suculentas na Primavera: Ideias de Arranjos para Setembro<\/figcaption><\/figure>\n<p>Por outro lado, as suculentas de folhas finas, como a <b>Haworthia<\/b> e a <b>Echeveria<\/b>, trazem delicadeza e eleg\u00e2ncia aos arranjos. Elas s\u00e3o perfeitas para compor conjuntos mais sutis e sofisticados.<\/p>\n<h2>3. Dicas para cuidar das suculentas na primavera<\/h2>\n<p>Cuidar de suculentas \u00e9 mais f\u00e1cil do que parece, mas algumas dicas podem ajudar a garantir que elas prosperem.<\/p>\n<h3>3.1 Rega adequada<\/h3>\n<figure style=\"width: 1024px\" class=\"wp-caption aligncenter\"><img decoding=\"async\" src=\"https:\/\/www.aarquiteta.com.br\/blog\/wp-content\/uploads\/2024\/09\/decorar-com-suculentas-na-primavera02.jpg\" alt=\"Decore com Suculentas na Primavera: Ideias de Arranjos para Setembro\" width=\"1024\" height=\"1024\" title=\"\"><figcaption class=\"wp-caption-text\">Decore com Suculentas na Primavera: Ideias de Arranjos para Setembro<\/figcaption><\/figure>\n<p>A <b>rega<\/b> \u00e9 um dos aspectos mais importantes. Durante a primavera, as suculentas precisam de \u00e1gua, mas \u00e9 fundamental n\u00e3o exagerar. O ideal \u00e9 regar quando o solo estiver completamente seco.<\/p>\n<h3>3.2 Exposi\u00e7\u00e3o ao sol<\/h3>\n<figure style=\"width: 1024px\" class=\"wp-caption aligncenter\"><img decoding=\"async\" src=\"https:\/\/www.aarquiteta.com.br\/blog\/wp-content\/uploads\/2024\/09\/decorar-com-suculentas-na-primavera01.jpg\" alt=\"Decore com Suculentas na Primavera: Ideias de Arranjos para Setembro\" width=\"1024\" height=\"1024\" title=\"\"><figcaption class=\"wp-caption-text\">Decore com Suculentas na Primavera: Ideias de Arranjos para Setembro<\/figcaption><\/figure>\n<p>As suculentas adoram o sol! Coloc\u00e1-las em um local onde recebam luz indireta \u00e9 a melhor op\u00e7\u00e3o. Um peitoril de janela \u00e9 um \u00f3timo lugar para elas.<\/p>\n<h2>4. Ideias de arranjos com suculentas<\/h2>\n<p>Agora que voc\u00ea j\u00e1 sabe quais suculentas escolher e como cuidar delas, vamos \u00e0s ideias de arranjos!<\/p>\n<h3>4.1 Arranjos em vasos<\/h3>\n<p>Os <b>vasos<\/b> s\u00e3o uma maneira cl\u00e1ssica de exibir suculentas. Experimente misturar diferentes tipos e tamanhos em um \u00fanico vaso para criar um visual din\u00e2mico.<\/p>\n<h3>4.2 Terr\u00e1rios criativos<\/h3>\n<h3>Assista agora a minha recomenda\u00e7\u00e3o de video abaixo sobre o tema que estamos tratando neste artigo: <\/h3>\n<p><div class=\"youtube-embed\" data-video_id=\"Qs9A6C3zjgI\"><iframe title=\"Arranjos de cactos e suculentas para te inspirar #succulents #suculentas\" width=\"696\" height=\"392\" src=\"https:\/\/www.youtube.com\/embed\/Qs9A6C3zjgI?feature=oembed&#038;enablejsapi=1\" frameborder=\"0\" allow=\"accelerometer; autoplay; clipboard-write; encrypted-media; gyroscope; picture-in-picture; web-share\" referrerpolicy=\"strict-origin-when-cross-origin\" allowfullscreen><\/iframe><\/div>\n<\/p>\n<p>Os <b>terr\u00e1rios<\/b> s\u00e3o uma tend\u00eancia que n\u00e3o sai de moda. Eles permitem que voc\u00ea crie um pequeno ecossistema dentro de um recipiente de vidro, combinando suculentas com pedras e musgos.<\/p>\n<h2>5. Como combinar suculentas com outras plantas<\/h2>\n<p>Combinar suculentas com outras plantas pode resultar em arranjos ainda mais interessantes. Plantas como <b>cactos<\/b> e <b>ervas arom\u00e1ticas<\/b> podem complementar suas suculentas, criando um visual harmonioso e diversificado.<\/p>\n<h2>6. Onde comprar suculentas para decora\u00e7\u00e3o<\/h2>\n<p>Voc\u00ea pode encontrar suculentas em <b>viveiros<\/b>, lojas de jardinagem e at\u00e9 mesmo em feiras de plantas. Al\u00e9m disso, muitas lojas online oferecem uma variedade incr\u00edvel de suculentas, facilitando a compra.<\/p>\n<h2>Conclus\u00e3o<\/h2>\n<p>Decorar sua casa com suculentas nesta primavera \u00e9 uma maneira simples e eficaz de trazer vida e frescor ao seu espa\u00e7o. Com as dicas e ideias apresentadas, voc\u00ea est\u00e1 pronto para criar arranjos incr\u00edveis que v\u00e3o encantar a todos. Lembre-se de cuidar bem das suas plantas e aproveite a beleza que elas trazem para o seu lar!<\/p>\n","protected":false},"excerpt":{"rendered":"<p>Explore ideias de arranjos com suculentas para decorar seu jardim na primavera. Setembro \u00e9 o momento perfeito para come\u00e7ar!<\/p>\n","protected":false},"author":102,"featured_media":127401,"comment_status":"closed","ping_status":"closed","sticky":false,"template":"","format":"standard","meta":{"footnotes":""},"categories":[9612,18792,18794],"tags":[],"class_list":["post-127404","post","type-post","status-publish","format-standard","has-post-thumbnail","category-jardinagem","category-decoracao-de-apartamento","category-projetos-de-decoracao-de-casas"],"_wp_attached_file":null,"_wp_attachment_metadata":null,"_wp_attachment_context":null,"_wp_attachment_is_custom_header":null,"geo_longitude":null,"geo_public":null,"geo_latitude":null,"_publicize_done_external":null,"_wpas_done_3897181":null,"publicize_twitter_user":null,"_wpas_done_3897175":null,"_wpas_skip_3897181":null,"_wpas_skip_3897175":null,"_wpas_skip_3924723":null,"_wpas_mess":null,"_wpas_done_3924723":null,"wps_subtitle":"","_links":{"self":[{"href":"https:\/\/www.aarquiteta.com.br\/blog\/wp-json\/wp\/v2\/posts\/127404","targetHints":{"allow":["GET"]}}],"collection":[{"href":"https:\/\/www.aarquiteta.com.br\/blog\/wp-json\/wp\/v2\/posts"}],"about":[{"href":"https:\/\/www.aarquiteta.com.br\/blog\/wp-json\/wp\/v2\/types\/post"}],"author":[{"embeddable":true,"href":"https:\/\/www.aarquiteta.com.br\/blog\/wp-json\/wp\/v2\/users\/102"}],"replies":[{"embeddable":true,"href":"https:\/\/www.aarquiteta.com.br\/blog\/wp-json\/wp\/v2\/comments?post=127404"}],"version-history":[{"count":0,"href":"https:\/\/www.aarquiteta.com.br\/blog\/wp-json\/wp\/v2\/posts\/127404\/revisions"}],"wp:featuredmedia":[{"embeddable":true,"href":"https:\/\/www.aarquiteta.com.br\/blog\/wp-json\/wp\/v2\/media\/127401"}],"wp:attachment":[{"href":"https:\/\/www.aarquiteta.com.br\/blog\/wp-json\/wp\/v2\/media?parent=127404"}],"wp:term":[{"taxonomy":"category","embeddable":true,"href":"https:\/\/www.aarquiteta.com.br\/blog\/wp-json\/wp\/v2\/categories?post=127404"},{"taxonomy":"post_tag","embeddable":true,"href":"https:\/\/www.aarquiteta.com.br\/blog\/wp-json\/wp\/v2\/tags?post=127404"}],"curies":[{"name":"wp","href":"https:\/\/api.w.org\/{rel}","templated":true}]}}