{"id":126942,"date":"2024-09-04T06:11:54","date_gmt":"2024-09-04T09:11:54","guid":{"rendered":"https:\/\/www.aarquiteta.com.br\/blog\/c3d-arquitetura-inicia-construcao-de-arranha-ceu-em-manhattan\/"},"modified":"2024-09-04T06:11:54","modified_gmt":"2024-09-04T09:11:54","slug":"c3d-arquitetura-inicia-construcao-de-arranha-ceu-em-manhattan","status":"publish","type":"post","link":"https:\/\/www.aarquiteta.com.br\/blog\/c3d-arquitetura-inicia-construcao-de-arranha-ceu-em-manhattan\/","title":{"rendered":"C3D Architecture inicia constru\u00e7\u00e3o de impressionante arranha-c\u00e9u em Manhattan."},"content":{"rendered":"<p>Um novo arranha-c\u00e9u em Midtown Manhattan, projetado pela C3D Architecture, come\u00e7ou a ser constru\u00eddo e promete transformar o horizonte da cidade com sua fachada bulbosa e inovadora.<\/p>\n<h2>Pontos principais do artigo:<\/h2>\n<ul>\n<li><b>Localiza\u00e7\u00e3o estrat\u00e9gica:<\/b> O arranha-c\u00e9u est\u00e1 situado entre o Empire State Building e o Bryant Park.<\/li>\n<li><b>Design arrojado:<\/b> A estrutura contar\u00e1 com uma fachada de concreto moldado e um efeito visual marcante.<\/li>\n<li><b>Espa\u00e7os vers\u00e1teis:<\/b> O edif\u00edcio ter\u00e1 \u00e1reas residenciais e comerciais, al\u00e9m de amenidades como piscina e lounge.<\/li>\n<li><b>Conclu\u00eddo em 2026:<\/b> O projeto \u00e9 desenvolvido pela Sioni Group e deve ser finalizado em tr\u00eas anos.<\/li>\n<li><b>Foco na sustentabilidade:<\/b> An\u00e1lises de vento foram realizadas para otimizar o design e a funcionalidade do edif\u00edcio.<\/li>\n<li><b>Inova\u00e7\u00e3o em arquitetura:<\/b> A C3D Architecture \u00e9 conhecida por seus projetos de interiores e arquitetura de alto padr\u00e3o.<\/li>\n<\/ul>\n<h2>Um novo marco em Manhattan<\/h2>\n<p>O novo arranha-c\u00e9u, que est\u00e1 tomando forma em Midtown Manhattan, \u00e9 um verdadeiro <b>testemunho da inova\u00e7\u00e3o arquitet\u00f4nica<\/b>. Com 73 andares e uma altura impressionante de 240 metros, o edif\u00edcio promete n\u00e3o apenas ser um espa\u00e7o funcional, mas tamb\u00e9m um \u00edcone visual. Localizado entre o famoso Empire State Building e o vibrante Bryant Park, o projeto da C3D Architecture \u00e9 uma adi\u00e7\u00e3o que certamente chamar\u00e1 a aten\u00e7\u00e3o de todos que passarem pela \u00e1rea.<\/p>\n<h3>Fachada e design inovador<\/h3>\n<figure style=\"width: 1024px\" class=\"wp-caption aligncenter\"><img decoding=\"async\" src=\"https:\/\/www.aarquiteta.com.br\/blog\/wp-content\/uploads\/2024\/09\/989-6-avenue-new-york-c3d-architecure_dezeen_2364_hero-1200x675.jpg\" alt=\"C3D Architecture inicia constru\u00e7\u00e3o de impressionante arranha-c\u00e9u em Manhattan.\" width=\"1024\" height=\"1024\" title=\"\"><figcaption class=\"wp-caption-text\">Source: <a href=\"https:\/\/www.dezeen.com\/2024\/08\/29\/3d-architecture-manhattan-skyscraper-breaks-ground\/\" target=\"_blank\" rel=\"noopener\"><\/a><\/figcaption><\/figure>\n<p>A fachada do edif\u00edcio \u00e9 um espet\u00e1culo \u00e0 parte. Com um design bulboso, a estrutura foi pensada para criar um <b>efeito visual marcante<\/b> que se destaca no horizonte da cidade. O uso de concreto moldado, combinado com pain\u00e9is de vidro e metal, resulta em uma est\u00e9tica moderna e atraente. As varandas curvas que adornam o canto nordeste do edif\u00edcio n\u00e3o apenas embelezam a estrutura, mas tamb\u00e9m oferecem vistas panor\u00e2micas deslumbrantes do skyline de Manhattan.<\/p>\n<h3>Espa\u00e7os multifuncionais<\/h3>\n<p>O arranha-c\u00e9u n\u00e3o \u00e9 apenas uma obra de arte; ele tamb\u00e9m foi projetado para ser um espa\u00e7o funcional. O <b>podium do edif\u00edcio<\/b> abrigar\u00e1 uma variedade de amenidades, incluindo uma piscina, um lounge e at\u00e9 mesmo um espa\u00e7o de co-working. Al\u00e9m disso, os andares superiores contar\u00e3o com 311 unidades residenciais, que variam entre alugu\u00e9is e condom\u00ednios de alto padr\u00e3o. Os terra\u00e7os abertos nos andares 23, 58 e 70 ser\u00e3o perfeitos para eventos, proporcionando um espa\u00e7o ao ar livre em meio \u00e0 agita\u00e7\u00e3o da cidade.<\/p>\n<h3>Ilumina\u00e7\u00e3o e sustentabilidade<\/h3>\n<figure style=\"width: 1024px\" class=\"wp-caption aligncenter\"><img decoding=\"async\" src=\"https:\/\/www.aarquiteta.com.br\/blog\/wp-content\/uploads\/2024\/09\/989-6-avenue-new-york-c3d-architecure_dezeen_2364_col_5-852x1704-600x1200.jpg\" alt=\"Renderiza\u00e7\u00e3o do pr\u00e9dio, mostrando uma torre esbelta com fachadas de vidro.\" width=\"1024\" height=\"1024\" title=\"\"><figcaption class=\"wp-caption-text\">Renderiza\u00e7\u00e3o do pr\u00e9dio, mostrando uma torre esbelta com fachadas de vidro.<\/figcaption><\/figure>\n<p>A ilumina\u00e7\u00e3o externa do edif\u00edcio foi cuidadosamente planejada para <b>enfatizar a verticalidade<\/b> da estrutura. As tiras de ilumina\u00e7\u00e3o vertical n\u00e3o apenas destacam a fachada, mas tamb\u00e9m criam uma sensa\u00e7\u00e3o de expans\u00e3o, fazendo com que o edif\u00edcio pare\u00e7a ainda mais imponente \u00e0 noite. Al\u00e9m disso, a C3D Architecture realizou uma an\u00e1lise de vento para garantir que o design do edif\u00edcio n\u00e3o apenas seja esteticamente agrad\u00e1vel, mas tamb\u00e9m funcional e seguro, suavizando os cantos duros com varandas que proporcionam conforto aos moradores.<\/p>\n<h3>Desenvolvimento e cronograma<\/h3>\n<figure style=\"width: 1024px\" class=\"wp-caption aligncenter\"><img decoding=\"async\" src=\"https:\/\/www.aarquiteta.com.br\/blog\/wp-content\/uploads\/2024\/09\/989-6-avenue-new-york-c3d-architecure_dezeen_2364_col_11-852x1065.jpg\" alt=\"O p\u00f3dio do edif\u00edcio, que possui volumes cil\u00edndricos agrupados e assim\u00e9tricos.\" width=\"1024\" height=\"1024\" title=\"\"><figcaption class=\"wp-caption-text\">O p\u00f3dio do edif\u00edcio, que possui volumes cil\u00edndricos agrupados e assim\u00e9tricos.<\/figcaption><\/figure>\n<p>Desenvolvido pela Sioni Group, o projeto do arranha-c\u00e9u \u00e9 uma empreitada ambiciosa que deve ser conclu\u00edda em 2026. Com a constru\u00e7\u00e3o j\u00e1 em andamento, a expectativa \u00e9 que o edif\u00edcio se torne um <b>marco na paisagem urbana<\/b> de Nova York. A C3D Architecture, conhecida por seu foco em interiores corporativos e projetos residenciais de alto padr\u00e3o, est\u00e1 liderando a charge para garantir que cada detalhe do projeto seja executado com precis\u00e3o e criatividade.<\/p>\n<h3>O futuro da arquitetura em Nova York<\/h3>\n<h3>Assista agora a minha recomenda\u00e7\u00e3o de video abaixo sobre o tema que estamos tratando neste artigo: <\/h3>\n<p>https:\/\/www.youtube.com\/watch?v=<\/p>\n<p>Com a constru\u00e7\u00e3o deste arranha-c\u00e9u, Nova York continua a se reinventar e a desafiar os limites da arquitetura moderna. Outros projetos, como um arranha-c\u00e9u em camadas projetado pela Foster + Partners e um supertall da KPF, tamb\u00e9m est\u00e3o em andamento na \u00e1rea, indicando que a cidade est\u00e1 em uma fase de <b>crescimento e inova\u00e7\u00e3o<\/b> sem precedentes. O novo edif\u00edcio da C3D Architecture n\u00e3o \u00e9 apenas uma adi\u00e7\u00e3o ao skyline, mas um s\u00edmbolo do que est\u00e1 por vir na arquitetura urbana.<\/p>\n<h2>Conclus\u00e3o<\/h2>\n<p>O arranha-c\u00e9u em Midtown Manhattan, projetado pela C3D Architecture, \u00e9 um exemplo brilhante de como a arquitetura pode unir est\u00e9tica e funcionalidade. Com seu design inovador, espa\u00e7os multifuncionais e foco na sustentabilidade, o edif\u00edcio promete n\u00e3o apenas transformar o horizonte da cidade, mas tamb\u00e9m oferecer um novo estilo de vida para seus moradores. \u00c0 medida que a constru\u00e7\u00e3o avan\u00e7a, todos os olhos estar\u00e3o voltados para este projeto que, sem d\u00favida, se tornar\u00e1 um \u00edcone em Nova York.<\/p>\n<p>Muito obrigado por ler este artigo! Algumas  inspira\u00e7\u00f5es e fontes para o artigo <a href=\"https:\/\/www.dezeen.com\/2024\/08\/29\/3d-architecture-manhattan-skyscraper-breaks-ground\/\" target=\"_blank\" rel=\"noopener\">voc\u00ea pode encontrar aqui<\/a><\/p>\n","protected":false},"excerpt":{"rendered":"<p>Um novo arranha-c\u00e9u em Midtown Manhattan, projetado pela C3D Architecture, come\u00e7ou a ser constru\u00eddo e promete transformar o horizonte da cidade com sua fachada bulbosa e inovadora. Pontos principais do artigo: Localiza\u00e7\u00e3o estrat\u00e9gica: O arranha-c\u00e9u est\u00e1 situado entre o Empire State Building e o Bryant Park. Design arrojado: A estrutura contar\u00e1 com uma fachada de [&hellip;]<\/p>\n","protected":false},"author":102,"featured_media":126938,"comment_status":"closed","ping_status":"closed","sticky":false,"template":"","format":"standard","meta":{"footnotes":""},"categories":[144],"tags":[],"class_list":["post-126942","post","type-post","status-publish","format-standard","has-post-thumbnail","category-mundo-arquitetura"],"_wp_attached_file":null,"_wp_attachment_metadata":null,"_wp_attachment_context":null,"_wp_attachment_is_custom_header":null,"geo_longitude":null,"geo_public":null,"geo_latitude":null,"_publicize_done_external":null,"_wpas_done_3897181":null,"publicize_twitter_user":null,"_wpas_done_3897175":null,"_wpas_skip_3897181":null,"_wpas_skip_3897175":null,"_wpas_skip_3924723":null,"_wpas_mess":null,"_wpas_done_3924723":null,"wps_subtitle":"","_links":{"self":[{"href":"https:\/\/www.aarquiteta.com.br\/blog\/wp-json\/wp\/v2\/posts\/126942","targetHints":{"allow":["GET"]}}],"collection":[{"href":"https:\/\/www.aarquiteta.com.br\/blog\/wp-json\/wp\/v2\/posts"}],"about":[{"href":"https:\/\/www.aarquiteta.com.br\/blog\/wp-json\/wp\/v2\/types\/post"}],"author":[{"embeddable":true,"href":"https:\/\/www.aarquiteta.com.br\/blog\/wp-json\/wp\/v2\/users\/102"}],"replies":[{"embeddable":true,"href":"https:\/\/www.aarquiteta.com.br\/blog\/wp-json\/wp\/v2\/comments?post=126942"}],"version-history":[{"count":0,"href":"https:\/\/www.aarquiteta.com.br\/blog\/wp-json\/wp\/v2\/posts\/126942\/revisions"}],"wp:featuredmedia":[{"embeddable":true,"href":"https:\/\/www.aarquiteta.com.br\/blog\/wp-json\/wp\/v2\/media\/126938"}],"wp:attachment":[{"href":"https:\/\/www.aarquiteta.com.br\/blog\/wp-json\/wp\/v2\/media?parent=126942"}],"wp:term":[{"taxonomy":"category","embeddable":true,"href":"https:\/\/www.aarquiteta.com.br\/blog\/wp-json\/wp\/v2\/categories?post=126942"},{"taxonomy":"post_tag","embeddable":true,"href":"https:\/\/www.aarquiteta.com.br\/blog\/wp-json\/wp\/v2\/tags?post=126942"}],"curies":[{"name":"wp","href":"https:\/\/api.w.org\/{rel}","templated":true}]}}