{"id":126934,"date":"2024-09-03T20:14:39","date_gmt":"2024-09-03T23:14:39","guid":{"rendered":"https:\/\/www.aarquiteta.com.br\/blog\/decoracao-de-varandas-urbanas-crie-seu-proprio-refugio-verde-na-cidade\/"},"modified":"2024-09-03T20:14:39","modified_gmt":"2024-09-03T23:14:39","slug":"decoracao-de-varandas-urbanas-crie-seu-proprio-refugio-verde-na-cidade","status":"publish","type":"post","link":"https:\/\/www.aarquiteta.com.br\/blog\/decoracao-de-varandas-urbanas-crie-seu-proprio-refugio-verde-na-cidade\/","title":{"rendered":"Decora\u00e7\u00e3o de Varandas Urbanas: Crie Seu Pr\u00f3prio Ref\u00fagio Verde na Cidade"},"content":{"rendered":"<p>&#8220;`html<br \/>\n<body><\/p>\n<p>Transforme sua varanda urbana em um ref\u00fagio verde com dicas pr\u00e1ticas de decora\u00e7\u00e3o e escolha de plantas, criando um espa\u00e7o relaxante e harmonioso na cidade.<\/p>\n<h2>Destaques principais<\/h2>\n<ul>\n<li><b>A import\u00e2ncia de um espa\u00e7o verde:<\/b> Ter um o\u00e1sis verde na cidade melhora a qualidade de vida e proporciona um escape do estresse urbano.<\/li>\n<li><b>Escolha das plantas:<\/b> Selecionar as plantas certas \u00e9 crucial para garantir que sua varanda flores\u00e7a e se torne um espa\u00e7o agrad\u00e1vel.<\/li>\n<li><b>Decora\u00e7\u00e3o e conforto:<\/b> Mobili\u00e1rio e acess\u00f3rios bem escolhidos podem transformar sua varanda em um verdadeiro ref\u00fagio.<\/li>\n<\/ul>\n<h2>1. A Import\u00e2ncia de Ter um Espa\u00e7o Verde na Cidade<\/h2>\n<p>Em meio ao concreto e \u00e0 correria da vida urbana, <b>um espa\u00e7o verde<\/b> se torna um verdadeiro tesouro. Ele n\u00e3o apenas embeleza o ambiente, mas tamb\u00e9m traz benef\u00edcios para a sa\u00fade mental e f\u00edsica. Estudos mostram que a presen\u00e7a de plantas pode reduzir o estresse e aumentar a sensa\u00e7\u00e3o de bem-estar. Portanto, criar um pequeno jardim na varanda \u00e9 uma forma de se reconectar com a natureza e encontrar um momento de paz no dia a dia.<\/p>\n<h2>2. Escolhendo as Plantas Certas para Sua Varanda<\/h2>\n<p>Escolher as plantas certas \u00e9 fundamental para o sucesso do seu jardim urbano. Aqui est\u00e3o algumas dicas:<\/p>\n<h3>2.1 Plantas de Sol e Sombra<\/h3>\n<figure style=\"width: 1024px\" class=\"wp-caption aligncenter\"><img decoding=\"async\" src=\"https:\/\/www.aarquiteta.com.br\/blog\/wp-content\/uploads\/2024\/09\/Decoracao-de-Varandas-Urbanas-Crie-Seu-Proprio-Refugio-Verde-na-Cidade04.jpg\" alt=\"Decora\u00e7\u00e3o de Varandas Urbanas: Crie Seu Pr\u00f3prio Ref\u00fagio Verde na Cidade\" width=\"1024\" height=\"1024\" title=\"\"><figcaption class=\"wp-caption-text\">Decora\u00e7\u00e3o de Varandas Urbanas: Crie Seu Pr\u00f3prio Ref\u00fagio Verde na Cidade<\/figcaption><\/figure>\n<p>Antes de tudo, \u00e9 importante entender a <b>exposi\u00e7\u00e3o solar<\/b> da sua varanda. Algumas plantas, como suculentas e cactos, adoram sol, enquanto outras, como samambaias, preferem sombra. Avalie a luz dispon\u00edvel e escolha as plantas que se adaptam melhor ao seu espa\u00e7o.<\/p>\n<h3>2.2 Plantas Baixas vs. Plantas Altas<\/h3>\n<figure style=\"width: 1024px\" class=\"wp-caption aligncenter\"><img decoding=\"async\" src=\"https:\/\/www.aarquiteta.com.br\/blog\/wp-content\/uploads\/2024\/09\/Decoracao-de-Varandas-Urbanas-Crie-Seu-Proprio-Refugio-Verde-na-Cidade03.jpg\" alt=\"Decora\u00e7\u00e3o de Varandas Urbanas: Crie Seu Pr\u00f3prio Ref\u00fagio Verde na Cidade\" width=\"1024\" height=\"1024\" title=\"\"><figcaption class=\"wp-caption-text\">Decora\u00e7\u00e3o de Varandas Urbanas: Crie Seu Pr\u00f3prio Ref\u00fagio Verde na Cidade<\/figcaption><\/figure>\n<p>Outra considera\u00e7\u00e3o \u00e9 a <b>altura das plantas<\/b>. Plantas baixas s\u00e3o ideais para espa\u00e7os pequenos, enquanto plantas altas podem criar um efeito de profundidade e privacidade. Misturar diferentes alturas pode resultar em um visual mais din\u00e2mico e interessante.<\/p>\n<h2>3. Mobili\u00e1rio e Acess\u00f3rios para Conforto<\/h2>\n<p>O mobili\u00e1rio \u00e9 essencial para transformar sua varanda em um espa\u00e7o aconchegante. Aqui est\u00e3o algumas sugest\u00f5es:<\/p>\n<h3>3.1 Op\u00e7\u00f5es de M\u00f3veis Compactos<\/h3>\n<figure style=\"width: 1024px\" class=\"wp-caption aligncenter\"><img decoding=\"async\" src=\"https:\/\/www.aarquiteta.com.br\/blog\/wp-content\/uploads\/2024\/09\/Decoracao-de-Varandas-Urbanas-Crie-Seu-Proprio-Refugio-Verde-na-Cidade02.jpg\" alt=\"Decora\u00e7\u00e3o de Varandas Urbanas: Crie Seu Pr\u00f3prio Ref\u00fagio Verde na Cidade\" width=\"1024\" height=\"1024\" title=\"\"><figcaption class=\"wp-caption-text\">Decora\u00e7\u00e3o de Varandas Urbanas: Crie Seu Pr\u00f3prio Ref\u00fagio Verde na Cidade<\/figcaption><\/figure>\n<p>Escolha <b>m\u00f3veis compactos<\/b> que n\u00e3o ocupem muito espa\u00e7o, mas que ofere\u00e7am conforto. Cadeiras dobr\u00e1veis e mesas pequenas s\u00e3o \u00f3timas op\u00e7\u00f5es para varandas menores.<\/p>\n<h3>3.2 Acess\u00f3rios que Valorizam o Espa\u00e7o<\/h3>\n<figure style=\"width: 1024px\" class=\"wp-caption aligncenter\"><img decoding=\"async\" src=\"https:\/\/www.aarquiteta.com.br\/blog\/wp-content\/uploads\/2024\/09\/Decoracao-de-Varandas-Urbanas-Crie-Seu-Proprio-Refugio-Verde-na-Cidade01.jpg\" alt=\"Decora\u00e7\u00e3o de Varandas Urbanas: Crie Seu Pr\u00f3prio Ref\u00fagio Verde na Cidade\" width=\"1024\" height=\"1024\" title=\"\"><figcaption class=\"wp-caption-text\">Decora\u00e7\u00e3o de Varandas Urbanas: Crie Seu Pr\u00f3prio Ref\u00fagio Verde na Cidade<\/figcaption><\/figure>\n<p>Adicione <b>almofadas coloridas<\/b>, mantas e tapetes para criar um ambiente acolhedor. Esses detalhes fazem toda a diferen\u00e7a e tornam o espa\u00e7o mais convidativo.<\/p>\n<h2>4. Ilumina\u00e7\u00e3o: Criando Ambientes Aconchegantes<\/h2>\n<p>A ilumina\u00e7\u00e3o \u00e9 um dos elementos mais importantes na decora\u00e7\u00e3o de uma varanda. Veja como us\u00e1-la a seu favor:<\/p>\n<h3>4.1 Luzes Naturais e Artificiais<\/h3>\n<p>Se poss\u00edvel, aproveite a <b>luz natural<\/b> durante o dia. \u00c0 noite, use luzes artificiais para criar um clima aconchegante. Lumin\u00e1rias de ch\u00e3o e abajures s\u00e3o \u00f3timas op\u00e7\u00f5es.<\/p>\n<h3>4.2 Uso de Lanternas e Fitas de LED<\/h3>\n<h3>Assista agora a minha recomenda\u00e7\u00e3o de video abaixo sobre o tema que estamos tratando neste artigo: <\/h3>\n<p><div class=\"youtube-embed\" data-video_id=\"A7rjwQzKY3Q\"><iframe title=\"\ud83d\udd34 APARECEU NA CASA DA MINHA IRM\u00c3 #vidanaro\u00e7a #sitio\" width=\"696\" height=\"392\" src=\"https:\/\/www.youtube.com\/embed\/A7rjwQzKY3Q?feature=oembed&#038;enablejsapi=1\" frameborder=\"0\" allow=\"accelerometer; autoplay; clipboard-write; encrypted-media; gyroscope; picture-in-picture; web-share\" referrerpolicy=\"strict-origin-when-cross-origin\" allowfullscreen><\/iframe><\/div>\n<\/p>\n<p>Lanternas e <b>fitas de LED<\/b> podem adicionar um toque m\u00e1gico \u00e0 sua varanda. Elas s\u00e3o vers\u00e1teis e podem ser usadas de v\u00e1rias maneiras, como penduradas em corrim\u00e3os ou em vasos de plantas.<\/p>\n<h2>5. Manuten\u00e7\u00e3o e Cuidados com as Plantas<\/h2>\n<p>Manter suas plantas saud\u00e1veis \u00e9 essencial para um jardim vibrante. Aqui est\u00e3o algumas dicas:<\/p>\n<h3>5.1 Rega e Aduba\u00e7\u00e3o<\/h3>\n<p>Regar as plantas na <b>quantidade certa<\/b> \u00e9 crucial. Evite encharcar o solo, pois isso pode causar apodrecimento das ra\u00edzes. Al\u00e9m disso, adube suas plantas regularmente para garantir que elas recebam os nutrientes necess\u00e1rios.<\/p>\n<h3>5.2 Preven\u00e7\u00e3o de Pragas<\/h3>\n<p>Fique atento a sinais de <b>pragas<\/b> e doen\u00e7as. Inspecione suas plantas regularmente e, se necess\u00e1rio, utilize m\u00e9todos naturais de controle, como a introdu\u00e7\u00e3o de insetos ben\u00e9ficos.<\/p>\n<h2>6. Ideias de Decora\u00e7\u00e3o para Diferentes Estilos<\/h2>\n<p>Por fim, a decora\u00e7\u00e3o da sua varanda pode refletir seu estilo pessoal. Aqui est\u00e3o algumas ideias:<\/p>\n<h3>6.1 Estilo Minimalista<\/h3>\n<p>Se voc\u00ea prefere um visual mais clean, opte por <b>plantas simples<\/b> e m\u00f3veis com linhas retas. Menos \u00e9 mais nesse estilo.<\/p>\n<h3>6.2 Estilo Boho<\/h3>\n<p>Para um toque mais descontra\u00eddo, misture diferentes texturas e cores. Use <b>cestos de palha<\/b> e almofadas estampadas para criar um ambiente acolhedor e vibrante.<\/p>\n<h2>Conclus\u00e3o: Seu Ref\u00fagio Verde na Cidade<\/h2>\n<p>Transformar sua varanda em um <b>ref\u00fagio verde<\/b> \u00e9 uma maneira incr\u00edvel de trazer um pouco da natureza para o seu dia a dia. Com as dicas certas, voc\u00ea pode criar um espa\u00e7o que n\u00e3o s\u00f3 embeleza sua casa, mas tamb\u00e9m proporciona momentos de relaxamento e paz. Ent\u00e3o, que tal come\u00e7ar hoje mesmo a planejar seu pequeno jardim urbano?<\/p>\n<p><\/body><br \/>\n&#8220;`<\/p>\n","protected":false},"excerpt":{"rendered":"<p>Ideias para transformar varandas urbanas em pequenos jardins, criando um o\u00e1sis de relaxamento no meio da cidade.<\/p>\n","protected":false},"author":102,"featured_media":126931,"comment_status":"closed","ping_status":"closed","sticky":false,"template":"","format":"standard","meta":{"footnotes":""},"categories":[1484,971,18792,18794],"tags":[],"class_list":["post-126934","post","type-post","status-publish","format-standard","has-post-thumbnail","category-decoracao","category-design-de-interiores","category-decoracao-de-apartamento","category-projetos-de-decoracao-de-casas"],"_wp_attached_file":null,"_wp_attachment_metadata":null,"_wp_attachment_context":null,"_wp_attachment_is_custom_header":null,"geo_longitude":null,"geo_public":null,"geo_latitude":null,"_publicize_done_external":null,"_wpas_done_3897181":null,"publicize_twitter_user":null,"_wpas_done_3897175":null,"_wpas_skip_3897181":null,"_wpas_skip_3897175":null,"_wpas_skip_3924723":null,"_wpas_mess":null,"_wpas_done_3924723":null,"wps_subtitle":"","_links":{"self":[{"href":"https:\/\/www.aarquiteta.com.br\/blog\/wp-json\/wp\/v2\/posts\/126934","targetHints":{"allow":["GET"]}}],"collection":[{"href":"https:\/\/www.aarquiteta.com.br\/blog\/wp-json\/wp\/v2\/posts"}],"about":[{"href":"https:\/\/www.aarquiteta.com.br\/blog\/wp-json\/wp\/v2\/types\/post"}],"author":[{"embeddable":true,"href":"https:\/\/www.aarquiteta.com.br\/blog\/wp-json\/wp\/v2\/users\/102"}],"replies":[{"embeddable":true,"href":"https:\/\/www.aarquiteta.com.br\/blog\/wp-json\/wp\/v2\/comments?post=126934"}],"version-history":[{"count":0,"href":"https:\/\/www.aarquiteta.com.br\/blog\/wp-json\/wp\/v2\/posts\/126934\/revisions"}],"wp:featuredmedia":[{"embeddable":true,"href":"https:\/\/www.aarquiteta.com.br\/blog\/wp-json\/wp\/v2\/media\/126931"}],"wp:attachment":[{"href":"https:\/\/www.aarquiteta.com.br\/blog\/wp-json\/wp\/v2\/media?parent=126934"}],"wp:term":[{"taxonomy":"category","embeddable":true,"href":"https:\/\/www.aarquiteta.com.br\/blog\/wp-json\/wp\/v2\/categories?post=126934"},{"taxonomy":"post_tag","embeddable":true,"href":"https:\/\/www.aarquiteta.com.br\/blog\/wp-json\/wp\/v2\/tags?post=126934"}],"curies":[{"name":"wp","href":"https:\/\/api.w.org\/{rel}","templated":true}]}}