{"id":126893,"date":"2024-09-03T11:39:09","date_gmt":"2024-09-03T14:39:09","guid":{"rendered":"https:\/\/www.aarquiteta.com.br\/blog\/cimento-queimado-2\/"},"modified":"2024-09-03T11:39:09","modified_gmt":"2024-09-03T14:39:09","slug":"cimento-queimado-2","status":"publish","type":"post","link":"https:\/\/www.aarquiteta.com.br\/blog\/cimento-queimado-2\/","title":{"rendered":"Explorando a Versatilidade do Cimento Queimado na Decora\u00e7\u00e3o"},"content":{"rendered":"<p><body><\/p>\n<p>O <b>cimento queimado<\/b> \u00e9 um revestimento pr\u00e1tico, econ\u00f4mico e de alta versatilidade, ideal para dar um novo visual \u00e0 sua casa. Seja em pisos ou paredes, ele combina com diversas decora\u00e7\u00f5es e estilos, desde os mais r\u00fasticos at\u00e9 os mais modernos.<\/p>\n<h2>Introdu\u00e7\u00e3o<\/h2>\n<p>A primeira vista, o <b>cimento queimado<\/b> pode parecer apenas uma textura simples, mas acredite, ele \u00e9 muito mais que isso. Em meu tempo como arquiteto, tenho observado que essa escolha tem se tornado favorita entre muitos ambientes, trazendo uma est\u00e9tica contempor\u00e2nea que encanta a todos. Vamos juntos descobrir como voc\u00ea pode aproveitar esse material eficiente e charmoso no seu lar?<\/p>\n<h2>O Que \u00e9 Cimento Queimado?<\/h2>\n<p>O <b>cimento queimado<\/b> \u00e9, na verdade, uma mistura de cimento, areia e \u00e1gua que resulta em uma superf\u00edcie porosa e intrigante. Esse acabamento, que \u00e9 quase como um beijo de cimento, adapta-se a v\u00e1rias atmosferas, oferecendo funcionalidade e beleza a qualquer c\u00f4modo.<\/p>\n<h2>Como \u00e9 Feito o Cimento Queimado?<\/h2>\n<h3>Processo de Aplica\u00e7\u00e3o<\/h3>\n<p>Para criar esse efeito, o cimento \u00e9 aplicado em uma camada fina e, enquanto ainda est\u00e1 \u00famido, recebe um polimento. Imagine um artista moldando sua obra; \u00e9 um trabalho que requer habilidade e aten\u00e7\u00e3o. A textura final pode variar de acordo com a aplica\u00e7\u00e3o e o acabamento desejado.<\/p>\n<h3>Impermeabiliza\u00e7\u00e3o e Manuten\u00e7\u00e3o<\/h3>\n<figure style=\"width: 1024px\" class=\"wp-caption aligncenter\"><img decoding=\"async\" src=\"https:\/\/www.aarquiteta.com.br\/blog\/wp-content\/uploads\/2024\/09\/cimento-queimado01.jpg\" alt=\"Explorando a Versatilidade do Cimento Queimado na Decora\u00e7\u00e3o\" width=\"1024\" height=\"1024\" title=\"\"><figcaption class=\"wp-caption-text\">Explorando a Versatilidade do Cimento Queimado na Decora\u00e7\u00e3o<\/figcaption><\/figure>\n<p>Nada de deixar o cimento queimado desprotegido! Ap\u00f3s a aplica\u00e7\u00e3o, \u00e9 fundamental usar uma seladora ou impermeabilizante. Isso garante que sua obra n\u00e3o apenas resista ao tempo, mas tamb\u00e9m mantenha sua beleza intacta. Afinal, quem n\u00e3o quer um piso dur\u00e1vel e f\u00e1cil de limpar?<\/p>\n<h2>Vantagens do Cimento Queimado<\/h2>\n<p>Entre as principais vantagens desse material est\u00e3o a <b>facilidade de limpeza<\/b>, a versatilidade nos estilos decorativos e a economia durante a obra. Se voc\u00ea procura uma solu\u00e7\u00e3o que n\u00e3o exija muita manuten\u00e7\u00e3o e ainda seja esteticamente agrad\u00e1vel, essa \u00e9 a sua escolha!<\/p>\n<h2>Desvantagens do Cimento Queimado<\/h2>\n<p>Entretanto, \u00e9 v\u00e1lido ressaltar que existem algumas desvantagens. A necessidade de m\u00e3o-de-obra especializada para uma aplica\u00e7\u00e3o correta \u00e9 um deles, al\u00e9m do risco de surgirem <b>trincas<\/b> se o servi\u00e7o n\u00e3o for bem executado. Portanto, \u00e9 melhor ficar atento aos detalhes e escolher um profissional que entenda do assunto.<\/p>\n<h2>Onde Usar Cimento Queimado<\/h2>\n<h3>Ambientes Internos<\/h3>\n<figure style=\"width: 1024px\" class=\"wp-caption aligncenter\"><img decoding=\"async\" src=\"https:\/\/www.aarquiteta.com.br\/blog\/wp-content\/uploads\/2024\/09\/cimento-queimado-0.jpg\" alt=\"Macro Arquitetos\" title=\"\"><figcaption class=\"wp-caption-text\">Macro Arquitetos<\/figcaption><\/figure>\n<p>Alguns ambientes internos se beneficiam imensamente do cimento queimado, como salas, cozinhas e quartos. Ele imprime um toque de modernidade e um ar aconchegante. Um bom exemplo \u00e9 uma sala de estar com esse piso, que se destaca sem brigar com os outros elementos do espa\u00e7o.<\/p>\n<h3>Ambientes Externos<\/h3>\n<figure style=\"width: 1024px\" class=\"wp-caption aligncenter\"><img decoding=\"async\" src=\"https:\/\/www.aarquiteta.com.br\/blog\/wp-content\/uploads\/2024\/09\/cimento-queimado02.jpg\" alt=\"Explorando a Versatilidade do Cimento Queimado na Decora\u00e7\u00e3o\" width=\"1024\" height=\"1024\" title=\"\"><figcaption class=\"wp-caption-text\">Explorando a Versatilidade do Cimento Queimado na Decora\u00e7\u00e3o<\/figcaption><\/figure>\n<p>N\u00e3o se esque\u00e7a das \u00e1reas externas! Varandas e espa\u00e7os gourmet s\u00e3o lugares perfeitos para aplicar o cimento queimado, proporcionando uma atmosfera acolhedora para encontros ao ar livre. Depois de uma boa chuva, quem n\u00e3o ama uma \u00e1rea externa cheirosa e charmosa?<\/p>\n<h2>Dicas de Decora\u00e7\u00e3o com Cimento Queimado<\/h2>\n<p>Para uma decora\u00e7\u00e3o sofisticada, explore diferentes cores de cimento queimado e escolha m\u00f3veis que harmonizem com ele. Cores mais neutras podem ser combinadas com detalhes vibrantes, criando um ambiente alegre e cheio de personalidade. Uma brisa de originalidade sempre cai bem!<\/p>\n<h2>Problemas Comuns e Como Evit\u00e1-los<\/h2>\n<p>Embora o cimento queimado seja uma op\u00e7\u00e3o pr\u00e1tica, voc\u00ea pode enfrentar alguns desafios. Por exemplo, se deixar o ambiente muito molhado, a umidade pode afetar o material. \u00c9 importante sempre garantir uma boa ventila\u00e7\u00e3o e, caso ocorra algum desgaste, n\u00e3o hesite em procurar um profissional para a manuten\u00e7\u00e3o.<\/p>\n<h2>Conclus\u00e3o<\/h2>\n<p>O <b>cimento queimado<\/b> \u00e9 uma excelente op\u00e7\u00e3o para quem deseja modernidade e funcionalidade em sua casa. Com as dicas e informa\u00e7\u00f5es corretas, \u00e9 poss\u00edvel transformar seu lar, dando um toque especial a cada c\u00f4modo. Ent\u00e3o, que tal come\u00e7ar a planejar essa mudan\u00e7a e realmente fazer a diferen\u00e7a na sua decora\u00e7\u00e3o?<\/p>\n<p><\/body><br \/>\n<figure style=\"width: 1024px\" class=\"wp-caption aligncenter\"><img decoding=\"async\" src=\"https:\/\/www.aarquiteta.com.br\/blog\/wp-content\/uploads\/2024\/09\/cimento-queimado-100.jpg\" alt=\"Vida de Vila\" title=\"\"><figcaption class=\"wp-caption-text\">Vida de Vila<\/figcaption><\/figure>\n<figure style=\"width: 1024px\" class=\"wp-caption aligncenter\"><img decoding=\"async\" src=\"https:\/\/www.aarquiteta.com.br\/blog\/wp-content\/uploads\/2024\/09\/cimento-queimado03.jpg\" alt=\"Explorando a Versatilidade do Cimento Queimado na Decora\u00e7\u00e3o\" width=\"1024\" height=\"1024\" title=\"\"><figcaption class=\"wp-caption-text\">Explorando a Versatilidade do Cimento Queimado na Decora\u00e7\u00e3o<\/figcaption><\/figure>\n<figure style=\"width: 1024px\" class=\"wp-caption aligncenter\"><img decoding=\"async\" src=\"https:\/\/www.aarquiteta.com.br\/blog\/wp-content\/uploads\/2024\/09\/revestimento-cinza-01-2-286x160.jpg\" alt=\"30 ideias incr\u00edveis com revestimento cinza instalado em interiores\" title=\"\"><figcaption class=\"wp-caption-text\">30 ideias incr\u00edveis com revestimento cinza instalado em interiores<\/figcaption><\/figure>\n<figure style=\"width: 1024px\" class=\"wp-caption aligncenter\"><img decoding=\"async\" src=\"https:\/\/www.aarquiteta.com.br\/blog\/wp-content\/uploads\/2024\/09\/cimento-queimado4.jpg\" alt=\"Explorando a Versatilidade do Cimento Queimado na Decora\u00e7\u00e3o\" width=\"1024\" height=\"1024\" title=\"\"><figcaption class=\"wp-caption-text\">Explorando a Versatilidade do Cimento Queimado na Decora\u00e7\u00e3o<\/figcaption><\/figure>\n<figure style=\"width: 1024px\" class=\"wp-caption aligncenter\"><img decoding=\"async\" src=\"https:\/\/www.aarquiteta.com.br\/blog\/wp-content\/uploads\/2024\/09\/tons-de-cinza-00-286x160.webp\" alt=\"Como adicionar tons de cinza na decora\u00e7\u00e3o de forma criativa\" title=\"\"><figcaption class=\"wp-caption-text\">Como adicionar tons de cinza na decora\u00e7\u00e3o de forma criativa<\/figcaption><\/figure>\n<p><iframe title=\"YouTube video player\" src=\"https:\/\/www.youtube.com\/embed\/wd0aNHkbnpo\" width=\"560\" height=\"315\" frameborder=\"0\" allowfullscreen=\"allowfullscreen\"><\/iframe><\/p>\n<figure style=\"width: 1024px\" class=\"wp-caption aligncenter\"><img decoding=\"async\" src=\"https:\/\/www.aarquiteta.com.br\/blog\/wp-content\/uploads\/2024\/09\/cimento-queimado-1.jpg\" alt=\"Macro Arquitetos\" title=\"\"><figcaption class=\"wp-caption-text\">Macro Arquitetos<\/figcaption><\/figure>\n<figure style=\"width: 1024px\" class=\"wp-caption aligncenter\"><img decoding=\"async\" src=\"https:\/\/www.aarquiteta.com.br\/blog\/wp-content\/uploads\/2024\/09\/cimento-queimado-2.jpg\" alt=\"VOA ARQUITETURA\" title=\"\"><figcaption class=\"wp-caption-text\">VOA ARQUITETURA<\/figcaption><\/figure>\n","protected":false},"excerpt":{"rendered":"<p>Descubra as vantagens e desvantagens do cimento queimado e inspire-se com dicas de decora\u00e7\u00e3o para transformar seu ambiente.<\/p>\n","protected":false},"author":102,"featured_media":126886,"comment_status":"closed","ping_status":"closed","sticky":false,"template":"","format":"standard","meta":{"footnotes":""},"categories":[1507,249],"tags":[],"class_list":["post-126893","post","type-post","status-publish","format-standard","has-post-thumbnail","category-arquitetura","category-engenharia-e-construcao-civil"],"_wp_attached_file":null,"_wp_attachment_metadata":null,"_wp_attachment_context":null,"_wp_attachment_is_custom_header":null,"geo_longitude":null,"geo_public":null,"geo_latitude":null,"_publicize_done_external":null,"_wpas_done_3897181":null,"publicize_twitter_user":null,"_wpas_done_3897175":null,"_wpas_skip_3897181":null,"_wpas_skip_3897175":null,"_wpas_skip_3924723":null,"_wpas_mess":null,"_wpas_done_3924723":null,"wps_subtitle":"","_links":{"self":[{"href":"https:\/\/www.aarquiteta.com.br\/blog\/wp-json\/wp\/v2\/posts\/126893","targetHints":{"allow":["GET"]}}],"collection":[{"href":"https:\/\/www.aarquiteta.com.br\/blog\/wp-json\/wp\/v2\/posts"}],"about":[{"href":"https:\/\/www.aarquiteta.com.br\/blog\/wp-json\/wp\/v2\/types\/post"}],"author":[{"embeddable":true,"href":"https:\/\/www.aarquiteta.com.br\/blog\/wp-json\/wp\/v2\/users\/102"}],"replies":[{"embeddable":true,"href":"https:\/\/www.aarquiteta.com.br\/blog\/wp-json\/wp\/v2\/comments?post=126893"}],"version-history":[{"count":0,"href":"https:\/\/www.aarquiteta.com.br\/blog\/wp-json\/wp\/v2\/posts\/126893\/revisions"}],"wp:featuredmedia":[{"embeddable":true,"href":"https:\/\/www.aarquiteta.com.br\/blog\/wp-json\/wp\/v2\/media\/126886"}],"wp:attachment":[{"href":"https:\/\/www.aarquiteta.com.br\/blog\/wp-json\/wp\/v2\/media?parent=126893"}],"wp:term":[{"taxonomy":"category","embeddable":true,"href":"https:\/\/www.aarquiteta.com.br\/blog\/wp-json\/wp\/v2\/categories?post=126893"},{"taxonomy":"post_tag","embeddable":true,"href":"https:\/\/www.aarquiteta.com.br\/blog\/wp-json\/wp\/v2\/tags?post=126893"}],"curies":[{"name":"wp","href":"https:\/\/api.w.org\/{rel}","templated":true}]}}