{"id":126874,"date":"2024-09-03T08:00:32","date_gmt":"2024-09-03T11:00:32","guid":{"rendered":"https:\/\/www.aarquiteta.com.br\/blog\/parede-de-pedra\/"},"modified":"2024-09-04T07:10:45","modified_gmt":"2024-09-04T10:10:45","slug":"parede-de-pedra","status":"publish","type":"post","link":"https:\/\/www.aarquiteta.com.br\/blog\/parede-de-pedra\/","title":{"rendered":"10 Fotos de Parede de Pedra para Decora\u00e7\u00e3o Moderna"},"content":{"rendered":"<p>A parede de pedra \u00e9 uma solu\u00e7\u00e3o decorativa vers\u00e1til que combina charme r\u00fastico e modernidade, ideal para transformar tanto ambientes internos quanto externos. Descubra como esse revestimento resistente pode agregar valor e estilo \u00e0 sua casa.<\/p>\n<h2>Introdu\u00e7\u00e3o<\/h2>\n<p>As paredes de pedra s\u00e3o uma escolha popular na decora\u00e7\u00e3o moderna, oferecendo uma combina\u00e7\u00e3o \u00fanica de estilo r\u00fastico e modernidade. Neste artigo, exploraremos as diversas maneiras de utilizar esse material em diferentes ambientes, al\u00e9m de dicas pr\u00e1ticas para a instala\u00e7\u00e3o e manuten\u00e7\u00e3o.<\/p>\n<h2>Benef\u00edcios da Parede de Pedra<\/h2>\n<h3>Dura\u00e7\u00e3o e Resist\u00eancia<\/h3>\n<p>Cara, vamos falar da <b>durabilidade<\/b> da parede de pedra! Ela \u00e9 conhecida por ser uma rocha resistente, que suporta o tempo e as intemp\u00e9ries, tornando-se ideal tanto para ambientes internos quanto externos. Voc\u00ea n\u00e3o vai querer se preocupar com manuten\u00e7\u00e3o constante, certo?<\/p>\n<h3>Estilo e Versatilidade<\/h3>\n<figure style=\"width: 1024px\" class=\"wp-caption aligncenter\"><img decoding=\"async\" src=\"https:\/\/www.aarquiteta.com.br\/blog\/wp-content\/uploads\/2024\/09\/parede-de-pedra01.jpg\" alt=\"60 Fotos de Parede de Pedra para Decora\u00e7\u00e3o Moderna\" width=\"1024\" height=\"1024\" title=\"\"><figcaption class=\"wp-caption-text\">60 Fotos de Parede de Pedra para Decora\u00e7\u00e3o Moderna<\/figcaption><\/figure>\n<p>Com uma <b>variedade de estilos<\/b> e acabamentos, as paredes de pedra podem se adaptar a diferentes tipos de decora\u00e7\u00e3o, do r\u00fastico ao contempor\u00e2neo. Voc\u00ea pode, por exemplo, usar pedras mais brutas para aquele ar de cabana aconchegante, ou pedras mais lisas e polidas para um toque de sofistica\u00e7\u00e3o.<\/p>\n<h2>Tipos de Pedras para Revestimento<\/h2>\n<h3>Pedra Portuguesa<\/h3>\n<figure style=\"width: 1024px\" class=\"wp-caption aligncenter\"><img decoding=\"async\" src=\"https:\/\/www.aarquiteta.com.br\/blog\/wp-content\/uploads\/2024\/09\/parede-de-pedra-0.webp\" alt=\"Foto de parede de pedra\" title=\"\"><figcaption class=\"wp-caption-text\">Foto de parede de pedra<\/figcaption><\/figure>\n<p>A pedra portuguesa traz um charme todo especial, sendo uma op\u00e7\u00e3o cl\u00e1ssica que d\u00e1 um toque <b>elegante<\/b> e atemporal aos ambientes. Ela \u00e9 perfeita para quem busca um estilo tradicional, combinando facilmente com outras texturas e cores.<\/p>\n<h3>Canjiquinha e Seixo<\/h3>\n<figure style=\"width: 1024px\" class=\"wp-caption aligncenter\"><img decoding=\"async\" src=\"https:\/\/www.aarquiteta.com.br\/blog\/wp-content\/uploads\/2024\/09\/parede-de-pedra02.jpg\" alt=\"60 Fotos de Parede de Pedra para Decora\u00e7\u00e3o Moderna\" width=\"1024\" height=\"1024\" title=\"\"><figcaption class=\"wp-caption-text\">60 Fotos de Parede de Pedra para Decora\u00e7\u00e3o Moderna<\/figcaption><\/figure>\n<p>Essas belezuras oferecem um aspecto mais <b>moderno<\/b> e podem ser aplicadas em diferentes formatos. A canjiquinha, por exemplo, \u00e9 \u00f3tima para criar texturas \u00fanicas, enquanto o seixo pode trazer um ar zen aos seus espa\u00e7os.<\/p>\n<h2>Aplica\u00e7\u00f5es em Ambientes Internos<\/h2>\n<h3>Sala de Estar<\/h3>\n<figure style=\"width: 1024px\" class=\"wp-caption aligncenter\"><img decoding=\"async\" src=\"https:\/\/www.aarquiteta.com.br\/blog\/wp-content\/uploads\/2024\/09\/pedra-ferro-00-1-286x160.jpg\" alt=\"Foto de pedra ferro\" title=\"\"><figcaption class=\"wp-caption-text\">Foto de pedra ferro<\/figcaption><\/figure>\n<p>Imagina uma parede de pedra na sala de estar! Isso cria um ambiente <b>aconchegante<\/b> e acolhedor, perfeito para receber a fam\u00edlia e amigos. A combina\u00e7\u00e3o com uma ilumina\u00e7\u00e3o adequada pode real\u00e7ar ainda mais as texturas da pedra, trazendo vida ao espa\u00e7o.<\/p>\n<h3>Banheiros<\/h3>\n<figure style=\"width: 1024px\" class=\"wp-caption aligncenter\"><img decoding=\"async\" src=\"https:\/\/www.aarquiteta.com.br\/blog\/wp-content\/uploads\/2024\/09\/parede-de-pedra03.jpg\" alt=\"60 Fotos de Parede de Pedra para Decora\u00e7\u00e3o Moderna\" width=\"1024\" height=\"1024\" title=\"\"><figcaption class=\"wp-caption-text\">60 Fotos de Parede de Pedra para Decora\u00e7\u00e3o Moderna<\/figcaption><\/figure>\n<p>As pedras tamb\u00e9m brilham em locais \u00famidos, como o banheiro. Essa \u00e9 uma escolha pr\u00e1tica por causa da resist\u00eancia \u00e0 umidade. Uma parede de pedra aqui transforma um espa\u00e7o que poderia ser apenas funcional em um verdadeiro <b>ref\u00fagio relaxante<\/b>.<\/p>\n<h2>Ideias para Ambientes Externos<\/h2>\n<h3>Fachadas Exuberantes<\/h3>\n<figure style=\"width: 1024px\" class=\"wp-caption aligncenter\"><img decoding=\"async\" src=\"https:\/\/www.aarquiteta.com.br\/blog\/wp-content\/uploads\/2024\/09\/pedra-miracema-capa-1-286x160.webp\" alt=\"Foto de pedra miracema\" title=\"\"><figcaption class=\"wp-caption-text\">Foto de pedra miracema<\/figcaption><\/figure>\n<p>Vamos ser sinceros, uma fachada de pedra pode ser de tirar o f\u00f4lego! Ela acrescenta um toque <b>imponente<\/b> e sofisticado \u00e0 sua casa, chamando a aten\u00e7\u00e3o de todos que passam. Se voc\u00ea tem uma entrada ampla, considere fazer uma parede grande que sirva de cart\u00e3o de visitas do seu lar.<\/p>\n<h3>Jardins e \u00c1reas de Lazer<\/h3>\n<figure style=\"width: 1024px\" class=\"wp-caption aligncenter\"><img decoding=\"async\" src=\"https:\/\/www.aarquiteta.com.br\/blog\/wp-content\/uploads\/2024\/09\/parede-de-pedra4.jpg\" alt=\"60 Fotos de Parede de Pedra para Decora\u00e7\u00e3o Moderna\" width=\"1024\" height=\"1024\" title=\"\"><figcaption class=\"wp-caption-text\">60 Fotos de Parede de Pedra para Decora\u00e7\u00e3o Moderna<\/figcaption><\/figure>\n<p>Usar pedras para criar caminhos e destacar \u00e1reas verdes \u00e9 uma forma incr\u00edvel de unir <b>natureza e design<\/b>. As pedras podem guiar o olhar pelo jardim, criando uma sensa\u00e7\u00e3o de tranquilidade e beleza natural. E quem n\u00e3o ama isso?<\/p>\n<h2>Instala\u00e7\u00e3o e Manuten\u00e7\u00e3o<\/h2>\n<h3>Passo a Passo da Instala\u00e7\u00e3o<\/h3>\n<figure style=\"width: 1024px\" class=\"wp-caption aligncenter\"><img decoding=\"async\" src=\"https:\/\/www.aarquiteta.com.br\/blog\/wp-content\/uploads\/2024\/09\/fachadas-de-casas-modernas-0-286x160.jpg\" alt=\"Foto de fachadas de casas modernas\" title=\"\"><figcaption class=\"wp-caption-text\">Foto de fachadas de casas modernas<\/figcaption><\/figure>\n<p>Se voc\u00ea decidiu investir na sua estrutura, \u00e9 crucial saber que a instala\u00e7\u00e3o de uma parede de pedra requer certos cuidados. <b>Prepare bem a superf\u00edcie<\/b>, escolha a argamassa certa e tenha paci\u00eancia: as pedras precisam de tempo para assentar. E acredite, o esfor\u00e7o vale a pena!<\/p>\n<h3>Cuidados Necess\u00e1rios<\/h3>\n<h3>Para se aprofundar mais sobre o tema, veja a minha recomenda\u00e7\u00e3o sobre o tema deste artigo no v\u00eddeo a seguir abaixo:<\/h3>\n<p><iframe title=\"YouTube video player\" src=\"https:\/\/www.youtube.com\/embed\/pSVQCLVIFUk\" width=\"560\" height=\"315\" frameborder=\"0\" allowfullscreen=\"allowfullscreen\"><\/iframe><\/p>\n<p>Uma parede de pedra pode durar por anos, mas \u00e9 preciso <b>cuidar dela<\/b> bem. Evitar produtos abrasivos e fazer limpezas peri\u00f3dicas ajudam a garantir que a beleza natural da pedra continue brilhando, evitando manchas que, sinceramente, ningu\u00e9m quer ver na parede.<\/p>\n<h2>Conclus\u00e3o<\/h2>\n<p>A parede de pedra \u00e9 uma excelente op\u00e7\u00e3o para quem deseja enriquecer a decora\u00e7\u00e3o da casa com um toque de eleg\u00e2ncia e rusticidade. Ao considerar este revestimento, n\u00e3o se esque\u00e7a de avaliar as op\u00e7\u00f5es de pedras, estilos e locais de aplica\u00e7\u00e3o para criar um resultado <b>harmonioso e encantador<\/b>.<\/p>\n<figure style=\"width: 1024px\" class=\"wp-caption aligncenter\"><img decoding=\"async\" src=\"https:\/\/www.aarquiteta.com.br\/blog\/wp-content\/uploads\/2024\/09\/parede-de-pedra-1-730x424.webp\" alt=\"Foto da parede de pedra na sala\" title=\"\"><figcaption class=\"wp-caption-text\">Foto da parede de pedra na sala<\/figcaption><\/figure>\n<figure style=\"width: 1024px\" class=\"wp-caption aligncenter\"><img decoding=\"async\" src=\"https:\/\/www.aarquiteta.com.br\/blog\/wp-content\/uploads\/2024\/09\/parede-de-pedra-2-730x548.webp\" alt=\"Foto da parede de pedra no estilo industrial\" title=\"\"><figcaption class=\"wp-caption-text\">Foto da parede de pedra no estilo industrial<\/figcaption><\/figure>\n","protected":false},"excerpt":{"rendered":"<p>Explore 60 inspira\u00e7\u00f5es de paredes de pedra que transformam sua casa com beleza e rusticidade. Descubra dicas pr\u00e1ticas e v\u00eddeos \u00fateis!<\/p>\n","protected":false},"author":102,"featured_media":126867,"comment_status":"closed","ping_status":"closed","sticky":false,"template":"","format":"standard","meta":{"footnotes":""},"categories":[35375,971,19206],"tags":[],"class_list":["post-126874","post","type-post","status-publish","format-standard","has-post-thumbnail","category-acabamentos","category-design-de-interiores","category-revestimentos"],"_wp_attached_file":null,"_wp_attachment_metadata":null,"_wp_attachment_context":null,"_wp_attachment_is_custom_header":null,"geo_longitude":null,"geo_public":null,"geo_latitude":null,"_publicize_done_external":null,"_wpas_done_3897181":null,"publicize_twitter_user":null,"_wpas_done_3897175":null,"_wpas_skip_3897181":null,"_wpas_skip_3897175":null,"_wpas_skip_3924723":null,"_wpas_mess":null,"_wpas_done_3924723":null,"wps_subtitle":"","_links":{"self":[{"href":"https:\/\/www.aarquiteta.com.br\/blog\/wp-json\/wp\/v2\/posts\/126874","targetHints":{"allow":["GET"]}}],"collection":[{"href":"https:\/\/www.aarquiteta.com.br\/blog\/wp-json\/wp\/v2\/posts"}],"about":[{"href":"https:\/\/www.aarquiteta.com.br\/blog\/wp-json\/wp\/v2\/types\/post"}],"author":[{"embeddable":true,"href":"https:\/\/www.aarquiteta.com.br\/blog\/wp-json\/wp\/v2\/users\/102"}],"replies":[{"embeddable":true,"href":"https:\/\/www.aarquiteta.com.br\/blog\/wp-json\/wp\/v2\/comments?post=126874"}],"version-history":[{"count":0,"href":"https:\/\/www.aarquiteta.com.br\/blog\/wp-json\/wp\/v2\/posts\/126874\/revisions"}],"wp:featuredmedia":[{"embeddable":true,"href":"https:\/\/www.aarquiteta.com.br\/blog\/wp-json\/wp\/v2\/media\/126867"}],"wp:attachment":[{"href":"https:\/\/www.aarquiteta.com.br\/blog\/wp-json\/wp\/v2\/media?parent=126874"}],"wp:term":[{"taxonomy":"category","embeddable":true,"href":"https:\/\/www.aarquiteta.com.br\/blog\/wp-json\/wp\/v2\/categories?post=126874"},{"taxonomy":"post_tag","embeddable":true,"href":"https:\/\/www.aarquiteta.com.br\/blog\/wp-json\/wp\/v2\/tags?post=126874"}],"curies":[{"name":"wp","href":"https:\/\/api.w.org\/{rel}","templated":true}]}}