{"id":126843,"date":"2024-09-02T17:09:38","date_gmt":"2024-09-02T20:09:38","guid":{"rendered":"https:\/\/www.aarquiteta.com.br\/blog\/quarto-de-menina-2\/"},"modified":"2024-09-04T07:11:09","modified_gmt":"2024-09-04T10:11:09","slug":"quarto-de-menina-2","status":"publish","type":"post","link":"https:\/\/www.aarquiteta.com.br\/blog\/quarto-de-menina-2\/","title":{"rendered":"10 Projetos de Quarto de Menina para Inspirar a Decora\u00e7\u00e3o"},"content":{"rendered":"<p>&#8220;`html<\/p>\n<p>Decorar o quarto de uma menina pode ser uma tarefa empolgante e criativa, levando em considera\u00e7\u00e3o suas prefer\u00eancias e a idade dela. Neste artigo, oferecemos 80 ideias inspiradoras que v\u00e3o al\u00e9m do rosa, ajudando voc\u00ea a criar um espa\u00e7o \u00fanico e acolhedor.<\/p>\n<h2>Introdu\u00e7\u00e3o<\/h2>\n<p>Oi, pessoal! Vamos falar sobre como criar um <b>quarto dos sonhos<\/b> para a sua menina. Eu sei, \u00e0s vezes a tarefa parece um desafio e tanto, mas com algumas dicas certeiras e ideias fresquinhas, voc\u00ea pode transformar esse espa\u00e7o em um verdadeiro <b>ref\u00fagio de encantamento<\/b>. Vem comigo!<\/p>\n<h2>1. A Import\u00e2ncia da Paleta de Cores<\/h2>\n<p>Quando penso na paleta de cores, tenho a sensa\u00e7\u00e3o de que isso \u00e9 mais do que apenas pintar paredes. \u00c9 como dar vida ao quarto!<\/p>\n<h3>1.1 Cores Populares e Suas Funcionalidades<\/h3>\n<p>Rosa e tons past\u00e9is t\u00eam seu lugar especial, com suas vibra\u00e7\u00f5es suaves e acolhedoras. Eles <b>transmitem feminilidade e delicadeza<\/b>, criando um ambiente que acolhe a inf\u00e2ncia de maneira m\u00e1gica. \u00c9 como um abra\u00e7o quentinho!<\/p>\n<h3>1.2 Op\u00e7\u00f5es Al\u00e9m do Rosa e Tons Past\u00e9is<\/h3>\n<figure style=\"width: 1024px\" class=\"wp-caption aligncenter\"><img decoding=\"async\" src=\"https:\/\/www.aarquiteta.com.br\/blog\/wp-content\/uploads\/2024\/09\/quarto-de-menina01.jpg\" alt=\"80 Projetos de Quarto de Menina para Inspirar a Decora\u00e7\u00e3o\" width=\"1024\" height=\"1024\" title=\"\"><figcaption class=\"wp-caption-text\">80 Projetos de Quarto de Menina para Inspirar a Decora\u00e7\u00e3o<\/figcaption><\/figure>\n<p>Mas quem disse que s\u00f3 podemos brincar com essas cores? Que tal experimentar outras op\u00e7\u00f5es? Cores prim\u00e1rias, como o <b>azul, amarelo e vermelho<\/b>, podem criar um ambiente vibrante e divertido! Olha s\u00f3 como a composi\u00e7\u00e3o pode ser linda e <b>surpreendente<\/b>.<\/p>\n<h2>2. Criando Ambientes Aconchegantes<\/h2>\n<p>Um quarto n\u00e3o \u00e9 s\u00f3 um lugar para dormir; \u00e9 um espa\u00e7o para brincar, sonhar e at\u00e9 <b>desenvolver a criatividade<\/b>. Por isso, o aconchego \u00e9 fundamental!<\/p>\n<h3>2.1 A Import\u00e2ncia dos Tapetes e Ilumina\u00e7\u00e3o<\/h3>\n<figure style=\"width: 1024px\" class=\"wp-caption aligncenter\"><img decoding=\"async\" src=\"https:\/\/www.aarquiteta.com.br\/blog\/wp-content\/uploads\/2024\/09\/quarto-de-menina-81.webp\" alt=\"80 projetos de quarto de menina para um ambiente dos sonhos\" title=\"\"><figcaption class=\"wp-caption-text\">80 projetos de quarto de menina para um ambiente dos sonhos<\/figcaption><\/figure>\n<p>Um tapete macio sob os p\u00e9s pode fazer toda a diferen\u00e7a, n\u00e3o \u00e9 mesmo? Seja um modelo <b>colorido<\/b> ou o tradicional retangular, o importante \u00e9 garantir que o espa\u00e7o fique <b>acolhedor<\/b>. E a ilumina\u00e7\u00e3o \u00e9 crucial! Um <b>abajur na mesinha<\/b> ou uma arandela perto da cama ajudam a criar um clima perfeito para ler aquele livro antes de dormir.<\/p>\n<h3>2.2 M\u00f3veis que Estimulam a Independ\u00eancia<\/h3>\n<figure style=\"width: 1024px\" class=\"wp-caption aligncenter\"><img decoding=\"async\" src=\"https:\/\/www.aarquiteta.com.br\/blog\/wp-content\/uploads\/2024\/09\/quarto-de-menina02.jpg\" alt=\"80 Projetos de Quarto de Menina para Inspirar a Decora\u00e7\u00e3o\" width=\"1024\" height=\"1024\" title=\"\"><figcaption class=\"wp-caption-text\">80 Projetos de Quarto de Menina para Inspirar a Decora\u00e7\u00e3o<\/figcaption><\/figure>\n<p>Que tal considerar camas montessorianas? Elas s\u00e3o superferramentas de <b>independ\u00eancia<\/b> para as crian\u00e7as, permitindo que elas subam e des\u00e7am livremente. Isso \u00e9 como dar asas \u00e0 imagina\u00e7\u00e3o, n\u00e3o acha?<\/p>\n<h2>3. Decora\u00e7\u00e3o Funcional e Acess\u00edvel<\/h2>\n<p>\u00c9 poss\u00edvel decorar de maneira linda, sem estourar o or\u00e7amento! Olhem s\u00f3!<\/p>\n<h3>3.1 DIY: Criando Itens \u00danicos<\/h3>\n<figure style=\"width: 1024px\" class=\"wp-caption aligncenter\"><img decoding=\"async\" src=\"https:\/\/www.aarquiteta.com.br\/blog\/wp-content\/uploads\/2024\/09\/quarto-de-menina-64-960x1200.webp\" alt=\"Foto de quarto de menina 64 - 1\" title=\"\"><figcaption class=\"wp-caption-text\">Foto de quarto de menina 64 &#8211; 1<\/figcaption><\/figure>\n<p>Isso mesmo! O famoso &#8220;fa\u00e7a voc\u00ea mesmo&#8221; \u00e9 poderoso. Voc\u00ea pode criar quadros, fl\u00e2mulas ou at\u00e9 mesmo macram\u00eas que podem adicionar um toque \u00fanico. A personaliza\u00e7\u00e3o \u00e9 <b>definitiva<\/b>.<\/p>\n<h3>3.2 M\u00f3veis Planejados para Espa\u00e7os Pequenos<\/h3>\n<figure style=\"width: 1024px\" class=\"wp-caption aligncenter\"><img decoding=\"async\" src=\"https:\/\/www.aarquiteta.com.br\/blog\/wp-content\/uploads\/2024\/09\/quarto-de-menina03.jpg\" alt=\"80 Projetos de Quarto de Menina para Inspirar a Decora\u00e7\u00e3o\" width=\"1024\" height=\"1024\" title=\"\"><figcaption class=\"wp-caption-text\">80 Projetos de Quarto de Menina para Inspirar a Decora\u00e7\u00e3o<\/figcaption><\/figure>\n<p>M\u00f3veis planejados s\u00e3o uma solu\u00e7\u00e3o m\u00e1gica para aqueles quartos menores. Eles ajudam a otimizar cada espa\u00e7o, garantindo que tudo tenha um lugar. \u00c9 como um quebra-cabe\u00e7a que se encaixa perfeitamente!<\/p>\n<h2>4. Organiza\u00e7\u00e3o e Praticidade<\/h2>\n<p>Um espa\u00e7o organizado faz mais do que aparentar ser bonito; ele promove tranquilidade e conforto. Ali\u00e1s, o que seria de n\u00f3s sem organiza\u00e7\u00e3o?<\/p>\n<h3>4.1 A Import\u00e2ncia da Organiza\u00e7\u00e3o no Desenvolvimento Infantil<\/h3>\n<figure style=\"width: 1024px\" class=\"wp-caption aligncenter\"><img decoding=\"async\" src=\"https:\/\/www.aarquiteta.com.br\/blog\/wp-content\/uploads\/2024\/09\/quarto-de-menina-8-960x1200.jpg\" alt=\"Foto de quarto de menina 8 - 2\" title=\"\"><figcaption class=\"wp-caption-text\">Foto de quarto de menina 8 &#8211; 2<\/figcaption><\/figure>\n<p>Um ambiente arrumado pode ajudar sua pequena a desenvolver <b>h\u00e1bitos saud\u00e1veis<\/b>. Um quarto bagun\u00e7ado pode rapidamente tornar-se um campo de batalha, afetando o desenvolvimento. N\u00f3s n\u00e3o queremos isso, certo?<\/p>\n<h3>4.2 Nichos e Prateleiras para Brinquedos<\/h3>\n<figure style=\"width: 1024px\" class=\"wp-caption aligncenter\"><img decoding=\"async\" src=\"https:\/\/www.aarquiteta.com.br\/blog\/wp-content\/uploads\/2024\/09\/quarto-de-menina4.jpg\" alt=\"80 Projetos de Quarto de Menina para Inspirar a Decora\u00e7\u00e3o\" width=\"1024\" height=\"1024\" title=\"\"><figcaption class=\"wp-caption-text\">80 Projetos de Quarto de Menina para Inspirar a Decora\u00e7\u00e3o<\/figcaption><\/figure>\n<p>Esses fatores facilitam a rotina e tornam a arruma\u00e7\u00e3o um desafio divertido. Cada brinquedo tem seu lugar, e cada prateleira conta uma hist\u00f3ria! Ah, que beleza!<\/p>\n<h2>5. Temas e Estilos Personalizados<\/h2>\n<p>A personaliza\u00e7\u00e3o \u00e9 a cereja do bolo na decora\u00e7\u00e3o. Incorporar um tema que a crian\u00e7a ama faz toda a diferen\u00e7a, afinal, devemos criar um espa\u00e7o que <b>reflete<\/b> a personalidade dela.<\/p>\n<h3>5.1 Temas Populares Para Quarto de Menina<\/h3>\n<figure style=\"width: 1024px\" class=\"wp-caption aligncenter\"><img decoding=\"async\" src=\"https:\/\/www.aarquiteta.com.br\/blog\/wp-content\/uploads\/2024\/09\/quarto-de-menina-9-960x1200.jpg\" alt=\"Foto de quarto de menina 9 - 3\" title=\"\"><figcaption class=\"wp-caption-text\">Foto de quarto de menina 9 &#8211; 3<\/figcaption><\/figure>\n<p>Seja princesas, bailarinas ou at\u00e9 super-hero\u00ednas, as op\u00e7\u00f5es s\u00e3o infinitas. O importante \u00e9 que a crian\u00e7a se sinta <b>abra\u00e7ada<\/b> pelo tema!<\/p>\n<h3>5.2 A Versatilidade na Decora\u00e7\u00e3o ao Longo do Crescimento<\/h3>\n<h3>Para se aprofundar mais sobre o tema, veja a minha recomenda\u00e7\u00e3o sobre o tema deste artigo no v\u00eddeo a seguir abaixo:<\/h3>\n<p><iframe title=\"YouTube video player\" src=\"https:\/\/www.youtube.com\/embed\/rjp6E1x9_Ic\" width=\"560\" height=\"315\" frameborder=\"0\" allowfullscreen=\"allowfullscreen\"><\/iframe><\/p>\n<p>Pense em um espa\u00e7o que cres\u00e7a com a crian\u00e7a. A continua\u00e7\u00e3o do tema pode mudar um pouco, mas o carinho e a lembran\u00e7a ficar\u00e3o. Olha que lindo!<\/p>\n<h2>Conclus\u00e3o<\/h2>\n<p>Ent\u00e3o, o que eu quero dizer \u00e9 que a decora\u00e7\u00e3o de um quarto vai muito al\u00e9m das cores e dos m\u00f3veis. \u00c9 sobre criar um <b>ambiente seguro e acolhedor<\/b> que cultive sonhos, brincadeiras e aprendizado. Por isso, junto com sua menina, explore as op\u00e7\u00f5es e crie um espa\u00e7o que ela vai amar e recordar para sempre. Vamos l\u00e1, m\u00e3os \u00e0 obra!<\/p>\n<p>&#8220;`<br \/>\n<figure style=\"width: 1024px\" class=\"wp-caption aligncenter\"><img decoding=\"async\" src=\"https:\/\/www.aarquiteta.com.br\/blog\/wp-content\/uploads\/2024\/09\/quarto-de-menina-4-1200x1200.jpg\" alt=\"Foto de quarto de menina 4 - 4\" title=\"\"><figcaption class=\"wp-caption-text\">Foto de quarto de menina 4 &#8211; 4<\/figcaption><\/figure>\n<figure style=\"width: 1024px\" class=\"wp-caption aligncenter\"><img decoding=\"async\" src=\"https:\/\/www.aarquiteta.com.br\/blog\/wp-content\/uploads\/2024\/09\/quarto-de-menina-10.jpg\" alt=\"Foto de quarto de menina 10 - 8\" title=\"\"><figcaption class=\"wp-caption-text\">Foto de quarto de menina 10 &#8211; 8<\/figcaption><\/figure>\n","protected":false},"excerpt":{"rendered":"<p>Descubra 80 projetos criativos e encantadores de quarto de menina que v\u00e3o transformar o sonho de sua filha em realidade.<\/p>\n","protected":false},"author":102,"featured_media":126832,"comment_status":"closed","ping_status":"closed","sticky":false,"template":"","format":"standard","meta":{"footnotes":""},"categories":[1484],"tags":[],"class_list":["post-126843","post","type-post","status-publish","format-standard","has-post-thumbnail","category-decoracao"],"_wp_attached_file":null,"_wp_attachment_metadata":null,"_wp_attachment_context":null,"_wp_attachment_is_custom_header":null,"geo_longitude":null,"geo_public":null,"geo_latitude":null,"_publicize_done_external":null,"_wpas_done_3897181":null,"publicize_twitter_user":null,"_wpas_done_3897175":null,"_wpas_skip_3897181":null,"_wpas_skip_3897175":null,"_wpas_skip_3924723":null,"_wpas_mess":null,"_wpas_done_3924723":null,"wps_subtitle":"","_links":{"self":[{"href":"https:\/\/www.aarquiteta.com.br\/blog\/wp-json\/wp\/v2\/posts\/126843","targetHints":{"allow":["GET"]}}],"collection":[{"href":"https:\/\/www.aarquiteta.com.br\/blog\/wp-json\/wp\/v2\/posts"}],"about":[{"href":"https:\/\/www.aarquiteta.com.br\/blog\/wp-json\/wp\/v2\/types\/post"}],"author":[{"embeddable":true,"href":"https:\/\/www.aarquiteta.com.br\/blog\/wp-json\/wp\/v2\/users\/102"}],"replies":[{"embeddable":true,"href":"https:\/\/www.aarquiteta.com.br\/blog\/wp-json\/wp\/v2\/comments?post=126843"}],"version-history":[{"count":0,"href":"https:\/\/www.aarquiteta.com.br\/blog\/wp-json\/wp\/v2\/posts\/126843\/revisions"}],"wp:featuredmedia":[{"embeddable":true,"href":"https:\/\/www.aarquiteta.com.br\/blog\/wp-json\/wp\/v2\/media\/126832"}],"wp:attachment":[{"href":"https:\/\/www.aarquiteta.com.br\/blog\/wp-json\/wp\/v2\/media?parent=126843"}],"wp:term":[{"taxonomy":"category","embeddable":true,"href":"https:\/\/www.aarquiteta.com.br\/blog\/wp-json\/wp\/v2\/categories?post=126843"},{"taxonomy":"post_tag","embeddable":true,"href":"https:\/\/www.aarquiteta.com.br\/blog\/wp-json\/wp\/v2\/tags?post=126843"}],"curies":[{"name":"wp","href":"https:\/\/api.w.org\/{rel}","templated":true}]}}