{"id":126815,"date":"2024-09-02T13:04:32","date_gmt":"2024-09-02T16:04:32","guid":{"rendered":"https:\/\/www.aarquiteta.com.br\/blog\/plantas-para-primavera\/"},"modified":"2026-09-02T08:45:48","modified_gmt":"2026-09-02T11:45:48","slug":"plantas-para-primavera","status":"publish","type":"post","link":"https:\/\/www.aarquiteta.com.br\/blog\/plantas-para-primavera\/","title":{"rendered":"Plantas para primavera: como escolher esp\u00e9cies para sol, meia-sombra e vasos"},"content":{"rendered":"<p data-start=\"1944\" data-end=\"2246\">A chegada da primavera costuma aumentar a vontade de colocar mais flores e folhagens em vasos, varandas e jardins. Mas a melhor planta n\u00e3o \u00e9 simplesmente a mais colorida da floricultura: \u00e9 aquela que combina com <strong data-start=\"2156\" data-end=\"2245\">a quantidade de sol do local, o espa\u00e7o dispon\u00edvel, a drenagem e o clima da sua regi\u00e3o<\/strong>.<\/p>\n<p data-start=\"2248\" data-end=\"2485\">Antes de escolher uma muda, observe onde ela realmente ficar\u00e1. Um vaso em uma varanda que recebe sol forte \u00e0 tarde oferece condi\u00e7\u00f5es muito diferentes de um canteiro protegido por \u00e1rvores ou de uma \u00e1rea externa exposta ao vento e \u00e0 chuva.<\/p>\n<p data-start=\"2487\" data-end=\"2634\">Por isso, a primavera pode ser um bom momento para renovar o jardim \u2014 desde que a escolha comece pelo ambiente e n\u00e3o apenas pela apar\u00eancia da flor.<\/p>\n<h2 data-section-id=\"1enyixf\" data-start=\"2636\" data-end=\"2680\">Antes de escolher a planta, observe a luz<\/h2>\n<p data-start=\"2682\" data-end=\"2842\">A incid\u00eancia solar \u00e9 um dos primeiros crit\u00e9rios para separar plantas que t\u00eam chance de se desenvolver bem daquelas que provavelmente exigir\u00e3o esfor\u00e7o constante.<\/p>\n<p data-start=\"2844\" data-end=\"2875\">Observe o espa\u00e7o durante o dia.<\/p>\n<p data-start=\"2877\" data-end=\"2888\">Ele recebe:<\/p>\n<ul data-start=\"2890\" data-end=\"3038\">\n<li data-section-id=\"14hkpcq\" data-start=\"2890\" data-end=\"2919\">v\u00e1rias horas de sol direto;<\/li>\n<li data-section-id=\"g7h9c7\" data-start=\"2920\" data-end=\"2942\">apenas sol da manh\u00e3;<\/li>\n<li data-section-id=\"ky311b\" data-start=\"2943\" data-end=\"2988\">luminosidade intensa, mas pouco sol direto;<\/li>\n<li data-section-id=\"kqgwnx\" data-start=\"2989\" data-end=\"3038\">sombra provocada por muros, \u00e1rvores ou pr\u00e9dios?<\/li>\n<\/ul>\n<p data-start=\"3040\" data-end=\"3094\">Tamb\u00e9m considere que a insola\u00e7\u00e3o muda ao longo do ano.<\/p>\n<p data-start=\"3096\" data-end=\"3317\">Uma varanda que recebe pouco sol no inverno pode ficar muito mais exposta na primavera e no ver\u00e3o. Da mesma forma, \u00e1rvores caducas, beirais e constru\u00e7\u00f5es vizinhas alteram bastante a quantidade de luz que chega \u00e0s plantas.<\/p>\n<p data-start=\"3319\" data-end=\"3519\">O artigo sobre <a class=\"decorated-link\" href=\"https:\/\/www.aarquiteta.com.br\/blog\/preparando-vasos-e-canteiros-para-primavera\/?utm_source=chatgpt.com\" target=\"_new\" rel=\"noopener\" data-start=\"3334\" data-end=\"3465\">como preparar vasos e canteiros para a primavera<\/a> aprofunda essa etapa de diagn\u00f3stico antes do plantio.<\/p>\n<figure style=\"width: 1024px\" class=\"wp-caption aligncenter\"><img decoding=\"async\" src=\"https:\/\/www.aarquiteta.com.br\/blog\/wp-content\/uploads\/2024\/09\/plantas-para-primavera01.jpg\" alt=\"5 Plantas para Primavera Que N\u00e3o Podem Faltar no Seu Jardim\" width=\"1024\" height=\"1024\" title=\"\"><figcaption class=\"wp-caption-text\">5 Plantas para Primavera Que N\u00e3o Podem Faltar no Seu Jardim<\/figcaption><\/figure>\n<h2 data-section-id=\"1ub83bu\" data-start=\"3521\" data-end=\"3599\">Para \u00e1reas de sol: pet\u00fania \u00e9 uma op\u00e7\u00e3o interessante para vasos e bordaduras<\/h2>\n<p data-start=\"3601\" data-end=\"3727\">A pet\u00fania chama aten\u00e7\u00e3o pela variedade de cores e pelo porte que funciona bem tanto em recipientes quanto em pequenos maci\u00e7os.<\/p>\n<p data-start=\"3729\" data-end=\"4021\">H\u00e1 esp\u00e9cies de pet\u00fania nativas do sul do Brasil. Material t\u00e9cnico sobre plantas ornamentais nativas registra a <strong data-start=\"3840\" data-end=\"3864\">Petunia integrifolia<\/strong> como planta de pleno sol, adequada para vasos, bordaduras e maci\u00e7os. O documento tamb\u00e9m descreve rebrota na primavera.<\/p>\n<p data-start=\"4023\" data-end=\"4077\">Em casa, isso significa que ela pode funcionar bem em:<\/p>\n<ul data-start=\"4079\" data-end=\"4230\">\n<li data-section-id=\"g1grcq\" data-start=\"4079\" data-end=\"4105\">jardineiras ensolaradas;<\/li>\n<li data-section-id=\"hyu6fj\" data-start=\"4106\" data-end=\"4148\">vasos pr\u00f3ximos a \u00e1reas externas abertas;<\/li>\n<li data-section-id=\"1pivtvl\" data-start=\"4149\" data-end=\"4171\">bordas de canteiros;<\/li>\n<li data-section-id=\"14orgj9\" data-start=\"4172\" data-end=\"4230\">composi\u00e7\u00f5es em que a flora\u00e7\u00e3o seja o principal destaque.<\/li>\n<\/ul>\n<p data-start=\"4232\" data-end=\"4317\">O ponto de aten\u00e7\u00e3o \u00e9 n\u00e3o interpretar \u201cgosta de sol\u201d como \u201cn\u00e3o precisa observar \u00e1gua\u201d.<\/p>\n<p data-start=\"4319\" data-end=\"4473\">Vasos pequenos aquecem e secam mais rapidamente do que canteiros. Por isso, acompanhe a umidade do substrato em vez de seguir uma frequ\u00eancia de rega fixa.<\/p>\n<h3 data-section-id=\"phn2x7\" data-start=\"4475\" data-end=\"4493\">Onde eu usaria<\/h3>\n<p data-start=\"4495\" data-end=\"4631\">Pet\u00fanias funcionam melhor visualmente quando agrupadas em poucos tons, em vez de distribuir muitas cores diferentes pelo mesmo ambiente.<\/p>\n<p data-start=\"4633\" data-end=\"4799\">Em uma varanda contempor\u00e2nea, por exemplo, vasos neutros com pet\u00fanias de uma ou duas tonalidades podem criar um ponto de cor sem competir com o restante da decora\u00e7\u00e3o.<\/p>\n<figure style=\"width: 1024px\" class=\"wp-caption aligncenter\"><img decoding=\"async\" src=\"https:\/\/www.aarquiteta.com.br\/blog\/wp-content\/uploads\/2024\/09\/plantas-para-primavera04.jpg\" alt=\"5 Plantas para Primavera Que N\u00e3o Podem Faltar no Seu Jardim\" width=\"1024\" height=\"1024\" title=\"\"><figcaption class=\"wp-caption-text\">5 Plantas para Primavera Que N\u00e3o Podem Faltar no Seu Jardim<\/figcaption><\/figure>\n<h2 data-section-id=\"2tftel\" data-start=\"4801\" data-end=\"4865\">Para muros e p\u00e9rgolas ensolarados: primavera ou bougainvillea<\/h2>\n<p data-start=\"4867\" data-end=\"4993\">A planta conhecida justamente como <strong data-start=\"4902\" data-end=\"4915\">primavera<\/strong>, buganv\u00edlia ou tr\u00eas-marias \u00e9 uma escolha muito diferente de uma flor de vaso.<\/p>\n<p data-start=\"4995\" data-end=\"5236\">A <em data-start=\"4997\" data-end=\"5019\">Bougainvillea glabra<\/em> \u00e9 uma trepadeira lenhosa e vigorosa. Material p\u00fablico de paisagismo a descreve como esp\u00e9cie de pleno sol, que pode ser conduzida como trepadeira, arbusto, cerca-viva ou arvoreta.<\/p>\n<p data-start=\"5238\" data-end=\"5279\">Isso muda completamente o modo de us\u00e1-la.<\/p>\n<p data-start=\"5281\" data-end=\"5326\">Antes de plantar uma bougainvillea, pense em:<\/p>\n<ul data-start=\"5328\" data-end=\"5466\">\n<li data-section-id=\"jcovm0\" data-start=\"5328\" data-end=\"5343\">porte adulto;<\/li>\n<li data-section-id=\"1bjyetk\" data-start=\"5344\" data-end=\"5383\">estrutura que vai sustentar os ramos;<\/li>\n<li data-section-id=\"lcgozq\" data-start=\"5384\" data-end=\"5407\">espa\u00e7o para condu\u00e7\u00e3o;<\/li>\n<li data-section-id=\"1ha0r2m\" data-start=\"5408\" data-end=\"5437\">manuten\u00e7\u00e3o e podas futuras;<\/li>\n<li data-section-id=\"g25ufn\" data-start=\"5438\" data-end=\"5466\">proximidade de circula\u00e7\u00e3o.<\/li>\n<\/ul>\n<p data-start=\"5468\" data-end=\"5572\">Ela n\u00e3o deve ser tratada como uma pequena planta decorativa que pode simplesmente ocupar qualquer canto.<\/p>\n<h3 data-section-id=\"m031mo\" data-start=\"5574\" data-end=\"5598\">Onde funciona melhor<\/h3>\n<p data-start=\"5600\" data-end=\"5632\">\u00c9 especialmente interessante em:<\/p>\n<ul data-start=\"5634\" data-end=\"5741\">\n<li data-section-id=\"4jxaem\" data-start=\"5634\" data-end=\"5645\">p\u00e9rgolas;<\/li>\n<li data-section-id=\"1iq80co\" data-start=\"5646\" data-end=\"5661\">caramanch\u00f5es;<\/li>\n<li data-section-id=\"kkcqms\" data-start=\"5662\" data-end=\"5682\">muros ensolarados;<\/li>\n<li data-section-id=\"b08igm\" data-start=\"5683\" data-end=\"5692\">cercas;<\/li>\n<li data-section-id=\"l9085\" data-start=\"5693\" data-end=\"5741\">\u00e1reas externas onde exista estrutura adequada.<\/li>\n<\/ul>\n<p data-start=\"5743\" data-end=\"5871\">Em projetos pequenos, a quest\u00e3o n\u00e3o \u00e9 apenas \u201ccabe agora?\u201d, mas <strong data-start=\"5807\" data-end=\"5870\">quanto espa\u00e7o a planta poder\u00e1 ocupar depois de estabelecida<\/strong>.<\/p>\n<h2 data-section-id=\"eodh0e\" data-start=\"5873\" data-end=\"5940\">Lavanda: bonita, arom\u00e1tica, mas n\u00e3o \u00e9 planta para qualquer clima<\/h2>\n<p data-start=\"5942\" data-end=\"6071\">A lavanda aparece com frequ\u00eancia em listas de plantas f\u00e1ceis, mas esse \u00e9 justamente um exemplo em que vale evitar generaliza\u00e7\u00f5es.<\/p>\n<p data-start=\"6073\" data-end=\"6352\">H\u00e1 v\u00e1rias esp\u00e9cies e cultivares de lavanda, com comportamentos diferentes. Refer\u00eancias t\u00e9cnicas brasileiras destacam que condi\u00e7\u00f5es clim\u00e1ticas e gen\u00e9ticas influenciam bastante o cultivo, e que a escolha do material adequado depende da regi\u00e3o.<\/p>\n<p data-start=\"6354\" data-end=\"6403\">Para cultivo ornamental, a lavanda tende a pedir:<\/p>\n<ul data-start=\"6405\" data-end=\"6504\">\n<li data-section-id=\"fuggh7\" data-start=\"6405\" data-end=\"6429\">bastante luminosidade;<\/li>\n<li data-section-id=\"1wd4f5s\" data-start=\"6430\" data-end=\"6462\">solo ou substrato bem drenado;<\/li>\n<li data-section-id=\"4khae4\" data-start=\"6463\" data-end=\"6504\">cuidado com excesso prolongado de \u00e1gua.<\/li>\n<\/ul>\n<p data-start=\"6506\" data-end=\"6731\">H\u00e1 registros brasileiros indicando boa adapta\u00e7\u00e3o de <strong data-start=\"6558\" data-end=\"6579\">Lavandula dentata<\/strong> em determinadas condi\u00e7\u00f5es nacionais, especialmente quando comparada a esp\u00e9cies mais exigentes em clima temperado.<\/p>\n<p data-start=\"6733\" data-end=\"6804\">Por isso, eu evitaria comprar uma muda apenas com a etiqueta \u201clavanda\u201d.<\/p>\n<p data-start=\"6806\" data-end=\"6893\">Pergunte qual \u00e9 a esp\u00e9cie ou cultivar e procure saber se ela \u00e9 adequada ao clima local.<\/p>\n<h3 data-section-id=\"1k9kb8t\" data-start=\"6895\" data-end=\"6939\">Em vaso, a drenagem merece aten\u00e7\u00e3o extra<\/h3>\n<p data-start=\"6941\" data-end=\"7069\">Lavanda em recipiente pode funcionar muito bem visualmente em \u00e1reas ensolaradas, mas o vaso precisa ter sa\u00edda de \u00e1gua eficiente.<\/p>\n<p data-start=\"7071\" data-end=\"7184\">Se a chuva costuma atingir diretamente o recipiente, observe se o substrato permanece encharcado por muito tempo.<\/p>\n<p data-start=\"7186\" data-end=\"7242\">Primavera n\u00e3o significa automaticamente aumentar a rega.<\/p>\n<figure style=\"width: 1024px\" class=\"wp-caption aligncenter\"><img decoding=\"async\" src=\"https:\/\/www.aarquiteta.com.br\/blog\/wp-content\/uploads\/2024\/09\/plantas-para-primavera03.jpg\" alt=\"5 Plantas para Primavera Que N\u00e3o Podem Faltar no Seu Jardim\" width=\"1024\" height=\"1024\" title=\"\"><figcaption class=\"wp-caption-text\">5 Plantas para Primavera Que N\u00e3o Podem Faltar no Seu Jardim<\/figcaption><\/figure>\n<h2 data-section-id=\"7q78sh\" data-start=\"7244\" data-end=\"7309\">Se o local tem meia-sombra, n\u00e3o tente for\u00e7ar uma planta de sol<\/h2>\n<p data-start=\"7311\" data-end=\"7398\">Um jardim agrad\u00e1vel n\u00e3o precisa ser formado somente por esp\u00e9cies floridas de pleno sol.<\/p>\n<p data-start=\"7400\" data-end=\"7486\">\u00c1reas de meia-sombra podem ganhar interesse por meio de folhagens, volumes e texturas.<\/p>\n<p data-start=\"7488\" data-end=\"7726\">A <strong data-start=\"7490\" data-end=\"7526\">areca-bambu (<em data-start=\"7505\" data-end=\"7523\">Dypsis lutescens<\/em>)<\/strong>, por exemplo, \u00e9 registrada pelo Jardim Bot\u00e2nico de S\u00e3o Gon\u00e7alo do Amarante como esp\u00e9cie ornamental que pode ser cultivada tanto a pleno sol quanto \u00e0 meia-sombra.<\/p>\n<p data-start=\"7728\" data-end=\"7774\">Ela pode funcionar como elemento de volume em:<\/p>\n<ul data-start=\"7776\" data-end=\"7881\">\n<li data-section-id=\"raxypt\" data-start=\"7776\" data-end=\"7795\">varandas maiores;<\/li>\n<li data-section-id=\"ky6nmj\" data-start=\"7796\" data-end=\"7822\">jardins pr\u00f3ximos \u00e0 casa;<\/li>\n<li data-section-id=\"141j20u\" data-start=\"7823\" data-end=\"7844\">fundos de canteiro;<\/li>\n<li data-section-id=\"1vy8v89\" data-start=\"7845\" data-end=\"7881\">composi\u00e7\u00f5es com folhagens menores.<\/li>\n<\/ul>\n<p data-start=\"7883\" data-end=\"7959\">Mas \u00e9 uma palmeira: portanto, o porte adulto precisa fazer parte da decis\u00e3o.<\/p>\n<p data-start=\"7961\" data-end=\"8024\">A escolha n\u00e3o deve considerar apenas o tamanho da muda na loja.<\/p>\n<h2 data-section-id=\"14wpxfr\" data-start=\"8026\" data-end=\"8099\">Brom\u00e9lias podem resolver \u00e1reas onde a folhagem importa mais que a flor<\/h2>\n<p data-start=\"8101\" data-end=\"8217\">As brom\u00e9lias s\u00e3o especialmente interessantes quando o objetivo \u00e9 obter presen\u00e7a visual por meio das pr\u00f3prias folhas.<\/p>\n<p data-start=\"8219\" data-end=\"8481\">O Jardim Bot\u00e2nico de Belo Horizonte destaca a diversidade da fam\u00edlia e sua utiliza\u00e7\u00e3o em paisagismo, al\u00e9m de alertar para a import\u00e2ncia de adquirir mudas produzidas por viveiristas, evitando exemplares retirados da natureza.<\/p>\n<p data-start=\"8483\" data-end=\"8624\">Existem brom\u00e9lias com exig\u00eancias de luz muito diferentes entre si. Portanto, \u201cbrom\u00e9lia\u201d n\u00e3o deve ser tratada como uma \u00fanica regra de cultivo.<\/p>\n<p data-start=\"8626\" data-end=\"8921\">Um exemplo \u00e9 a brom\u00e9lia-imperial, esp\u00e9cie brasileira de grande porte. A Prefeitura de S\u00e3o Paulo registra exemplares utilizados em condi\u00e7\u00f5es de sombra, enquanto outras refer\u00eancias paisag\u00edsticas indicam cultivares e esp\u00e9cies que toleram maior exposi\u00e7\u00e3o solar.<\/p>\n<p data-start=\"8923\" data-end=\"9020\">Isso refor\u00e7a uma regra simples: identifique a <strong data-start=\"8969\" data-end=\"8980\">esp\u00e9cie<\/strong>, n\u00e3o apenas o nome gen\u00e9rico da fam\u00edlia.<\/p>\n<h3 data-section-id=\"1apvaml\" data-start=\"9022\" data-end=\"9044\">Aten\u00e7\u00e3o ao tamanho<\/h3>\n<p data-start=\"9046\" data-end=\"9128\">Algumas brom\u00e9lias ficam pequenas; outras podem ocupar mais de um metro de largura.<\/p>\n<p data-start=\"9130\" data-end=\"9253\">A brom\u00e9lia-imperial, por exemplo, pode atingir dimens\u00f5es consider\u00e1veis quando adulta.<\/p>\n<p data-start=\"9255\" data-end=\"9352\">Para vasos estreitos ou varandas pequenas, escolha esp\u00e9cies compat\u00edveis com a escala do ambiente.<\/p>\n<h2 data-section-id=\"1sgo8we\" data-start=\"9354\" data-end=\"9378\">E as plantas nativas?<\/h2>\n<p data-start=\"9380\" data-end=\"9418\">Vale olhar para elas com mais aten\u00e7\u00e3o.<\/p>\n<p data-start=\"9420\" data-end=\"9684\">O Brasil possui uma enorme diversidade de esp\u00e9cies ornamentais que podem ser usadas em paisagismo. A Embrapa, por exemplo, documenta dezenas de plantas da Caatinga com potencial para jardins, vasos e composi\u00e7\u00e3o paisag\u00edstica.<\/p>\n<p data-start=\"9686\" data-end=\"9728\">Mas existe uma diferen\u00e7a importante entre:<\/p>\n<p data-start=\"9730\" data-end=\"9766\"><strong data-start=\"9730\" data-end=\"9766\">\u201cesta planta \u00e9 nativa do Brasil\u201d<\/strong><\/p>\n<p data-start=\"9768\" data-end=\"9769\">e<\/p>\n<p data-start=\"9771\" data-end=\"9814\"><strong data-start=\"9771\" data-end=\"9814\">\u201cesta planta \u00e9 adequada ao meu jardim\u201d.<\/strong><\/p>\n<p data-start=\"9816\" data-end=\"9938\">Uma esp\u00e9cie origin\u00e1ria da Caatinga, da Mata Atl\u00e2ntica ou dos campos do Sul do pa\u00eds pode exigir condi\u00e7\u00f5es muito diferentes.<\/p>\n<p data-start=\"9940\" data-end=\"10016\">Portanto, al\u00e9m de priorizar plantas nativas quando fizer sentido, considere:<\/p>\n<ul data-start=\"10018\" data-end=\"10145\">\n<li data-section-id=\"1ljj201\" data-start=\"10018\" data-end=\"10036\">bioma de origem;<\/li>\n<li data-section-id=\"1biejmh\" data-start=\"10037\" data-end=\"10045\">clima;<\/li>\n<li data-section-id=\"3vvc9l\" data-start=\"10046\" data-end=\"10065\">regime de chuvas;<\/li>\n<li data-section-id=\"1w89wby\" data-start=\"10066\" data-end=\"10078\">insola\u00e7\u00e3o;<\/li>\n<li data-section-id=\"1ir36q7\" data-start=\"10079\" data-end=\"10087\">porte;<\/li>\n<li data-section-id=\"1q5l6j3\" data-start=\"10088\" data-end=\"10103\">tipo de solo;<\/li>\n<li data-section-id=\"lxf9vw\" data-start=\"10104\" data-end=\"10145\">disponibilidade em viveiros confi\u00e1veis.<\/li>\n<\/ul>\n<p data-start=\"10147\" data-end=\"10239\">Esse cuidado \u00e9 mais \u00fatil do que simplesmente dividir as op\u00e7\u00f5es entre \u201cnativas\u201d e \u201cex\u00f3ticas\u201d.<\/p>\n<h2 data-section-id=\"x0fw0d\" data-start=\"10241\" data-end=\"10285\">Plantar em vaso ou no ch\u00e3o muda a escolha<\/h2>\n<p data-start=\"10287\" data-end=\"10371\">A mesma esp\u00e9cie pode se comportar de forma diferente dependendo do local de cultivo.<\/p>\n<p data-start=\"10373\" data-end=\"10472\">No solo, as ra\u00edzes costumam ter acesso a volume maior de terra e maior estabilidade de temperatura.<\/p>\n<p data-start=\"10474\" data-end=\"10509\">No vaso, h\u00e1 limites f\u00edsicos claros.<\/p>\n<p data-start=\"10511\" data-end=\"10572\">Quanto menor o recipiente, maior tende a ser a influ\u00eancia de:<\/p>\n<ul data-start=\"10574\" data-end=\"10645\">\n<li data-section-id=\"1blmf9c\" data-start=\"10574\" data-end=\"10582\">calor;<\/li>\n<li data-section-id=\"1p19kyd\" data-start=\"10583\" data-end=\"10591\">vento;<\/li>\n<li data-section-id=\"19rq6ex\" data-start=\"10592\" data-end=\"10613\">frequ\u00eancia de rega;<\/li>\n<li data-section-id=\"69b7uo\" data-start=\"10614\" data-end=\"10625\">drenagem;<\/li>\n<li data-section-id=\"jekeil\" data-start=\"10626\" data-end=\"10645\">volume de ra\u00edzes.<\/li>\n<\/ul>\n<p data-start=\"10647\" data-end=\"10838\">A Embrapa observa que o cultivo em vasos exige aten\u00e7\u00e3o espec\u00edfica e que nem todas as esp\u00e9cies se comportam da mesma maneira em recipientes e canteiros.<\/p>\n<p data-start=\"10840\" data-end=\"10936\">Antes de comprar uma planta grande para um vaso decorativo pequeno, pense no crescimento futuro.<\/p>\n<p data-start=\"10938\" data-end=\"11120\">Para planejamento mais completo, veja tamb\u00e9m <a class=\"decorated-link\" href=\"https:\/\/www.aarquiteta.com.br\/blog\/canteiro-de-jardim-como-fazer-e-alguns-modelos-lindos\/?utm_source=chatgpt.com\" target=\"_new\" rel=\"noopener\" data-start=\"10983\" data-end=\"11119\">canteiros de jardim: como criar e organizar<\/a>.<\/p>\n<h2 data-section-id=\"tjip8z\" data-start=\"11122\" data-end=\"11192\">Cinco perguntas para fazer antes de comprar uma planta na primavera<\/h2>\n<p data-start=\"11194\" data-end=\"11255\">Em vez de decorar uma lista de esp\u00e9cies, use estas perguntas:<\/p>\n<div class=\"group TyagGW_tableContainer\">\n<div class=\"TyagGW_tableWrapper flex flex-col-reverse w-fit\" tabindex=\"-1\">\n<table class=\"w-fit min-w-(--thread-content-width)\" data-start=\"11257\" data-end=\"11744\">\n<thead data-start=\"11257\" data-end=\"11287\">\n<tr data-start=\"11257\" data-end=\"11287\">\n<th class=\"last:pe-10\" data-start=\"11257\" data-end=\"11268\" data-col-size=\"sm\">Pergunta<\/th>\n<th class=\"last:pe-10\" data-start=\"11268\" data-end=\"11287\" data-col-size=\"md\">Por que importa<\/th>\n<\/tr>\n<\/thead>\n<tbody data-start=\"11298\" data-end=\"11744\">\n<tr data-start=\"11298\" data-end=\"11382\">\n<td data-start=\"11298\" data-end=\"11327\" data-col-size=\"sm\">Quanto sol o local recebe?<\/td>\n<td data-col-size=\"md\" data-start=\"11327\" data-end=\"11382\">Define quais esp\u00e9cies t\u00eam maior chance de adapta\u00e7\u00e3o<\/td>\n<\/tr>\n<tr data-start=\"11383\" data-end=\"11478\">\n<td data-start=\"11383\" data-end=\"11422\" data-col-size=\"sm\">A planta ficar\u00e1 em vaso ou canteiro?<\/td>\n<td data-col-size=\"md\" data-start=\"11422\" data-end=\"11478\">Muda espa\u00e7o radicular, drenagem e frequ\u00eancia de rega<\/td>\n<\/tr>\n<tr data-start=\"11479\" data-end=\"11553\">\n<td data-start=\"11479\" data-end=\"11507\" data-col-size=\"sm\">Qual ser\u00e1 o porte adulto?<\/td>\n<td data-col-size=\"md\" data-start=\"11507\" data-end=\"11553\">Evita plantas desproporcionais ao ambiente<\/td>\n<\/tr>\n<tr data-start=\"11554\" data-end=\"11642\">\n<td data-start=\"11554\" data-end=\"11582\" data-col-size=\"sm\">Como \u00e9 o clima da regi\u00e3o?<\/td>\n<td data-col-size=\"md\" data-start=\"11582\" data-end=\"11642\">Algumas esp\u00e9cies preferem calor, outras clima mais ameno<\/td>\n<\/tr>\n<tr data-start=\"11643\" data-end=\"11744\">\n<td data-start=\"11643\" data-end=\"11686\" data-col-size=\"sm\">Quanto tempo quero dedicar \u00e0 manuten\u00e7\u00e3o?<\/td>\n<td data-col-size=\"md\" data-start=\"11686\" data-end=\"11744\">Ajuda a escolher entre plantas mais ou menos exigentes<\/td>\n<\/tr>\n<\/tbody>\n<\/table>\n<\/div>\n<\/div>\n<p data-start=\"11746\" data-end=\"11829\">Esses cinco crit\u00e9rios eliminam boa parte das escolhas feitas apenas pela apar\u00eancia.<\/p>\n<h2 data-section-id=\"1j94zub\" data-start=\"11831\" data-end=\"11889\">Um jardim de primavera n\u00e3o precisa ser renovado inteiro<\/h2>\n<p data-start=\"11891\" data-end=\"11974\">Outro erro comum \u00e9 imaginar que a chegada da nova esta\u00e7\u00e3o exige substituir plantas.<\/p>\n<p data-start=\"11976\" data-end=\"12081\">Muitas esp\u00e9cies perenes que j\u00e1 est\u00e3o bem adaptadas podem continuar sendo a estrutura principal do jardim.<\/p>\n<p data-start=\"12083\" data-end=\"12122\">A primavera pode ser usada apenas para:<\/p>\n<ul data-start=\"12124\" data-end=\"12355\">\n<li data-section-id=\"x3gtwb\" data-start=\"12124\" data-end=\"12150\">preencher um vaso vazio;<\/li>\n<li data-section-id=\"1tdg11z\" data-start=\"12151\" data-end=\"12192\">corrigir uma composi\u00e7\u00e3o desequilibrada;<\/li>\n<li data-section-id=\"xihf0l\" data-start=\"12193\" data-end=\"12225\">adicionar uma esp\u00e9cie florida;<\/li>\n<li data-section-id=\"s56f2\" data-start=\"12226\" data-end=\"12279\">substituir uma planta que realmente n\u00e3o se adaptou;<\/li>\n<li data-section-id=\"1g9w4a0\" data-start=\"12280\" data-end=\"12302\">ampliar um canteiro;<\/li>\n<li data-section-id=\"1ay81pm\" data-start=\"12303\" data-end=\"12355\">reorganizar recipientes conforme a mudan\u00e7a da luz.<\/li>\n<\/ul>\n<p data-start=\"12357\" data-end=\"12458\">Essa estrat\u00e9gia costuma produzir um jardim mais coerente do que trocar v\u00e1rias plantas ao mesmo tempo.<\/p>\n<p data-start=\"12460\" data-end=\"12668\">Para plantas j\u00e1 estabelecidas, as orienta\u00e7\u00f5es de <a class=\"decorated-link\" href=\"https:\/\/www.aarquiteta.com.br\/blog\/manutencao-de-primavera\/?utm_source=chatgpt.com\" target=\"_new\" rel=\"noopener\" data-start=\"12509\" data-end=\"12605\">manuten\u00e7\u00e3o do jardim na primavera<\/a> devem ser tratadas separadamente da escolha de novas esp\u00e9cies.<\/p>\n<div class=\"youtube-embed\" data-video_id=\"S6GB7ByFUt8\"><iframe title=\"10 PLANTAS VARIEGATAS LINDAS, ORNAMENTAIS E DE F\u00c1CIL CULTIVO | PLANTAS DE SOMBRA E SOL PLENO\" width=\"696\" height=\"392\" src=\"https:\/\/www.youtube.com\/embed\/S6GB7ByFUt8?feature=oembed&#038;enablejsapi=1\" frameborder=\"0\" allow=\"accelerometer; autoplay; clipboard-write; encrypted-media; gyroscope; picture-in-picture; web-share\" referrerpolicy=\"strict-origin-when-cross-origin\" allowfullscreen><\/iframe><\/div>\n<h2 data-section-id=\"1l8qpfj\" data-start=\"12670\" data-end=\"12725\">Cuidado com frases como \u201crega duas vezes por semana\u201d<\/h2>\n<p data-start=\"12727\" data-end=\"12797\">A quantidade de \u00e1gua necess\u00e1ria n\u00e3o depende somente do nome da planta.<\/p>\n<p data-start=\"12799\" data-end=\"12820\">Tamb\u00e9m muda conforme:<\/p>\n<ul data-start=\"12822\" data-end=\"12967\">\n<li data-section-id=\"1d79w6b\" data-start=\"12822\" data-end=\"12840\">tamanho do vaso;<\/li>\n<li data-section-id=\"1narc0e\" data-start=\"12841\" data-end=\"12862\">tipo de recipiente;<\/li>\n<li data-section-id=\"1p19kyd\" data-start=\"12863\" data-end=\"12871\">vento;<\/li>\n<li data-section-id=\"1tn7a3\" data-start=\"12872\" data-end=\"12886\">temperatura;<\/li>\n<li data-section-id=\"1bfttay\" data-start=\"12887\" data-end=\"12895\">chuva;<\/li>\n<li data-section-id=\"kymtio\" data-start=\"12896\" data-end=\"12916\">quantidade de sol;<\/li>\n<li data-section-id=\"1jgba63\" data-start=\"12917\" data-end=\"12937\">tipo de substrato;<\/li>\n<li data-section-id=\"l5tevf\" data-start=\"12938\" data-end=\"12967\">est\u00e1gio de desenvolvimento.<\/li>\n<\/ul>\n<p data-start=\"12969\" data-end=\"13057\">Por isso, uma frequ\u00eancia fixa pode funcionar em uma semana e ser inadequada na seguinte.<\/p>\n<p data-start=\"13059\" data-end=\"13100\">Observe a umidade e a resposta da planta.<\/p>\n<p data-start=\"13102\" data-end=\"13318\">Folhas murchas, manchas, apodrecimento e crescimento fraco podem ter causas diferentes. Quando o problema persiste, vale buscar orienta\u00e7\u00e3o de profissional de jardinagem, paisagista, agr\u00f4nomo ou viveiro especializado.<\/p>\n<h2 data-section-id=\"54691f\" data-start=\"13320\" data-end=\"13356\">A escolha certa come\u00e7a pelo lugar<\/h2>\n<p data-start=\"13358\" data-end=\"13503\">Pet\u00fanias, lavandas, brom\u00e9lias, palmeiras e bougainvilleas podem criar jardins completamente diferentes \u2014 e nenhuma delas \u00e9 uma escolha universal.<\/p>\n<p data-start=\"13505\" data-end=\"13658\">Antes de decidir pela cor da flor, observe o sol. Antes de comprar o vaso, pense nas ra\u00edzes. Antes de escolher uma muda pequena, pesquise o porte adulto.<\/p>\n<p data-start=\"13660\" data-end=\"13891\">Na primavera, esse olhar inicial ajuda a evitar uma situa\u00e7\u00e3o muito comum: comprar uma planta bonita, coloc\u00e1-la no lugar errado e depois tentar compensar a falta de adapta\u00e7\u00e3o com mais \u00e1gua, mais adubo ou mudan\u00e7as sucessivas de vaso.<\/p>\n<p data-start=\"13893\" data-end=\"14039\">Um jardim saud\u00e1vel come\u00e7a menos pela quantidade de plantas e mais pela combina\u00e7\u00e3o correta entre <strong data-start=\"13989\" data-end=\"14038\">esp\u00e9cie, espa\u00e7o e condi\u00e7\u00f5es reais do ambiente<\/strong>.<\/p>\n<h1 data-section-id=\"vru5gs\" data-start=\"14046\" data-end=\"14072\">Links interessantes:<\/h1>\n<ol data-start=\"14099\" data-end=\"14592\">\n<li data-section-id=\"2hnzhq\" data-start=\"14099\" data-end=\"14235\"><span class=\"contents\" data-content-reference-start=\"14118\" data-content-reference-end=\"14252\"><span class=\"\" data-state=\"closed\"><a class=\"decorated-link\" href=\"https:\/\/www.aarquiteta.com.br\/blog\/preparando-vasos-e-canteiros-para-primavera\/?utm_source=chatgpt.com\" target=\"_blank\" rel=\"noopener\">Como preparar vasos e canteiros para a primavera<\/a><\/span><\/span> \u2014 j\u00e1 atualizado e complementar \u00e0 escolha de esp\u00e9cies.<\/li>\n<li data-section-id=\"dvj9ce\" data-start=\"14236\" data-end=\"14347\"><span class=\"contents\" data-content-reference-start=\"14333\" data-content-reference-end=\"14422\"><span class=\"\" data-state=\"closed\"><a class=\"decorated-link\" href=\"https:\/\/www.aarquiteta.com.br\/blog\/manutencao-de-primavera\/?utm_source=chatgpt.com\" target=\"_blank\" rel=\"noopener\">Manuten\u00e7\u00e3o de primavera<\/a><\/span><\/span> \u2014 para cuidados posteriores.<\/li>\n<li data-section-id=\"18su2vx\" data-start=\"14348\" data-end=\"14465\"><span class=\"contents\" data-content-reference-start=\"14478\" data-content-reference-end=\"14593\"><span class=\"\" data-state=\"closed\"><a class=\"decorated-link\" href=\"https:\/\/www.aarquiteta.com.br\/blog\/canteiro-de-jardim-como-fazer-e-alguns-modelos-lindos\/?utm_source=chatgpt.com\" target=\"_blank\" rel=\"noopener\">Canteiros de jardim<\/a><\/span><\/span> \u2014 planejamento f\u00edsico do canteiro.<\/li>\n<\/ol>\n<h1 data-section-id=\"153926f\" data-start=\"16788\" data-end=\"16807\">Fontes principais<\/h1>\n<p data-start=\"16809\" data-end=\"16900\">As afirma\u00e7\u00f5es t\u00e9cnicas da atualiza\u00e7\u00e3o foram conferidas em fontes p\u00fablicas e institucionais:<\/p>\n<ul data-start=\"16902\" data-end=\"17971\">\n<li style=\"list-style-type: none;\">\n<ul data-start=\"16902\" data-end=\"17971\">\n<li data-section-id=\"ba6qxy\" data-start=\"16902\" data-end=\"17037\"><strong data-start=\"16904\" data-end=\"16938\">Embrapa \u2014 Jardim e Jardinagem:<\/strong> cultivo de ornamentais e particularidades do uso de vasos.<\/li>\n<li data-section-id=\"1x10j10\" data-start=\"17038\" data-end=\"17206\"><strong data-start=\"17040\" data-end=\"17096\">Embrapa Semi\u00e1rido \u2014 Plantas ornamentais da Caatinga:<\/strong> diversidade de esp\u00e9cies nativas para paisagismo e cultivo ornamental.<\/li>\n<li data-section-id=\"11uuofa\" data-start=\"17207\" data-end=\"17339\"><strong data-start=\"17209\" data-end=\"17256\">Jardim Bot\u00e2nico de S\u00e3o Gon\u00e7alo do Amarante:<\/strong> caracter\u00edsticas de cultivo da areca-bambu.<\/li>\n<li data-section-id=\"lnre9e\" data-start=\"17340\" data-end=\"17468\"><strong data-start=\"17342\" data-end=\"17398\">Funda\u00e7\u00e3o de Parques e Zoobot\u00e2nica de Belo Horizonte:<\/strong> brom\u00e9lias e uso paisag\u00edstico.<\/li>\n<li data-section-id=\"16n0cy6\" data-start=\"17469\" data-end=\"17599\"><strong data-start=\"17471\" data-end=\"17499\">Prefeitura de S\u00e3o Paulo:<\/strong> refer\u00eancias de esp\u00e9cies ornamentais para sol e meia-sombra.<\/li>\n<li data-section-id=\"87ezi9\" data-start=\"17600\" data-end=\"17755\"><strong data-start=\"17602\" data-end=\"17668\">Biblioteca Nacional de Agricultura \/ pesquisa sobre Lavandula:<\/strong> diferen\u00e7as de adapta\u00e7\u00e3o e influ\u00eancia do clima.<\/li>\n<li data-section-id=\"1n75qby\" data-start=\"17756\" data-end=\"17860\"><strong data-start=\"17758\" data-end=\"17771\">EduCAPES:<\/strong> refer\u00eancia brasileira sobre <em data-start=\"17800\" data-end=\"17819\">Lavandula dentata<\/em>.<\/li>\n<li data-section-id=\"1n0g0de\" data-start=\"17861\" data-end=\"17971\"><strong data-start=\"17863\" data-end=\"17887\">Munic\u00edpio de Itaja\u00ed:<\/strong> cultivo e caracter\u00edsticas da bougainvillea.<\/li>\n<\/ul>\n<\/li>\n<\/ul>\n","protected":false},"excerpt":{"rendered":"<p>A chegada da primavera costuma aumentar a vontade de colocar mais flores e folhagens em vasos, varandas e jardins. Mas a melhor planta n\u00e3o \u00e9 simplesmente a mais colorida da floricultura: \u00e9 aquela que combina com a quantidade de sol do local, o espa\u00e7o dispon\u00edvel, a drenagem e o clima da sua regi\u00e3o. Antes de [&hellip;]<\/p>\n","protected":false},"author":102,"featured_media":158001,"comment_status":"closed","ping_status":"closed","sticky":false,"template":"","format":"standard","meta":{"footnotes":""},"categories":[9612],"tags":[],"class_list":["post-126815","post","type-post","status-publish","format-standard","has-post-thumbnail","category-jardinagem"],"_wp_attached_file":null,"_wp_attachment_metadata":null,"_wp_attachment_context":null,"_wp_attachment_is_custom_header":null,"geo_longitude":null,"geo_public":null,"geo_latitude":null,"_publicize_done_external":null,"_wpas_done_3897181":null,"publicize_twitter_user":null,"_wpas_done_3897175":null,"_wpas_skip_3897181":null,"_wpas_skip_3897175":null,"_wpas_skip_3924723":null,"_wpas_mess":null,"_wpas_done_3924723":null,"wps_subtitle":"","_links":{"self":[{"href":"https:\/\/www.aarquiteta.com.br\/blog\/wp-json\/wp\/v2\/posts\/126815","targetHints":{"allow":["GET"]}}],"collection":[{"href":"https:\/\/www.aarquiteta.com.br\/blog\/wp-json\/wp\/v2\/posts"}],"about":[{"href":"https:\/\/www.aarquiteta.com.br\/blog\/wp-json\/wp\/v2\/types\/post"}],"author":[{"embeddable":true,"href":"https:\/\/www.aarquiteta.com.br\/blog\/wp-json\/wp\/v2\/users\/102"}],"replies":[{"embeddable":true,"href":"https:\/\/www.aarquiteta.com.br\/blog\/wp-json\/wp\/v2\/comments?post=126815"}],"version-history":[{"count":2,"href":"https:\/\/www.aarquiteta.com.br\/blog\/wp-json\/wp\/v2\/posts\/126815\/revisions"}],"predecessor-version":[{"id":158003,"href":"https:\/\/www.aarquiteta.com.br\/blog\/wp-json\/wp\/v2\/posts\/126815\/revisions\/158003"}],"wp:featuredmedia":[{"embeddable":true,"href":"https:\/\/www.aarquiteta.com.br\/blog\/wp-json\/wp\/v2\/media\/158001"}],"wp:attachment":[{"href":"https:\/\/www.aarquiteta.com.br\/blog\/wp-json\/wp\/v2\/media?parent=126815"}],"wp:term":[{"taxonomy":"category","embeddable":true,"href":"https:\/\/www.aarquiteta.com.br\/blog\/wp-json\/wp\/v2\/categories?post=126815"},{"taxonomy":"post_tag","embeddable":true,"href":"https:\/\/www.aarquiteta.com.br\/blog\/wp-json\/wp\/v2\/tags?post=126815"}],"curies":[{"name":"wp","href":"https:\/\/api.w.org\/{rel}","templated":true}]}}