{"id":126757,"date":"2024-09-01T16:32:48","date_gmt":"2024-09-01T19:32:48","guid":{"rendered":"https:\/\/www.aarquiteta.com.br\/blog\/decoracao-funcional-como-criar-espacos-que-se-adaptam-a-sua-rotina\/"},"modified":"2024-09-01T16:32:48","modified_gmt":"2024-09-01T19:32:48","slug":"decoracao-funcional-como-criar-espacos-que-se-adaptam-a-sua-rotina","status":"publish","type":"post","link":"https:\/\/www.aarquiteta.com.br\/blog\/decoracao-funcional-como-criar-espacos-que-se-adaptam-a-sua-rotina\/","title":{"rendered":"Decora\u00e7\u00e3o Funcional: Como Criar Espa\u00e7os Que Se Adaptam \u00e0 Sua Rotina"},"content":{"rendered":"<p>&#8220;`html<br \/>\n<body><\/p>\n<p>A decora\u00e7\u00e3o funcional \u00e9 a chave para criar ambientes que se adaptam \u00e0 sua rotina, proporcionando conforto e praticidade. Descubra como otimizar seus espa\u00e7os com dicas simples e eficazes.<\/p>\n<h2>O que \u00e9 Decora\u00e7\u00e3o Funcional?<\/h2>\n<p>A <b>decora\u00e7\u00e3o funcional<\/b> \u00e9 um conceito que prioriza a praticidade e a efici\u00eancia dos espa\u00e7os. Ao contr\u00e1rio de uma decora\u00e7\u00e3o puramente est\u00e9tica, ela busca integrar beleza e utilidade, criando ambientes que atendem \u00e0s necessidades do dia a dia. Isso significa que cada elemento, desde os m\u00f3veis at\u00e9 os acess\u00f3rios, deve ter um prop\u00f3sito claro e contribuir para a harmonia do espa\u00e7o.<\/p>\n<h2>Benef\u00edcios de um Espa\u00e7o Funcional<\/h2>\n<p>Um espa\u00e7o funcional traz uma s\u00e9rie de <b>benef\u00edcios<\/b> que v\u00e3o al\u00e9m da est\u00e9tica. Entre eles, podemos destacar:<\/p>\n<ul>\n<li><b>Conforto:<\/b> Ambientes bem planejados proporcionam maior conforto e bem-estar.<\/li>\n<li><b>Praticidade:<\/b> A organiza\u00e7\u00e3o facilita o dia a dia, tornando as tarefas mais simples.<\/li>\n<li><b>Estilo:<\/b> Um espa\u00e7o funcional pode ser igualmente bonito e estiloso.<\/li>\n<\/ul>\n<h2>Como Planejar a Decora\u00e7\u00e3o Funcional<\/h2>\n<p>Planejar a decora\u00e7\u00e3o funcional envolve algumas etapas essenciais. Aqui est\u00e3o algumas dicas:<\/p>\n<h3>1. Avalie Suas Necessidades Di\u00e1rias<\/h3>\n<figure style=\"width: 1024px\" class=\"wp-caption aligncenter\"><img decoding=\"async\" src=\"https:\/\/www.aarquiteta.com.br\/blog\/wp-content\/uploads\/2024\/09\/Decoracao-Funcional-Como-Criar-Espacos-Que-Se-Adaptam-a-Sua-Rotina04.jpg\" alt=\"Decora\u00e7\u00e3o Funcional: Como Criar Espa\u00e7os Que Se Adaptam \u00e0 Sua Rotina\" width=\"1024\" height=\"1024\" title=\"\"><figcaption class=\"wp-caption-text\">Decora\u00e7\u00e3o Funcional: Como Criar Espa\u00e7os Que Se Adaptam \u00e0 Sua Rotina<\/figcaption><\/figure>\n<p>Antes de come\u00e7ar a decorar, \u00e9 fundamental <b>avaliar suas necessidades<\/b>. Pergunte-se: como voc\u00ea usa cada ambiente? Quais s\u00e3o suas prioridades? Isso ajudar\u00e1 a definir o que \u00e9 realmente necess\u00e1rio.<\/p>\n<h3>2. Escolha M\u00f3veis Multifuncionais<\/h3>\n<figure style=\"width: 1024px\" class=\"wp-caption aligncenter\"><img decoding=\"async\" src=\"https:\/\/www.aarquiteta.com.br\/blog\/wp-content\/uploads\/2024\/09\/Decoracao-Funcional-Como-Criar-Espacos-Que-Se-Adaptam-a-Sua-Rotina03.jpg\" alt=\"Decora\u00e7\u00e3o Funcional: Como Criar Espa\u00e7os Que Se Adaptam \u00e0 Sua Rotina\" width=\"1024\" height=\"1024\" title=\"\"><figcaption class=\"wp-caption-text\">Decora\u00e7\u00e3o Funcional: Como Criar Espa\u00e7os Que Se Adaptam \u00e0 Sua Rotina<\/figcaption><\/figure>\n<p>Os <b>m\u00f3veis multifuncionais<\/b> s\u00e3o grandes aliados na decora\u00e7\u00e3o funcional. Eles economizam espa\u00e7o e oferecem mais versatilidade. Por exemplo, um sof\u00e1-cama pode ser ideal para quem recebe visitas com frequ\u00eancia.<\/p>\n<h2>Inspira\u00e7\u00f5es para Ambientes Funcionais<\/h2>\n<p>Vamos explorar algumas inspira\u00e7\u00f5es para diferentes ambientes:<\/p>\n<h3>1. Sala de Estar<\/h3>\n<figure style=\"width: 1024px\" class=\"wp-caption aligncenter\"><img decoding=\"async\" src=\"https:\/\/www.aarquiteta.com.br\/blog\/wp-content\/uploads\/2024\/09\/Decoracao-Funcional-Como-Criar-Espacos-Que-Se-Adaptam-a-Sua-Rotina02.jpg\" alt=\"Decora\u00e7\u00e3o Funcional: Como Criar Espa\u00e7os Que Se Adaptam \u00e0 Sua Rotina\" width=\"1024\" height=\"1024\" title=\"\"><figcaption class=\"wp-caption-text\">Decora\u00e7\u00e3o Funcional: Como Criar Espa\u00e7os Que Se Adaptam \u00e0 Sua Rotina<\/figcaption><\/figure>\n<p>Na sala de estar, opte por <b>m\u00f3veis que otimizem o espa\u00e7o<\/b>, como mesas de centro com compartimentos para armazenamento. Isso ajuda a manter a organiza\u00e7\u00e3o e a praticidade.<\/p>\n<h3>2. Cozinha<\/h3>\n<figure style=\"width: 1024px\" class=\"wp-caption aligncenter\"><img decoding=\"async\" src=\"https:\/\/www.aarquiteta.com.br\/blog\/wp-content\/uploads\/2024\/09\/Decoracao-Funcional-Como-Criar-Espacos-Que-Se-Adaptam-a-Sua-Rotina01.jpg\" alt=\"Decora\u00e7\u00e3o Funcional: Como Criar Espa\u00e7os Que Se Adaptam \u00e0 Sua Rotina\" width=\"1024\" height=\"1024\" title=\"\"><figcaption class=\"wp-caption-text\">Decora\u00e7\u00e3o Funcional: Como Criar Espa\u00e7os Que Se Adaptam \u00e0 Sua Rotina<\/figcaption><\/figure>\n<p>A cozinha \u00e9 um espa\u00e7o que pode se beneficiar muito da funcionalidade. Considere arm\u00e1rios planejados e prateleiras abertas para facilitar o acesso aos utens\u00edlios.<\/p>\n<h3>3. Escrit\u00f3rio em Casa<\/h3>\n<p>Um escrit\u00f3rio funcional deve ter uma <b>mesa adequada<\/b> e uma cadeira confort\u00e1vel. Al\u00e9m disso, \u00e9 importante ter um bom sistema de organiza\u00e7\u00e3o para documentos e materiais de trabalho.<\/p>\n<h2>Dicas de Organiza\u00e7\u00e3o e Armazenamento<\/h2>\n<p>Para manter a funcionalidade do espa\u00e7o, algumas dicas de <b>organiza\u00e7\u00e3o e armazenamento<\/b> s\u00e3o essenciais:<\/p>\n<ul>\n<li>Utilize caixas e cestos para agrupar itens semelhantes.<\/li>\n<li>Invista em prateleiras verticais para aproveitar melhor o espa\u00e7o.<\/li>\n<li>Designe um lugar espec\u00edfico para cada item, facilitando a localiza\u00e7\u00e3o.<\/li>\n<\/ul>\n<h2>Conclus\u00e3o: Transforme Seu Espa\u00e7o com Funcionalidade<\/h2>\n<p>Em resumo, a <b>decora\u00e7\u00e3o funcional<\/b> \u00e9 uma abordagem que transforma ambientes, tornando-os mais pr\u00e1ticos e agrad\u00e1veis. Ao seguir as dicas apresentadas, voc\u00ea pode criar espa\u00e7os que n\u00e3o apenas atendem \u00e0s suas necessidades, mas tamb\u00e9m refletem seu estilo pessoal. Lembre-se: a funcionalidade n\u00e3o precisa ser sin\u00f4nimo de simplicidade; \u00e9 poss\u00edvel ter um espa\u00e7o bonito e pr\u00e1tico ao mesmo tempo. Ent\u00e3o, que tal come\u00e7ar a planejar a sua decora\u00e7\u00e3o funcional hoje mesmo?<\/p>\n<p><\/body><br \/>\n&#8220;`<\/p>\n<h3>Assista agora a minha recomenda\u00e7\u00e3o de video abaixo sobre o tema que estamos tratando neste artigo: <\/h3>\n<p>https:\/\/www.youtube.com\/watch?v=JbxxYmdba0E<\/p>\n","protected":false},"excerpt":{"rendered":"<p>Descubra como planejar sua casa para que ela acompanhe suas necessidades di\u00e1rias, com m\u00f3veis e acess\u00f3rios que oferecem flexibilidade.<\/p>\n","protected":false},"author":102,"featured_media":126754,"comment_status":"closed","ping_status":"closed","sticky":false,"template":"","format":"standard","meta":{"footnotes":""},"categories":[1484,971,18792,18794],"tags":[],"class_list":["post-126757","post","type-post","status-publish","format-standard","has-post-thumbnail","category-decoracao","category-design-de-interiores","category-decoracao-de-apartamento","category-projetos-de-decoracao-de-casas"],"_wp_attached_file":null,"_wp_attachment_metadata":null,"_wp_attachment_context":null,"_wp_attachment_is_custom_header":null,"geo_longitude":null,"geo_public":null,"geo_latitude":null,"_publicize_done_external":null,"_wpas_done_3897181":null,"publicize_twitter_user":null,"_wpas_done_3897175":null,"_wpas_skip_3897181":null,"_wpas_skip_3897175":null,"_wpas_skip_3924723":null,"_wpas_mess":null,"_wpas_done_3924723":null,"wps_subtitle":"","_links":{"self":[{"href":"https:\/\/www.aarquiteta.com.br\/blog\/wp-json\/wp\/v2\/posts\/126757","targetHints":{"allow":["GET"]}}],"collection":[{"href":"https:\/\/www.aarquiteta.com.br\/blog\/wp-json\/wp\/v2\/posts"}],"about":[{"href":"https:\/\/www.aarquiteta.com.br\/blog\/wp-json\/wp\/v2\/types\/post"}],"author":[{"embeddable":true,"href":"https:\/\/www.aarquiteta.com.br\/blog\/wp-json\/wp\/v2\/users\/102"}],"replies":[{"embeddable":true,"href":"https:\/\/www.aarquiteta.com.br\/blog\/wp-json\/wp\/v2\/comments?post=126757"}],"version-history":[{"count":0,"href":"https:\/\/www.aarquiteta.com.br\/blog\/wp-json\/wp\/v2\/posts\/126757\/revisions"}],"wp:featuredmedia":[{"embeddable":true,"href":"https:\/\/www.aarquiteta.com.br\/blog\/wp-json\/wp\/v2\/media\/126754"}],"wp:attachment":[{"href":"https:\/\/www.aarquiteta.com.br\/blog\/wp-json\/wp\/v2\/media?parent=126757"}],"wp:term":[{"taxonomy":"category","embeddable":true,"href":"https:\/\/www.aarquiteta.com.br\/blog\/wp-json\/wp\/v2\/categories?post=126757"},{"taxonomy":"post_tag","embeddable":true,"href":"https:\/\/www.aarquiteta.com.br\/blog\/wp-json\/wp\/v2\/tags?post=126757"}],"curies":[{"name":"wp","href":"https:\/\/api.w.org\/{rel}","templated":true}]}}