{"id":126739,"date":"2024-09-01T13:12:01","date_gmt":"2024-09-01T16:12:01","guid":{"rendered":"https:\/\/www.aarquiteta.com.br\/blog\/porta-celeiro-2\/"},"modified":"2024-09-01T13:12:01","modified_gmt":"2024-09-01T16:12:01","slug":"porta-celeiro-2","status":"publish","type":"post","link":"https:\/\/www.aarquiteta.com.br\/blog\/porta-celeiro-2\/","title":{"rendered":"Porta Celeiro: Abre Sua Decora\u00e7\u00e3o para o R\u00fastico"},"content":{"rendered":"<p><body><\/p>\n<p>A porta celeiro \u00e9 uma solu\u00e7\u00e3o pr\u00e1tica e estilosa para sua casa, ideal para quem busca um toque r\u00fastico e ao mesmo tempo moderno na decora\u00e7\u00e3o. Com op\u00e7\u00f5es de materiais como madeira, vidro e metal, ela se adapta a diversos ambientes e combina\u00e7\u00f5es de estilo, al\u00e9m de ser perfeita para espa\u00e7os pequenos.<\/p>\n<h2>O que \u00e9 a Porta Celeiro?<\/h2>\n<p>A porta celeiro, como o pr\u00f3prio nome sugere, tem sua origem em ambientes rurais. Montada em <b>trilhos met\u00e1licos<\/b>, esse modelo deslizante se destaca pela praticidade, j\u00e1 que n\u00e3o ocupa espa\u00e7o ao abrir. Com um design que \u00e9 um verdadeiro apan\u00e1gio da rusticidade, com t\u00e1buas de madeira que emulam a est\u00e9tica da velha guarda, ela \u00e9 perfeita para quem busca um toque de <b>originalidade<\/b> e charme em casa.<\/p>\n<h2>Vantagens da Porta Celeiro<\/h2>\n<h3>Espa\u00e7o Otimizado<\/h3>\n<p>Um dos maiores trunfos da porta celeiro \u00e9 sua capacidade de <b>economizar espa\u00e7o<\/b>. Por n\u00e3o precisar de \u00e1rea para abrir, \u00e9 ideal para ambientes pequenos como apartamentos ou escrit\u00f3rios compactos. Imagina um lugar onde um giro de ma\u00e7aneta poderia transformar uma passagem em um bicho de sete cabe\u00e7as? Pois \u00e9, com essa porta, a dor de cabe\u00e7a foi embora!<\/p>\n<h3>Estilo Vers\u00e1til<\/h3>\n<figure style=\"width: 1024px\" class=\"wp-caption aligncenter\"><img decoding=\"async\" src=\"https:\/\/www.aarquiteta.com.br\/blog\/wp-content\/uploads\/2024\/09\/porta-celeiro01.jpg\" alt=\"Porta Celeiro: Abre Sua Decora\u00e7\u00e3o para o R\u00fastico\" width=\"1024\" height=\"1024\" title=\"\"><figcaption class=\"wp-caption-text\">Porta Celeiro: Abre Sua Decora\u00e7\u00e3o para o R\u00fastico<\/figcaption><\/figure>\n<p>Se a sua inten\u00e7\u00e3o \u00e9 adaptar a decora\u00e7\u00e3o, voc\u00ea vai adorar saber que a porta celeiro <b>combina com tudo<\/b>! Seja em um ambiente r\u00fastico, um lar mais contempor\u00e2neo ou at\u00e9 um espa\u00e7o minimalista, ela traz um toque sofisticado e acolhedor. J\u00e1 vi portas que combinam com tecidos pesados e outras com um ar mais leve. O segredo est\u00e1 no material e na cor!<\/p>\n<h3>F\u00e1cil Instala\u00e7\u00e3o<\/h3>\n<figure style=\"width: 1024px\" class=\"wp-caption aligncenter\"><img decoding=\"async\" src=\"https:\/\/www.aarquiteta.com.br\/blog\/wp-content\/uploads\/2024\/09\/porta-celeiro-27.png\" alt=\"A porta celeiro \u00e9 uma op\u00e7\u00e3o que tem ganhado muitos adeptos e pode ser instalada em diversos ambientes da casa.\" title=\"\"><figcaption class=\"wp-caption-text\">A porta celeiro \u00e9 uma op\u00e7\u00e3o que tem ganhado muitos adeptos e pode ser instalada em diversos ambientes da casa.<\/figcaption><\/figure>\n<p>Outra vantagem \u00e9 que voc\u00ea pode instalar uma porta celeiro sem grandes mist\u00e9rios. Existem diversos tutoriais online que ajudam at\u00e9 mesmo os mais inexperientes. Para aqueles que n\u00e3o curtem arrega\u00e7ar as mangas, a op\u00e7\u00e3o de contratar um profissional est\u00e1 sempre aberta. O que n\u00e3o falta \u00e9 <b>op\u00e7\u00e3o<\/b>!<\/p>\n<h2>Modelos de Porta Celeiro<\/h2>\n<h3>Porta Celeiro Tradicional de Madeira<\/h3>\n<figure style=\"width: 1024px\" class=\"wp-caption aligncenter\"><img decoding=\"async\" src=\"https:\/\/www.aarquiteta.com.br\/blog\/wp-content\/uploads\/2024\/09\/porta-celeiro02.jpg\" alt=\"Porta Celeiro: Abre Sua Decora\u00e7\u00e3o para o R\u00fastico\" width=\"1024\" height=\"1024\" title=\"\"><figcaption class=\"wp-caption-text\">Porta Celeiro: Abre Sua Decora\u00e7\u00e3o para o R\u00fastico<\/figcaption><\/figure>\n<p>Ah, a madeira! Ela nunca sai de moda. A porta celeiro tradicional \u00e9 um verdadeiro \u00edcone. Feita com t\u00e1buas verticais e, geralmente, em uma variedade de acabamentos, ela traz um ar <b>aconchegante<\/b> ao ambiente. \u00c9 como se um pedacinho do campo tivesse se instalado na sua sala!<\/p>\n<h3>Porta Celeiro de Vidro<\/h3>\n<figure style=\"width: 1024px\" class=\"wp-caption aligncenter\"><img decoding=\"async\" src=\"https:\/\/www.aarquiteta.com.br\/blog\/wp-content\/uploads\/2024\/09\/porta-celeiro-3.png\" alt=\"Montada em trilhos de metal, a porta celeiro, como j\u00e1 diz o nome, tem origem em estruturas rurais.\" title=\"\"><figcaption class=\"wp-caption-text\">Montada em trilhos de metal, a porta celeiro, como j\u00e1 diz o nome, tem origem em estruturas rurais.<\/figcaption><\/figure>\n<p>Se voc\u00ea est\u00e1 buscando algo mais sofisticado, a porta celeiro de vidro \u00e9 a escolha perfeita. Al\u00e9m de permitir a passagem de luz, ela cria um efeito visual <b>amplificador<\/b> em qualquer espa\u00e7o. \u00c9 como se fosse uma janela em movimento. \u00c9 uma boa alternativa para quem busca um ambiente mais iluminado e arejado.<\/p>\n<h3>Vers\u00f5es Minimalistas<\/h3>\n<figure style=\"width: 1024px\" class=\"wp-caption aligncenter\"><img decoding=\"async\" src=\"https:\/\/www.aarquiteta.com.br\/blog\/wp-content\/uploads\/2024\/09\/porta-celeiro03.jpg\" alt=\"Porta Celeiro: Abre Sua Decora\u00e7\u00e3o para o R\u00fastico\" width=\"1024\" height=\"1024\" title=\"\"><figcaption class=\"wp-caption-text\">Porta Celeiro: Abre Sua Decora\u00e7\u00e3o para o R\u00fastico<\/figcaption><\/figure>\n<p>Para os adeptos do estilo minimalista, existem modelos simplificados que se adaptam \u00e0 perfei\u00e7\u00e3o. Com linhas retas e sem excessos, essas portas s\u00e3o como um sopro de <b>frescor<\/b> em uma decora\u00e7\u00e3o clean. Voc\u00ea consegue imaginar isso no seu apartamento? <\/p>\n<h2>Como Fazer uma Porta Celeiro<\/h2>\n<h3>Materiais Necess\u00e1rios<\/h3>\n<figure style=\"width: 1024px\" class=\"wp-caption aligncenter\"><img decoding=\"async\" src=\"https:\/\/www.aarquiteta.com.br\/blog\/wp-content\/uploads\/2024\/09\/porta-celeiro-13-960x1200.jpg\" alt=\"Al\u00e9m desse material, tamb\u00e9m \u00e9 poss\u00edvel encontrar em outros estilos, cores e formatos.\" title=\"\"><figcaption class=\"wp-caption-text\">Al\u00e9m desse material, tamb\u00e9m \u00e9 poss\u00edvel encontrar em outros estilos, cores e formatos.<\/figcaption><\/figure>\n<p>Se voc\u00ea se entusiasma pela ideia de fazer sua pr\u00f3pria porta celeiro, o primeiro passo \u00e9 reunir os materiais. Voc\u00ea vai precisar de <b>madeira<\/b>, trilhos met\u00e1licos e ferragens adequadas. E lembre-se: a qualidade dos materiais pode fazer uma <b>grande diferen\u00e7a<\/b> no resultado final!<\/p>\n<h3>V\u00eddeos Tutoriais<\/h3>\n<figure style=\"width: 1024px\" class=\"wp-caption aligncenter\"><img decoding=\"async\" src=\"https:\/\/www.aarquiteta.com.br\/blog\/wp-content\/uploads\/2024\/09\/porta-celeiro4.jpg\" alt=\"Porta Celeiro: Abre Sua Decora\u00e7\u00e3o para o R\u00fastico\" width=\"1024\" height=\"1024\" title=\"\"><figcaption class=\"wp-caption-text\">Porta Celeiro: Abre Sua Decora\u00e7\u00e3o para o R\u00fastico<\/figcaption><\/figure>\n<p>A internet t\u00e1 cheia de v\u00eddeos que ensinam um passo a passo super detalhado. \u00c9 s\u00f3 colocar o nome da porta celeiro na busca e se deixar levar. Alguns v\u00eddeos mostram at\u00e9 truques para evitar erros comuns! Se voc\u00ea n\u00e3o \u00e9 bom com as m\u00e3os, d\u00e1 at\u00e9 para sonhar acordado. <\/p>\n<h2>Conclus\u00e3o<\/h2>\n<p>Em resumo, a porta celeiro \u00e9 mais do que um elemento funcional; \u00e9 uma verdadeira pe\u00e7a de destaque na decora\u00e7\u00e3o. Ao considerar o estilo e os materiais, voc\u00ea pode encontrar a op\u00e7\u00e3o perfeita para harmonizar com sua casa. Se voc\u00ea ainda n\u00e3o experimentou essa tend\u00eancia, agora \u00e9 a hora! Abra sua decora\u00e7\u00e3o para o que h\u00e1 de mais charmoso e pr\u00e1tico no mundo das portas. Ah, e n\u00e3o se esque\u00e7a de brincar com as combina\u00e7\u00f5es e criar um ambiente que tenha sua cara!<\/p>\n<p><\/body><br \/>\n<figure style=\"width: 1024px\" class=\"wp-caption aligncenter\"><img decoding=\"async\" src=\"https:\/\/www.aarquiteta.com.br\/blog\/wp-content\/uploads\/2024\/09\/porta-celeiro-15.jpg\" alt=\"Por ser uma porta deslizante, ela \u00e9 uma \u00f3tima op\u00e7\u00e3o para espa\u00e7os pequenos, al\u00e9m de ser pr\u00e1tica e ainda conferir um visual mais interessante ao d\u00e9cor.\" title=\"\"><figcaption class=\"wp-caption-text\">Por ser uma porta deslizante, ela \u00e9 uma \u00f3tima op\u00e7\u00e3o para espa\u00e7os pequenos, al\u00e9m de ser pr\u00e1tica e ainda conferir um visual mais interessante ao d\u00e9cor.<\/figcaption><\/figure>\n<p><iframe title=\"YouTube video player\" src=\"https:\/\/www.youtube.com\/embed\/EInE1ubkm5s\" width=\"560\" height=\"315\" frameborder=\"0\" allowfullscreen=\"allowfullscreen\"><\/iframe><\/p>\n<figure style=\"width: 1024px\" class=\"wp-caption aligncenter\"><img decoding=\"async\" src=\"https:\/\/www.aarquiteta.com.br\/blog\/wp-content\/uploads\/2024\/09\/porta-celeiro-6.jpg\" alt=\"O que difere esse modelo das tradicionais portas de correr s\u00e3o as corredi\u00e7as aparentes \u2013 que conferem charme e combinam muito bem com o estilo industrial.\" title=\"\"><figcaption class=\"wp-caption-text\">O que difere esse modelo das tradicionais portas de correr s\u00e3o as corredi\u00e7as aparentes \u2013 que conferem charme e combinam muito bem com o estilo industrial.<\/figcaption><\/figure>\n<figure style=\"width: 1024px\" class=\"wp-caption aligncenter\"><img decoding=\"async\" src=\"https:\/\/www.aarquiteta.com.br\/blog\/wp-content\/uploads\/2024\/09\/porta-celeiro-14-1200x1200.jpg\" alt=\"Na parte externa, sala, quarto, cozinha e at\u00e9 mesmo no banheiro, veja diferentes espa\u00e7os da casa que voc\u00ea pode inserir esse modelo de porta!\" title=\"\"><figcaption class=\"wp-caption-text\">Na parte externa, sala, quarto, cozinha e at\u00e9 mesmo no banheiro, veja diferentes espa\u00e7os da casa que voc\u00ea pode inserir esse modelo de porta!<\/figcaption><\/figure>\n","protected":false},"excerpt":{"rendered":"<p>Descubra como a porta celeiro pode transformar seus ambientes com estilo r\u00fastico e pr\u00e1tico.<\/p>\n","protected":false},"author":102,"featured_media":126730,"comment_status":"closed","ping_status":"closed","sticky":false,"template":"","format":"standard","meta":{"footnotes":""},"categories":[1507,249],"tags":[],"class_list":["post-126739","post","type-post","status-publish","format-standard","has-post-thumbnail","category-arquitetura","category-engenharia-e-construcao-civil"],"_wp_attached_file":null,"_wp_attachment_metadata":null,"_wp_attachment_context":null,"_wp_attachment_is_custom_header":null,"geo_longitude":null,"geo_public":null,"geo_latitude":null,"_publicize_done_external":null,"_wpas_done_3897181":null,"publicize_twitter_user":null,"_wpas_done_3897175":null,"_wpas_skip_3897181":null,"_wpas_skip_3897175":null,"_wpas_skip_3924723":null,"_wpas_mess":null,"_wpas_done_3924723":null,"wps_subtitle":"","_links":{"self":[{"href":"https:\/\/www.aarquiteta.com.br\/blog\/wp-json\/wp\/v2\/posts\/126739","targetHints":{"allow":["GET"]}}],"collection":[{"href":"https:\/\/www.aarquiteta.com.br\/blog\/wp-json\/wp\/v2\/posts"}],"about":[{"href":"https:\/\/www.aarquiteta.com.br\/blog\/wp-json\/wp\/v2\/types\/post"}],"author":[{"embeddable":true,"href":"https:\/\/www.aarquiteta.com.br\/blog\/wp-json\/wp\/v2\/users\/102"}],"replies":[{"embeddable":true,"href":"https:\/\/www.aarquiteta.com.br\/blog\/wp-json\/wp\/v2\/comments?post=126739"}],"version-history":[{"count":0,"href":"https:\/\/www.aarquiteta.com.br\/blog\/wp-json\/wp\/v2\/posts\/126739\/revisions"}],"wp:featuredmedia":[{"embeddable":true,"href":"https:\/\/www.aarquiteta.com.br\/blog\/wp-json\/wp\/v2\/media\/126730"}],"wp:attachment":[{"href":"https:\/\/www.aarquiteta.com.br\/blog\/wp-json\/wp\/v2\/media?parent=126739"}],"wp:term":[{"taxonomy":"category","embeddable":true,"href":"https:\/\/www.aarquiteta.com.br\/blog\/wp-json\/wp\/v2\/categories?post=126739"},{"taxonomy":"post_tag","embeddable":true,"href":"https:\/\/www.aarquiteta.com.br\/blog\/wp-json\/wp\/v2\/tags?post=126739"}],"curies":[{"name":"wp","href":"https:\/\/api.w.org\/{rel}","templated":true}]}}