{"id":126669,"date":"2024-08-31T17:31:03","date_gmt":"2024-08-31T20:31:03","guid":{"rendered":"https:\/\/www.aarquiteta.com.br\/blog\/como-combinar-diferentes-estilos-de-moveis-em-um-mesmo-ambiente\/"},"modified":"2024-08-31T17:31:03","modified_gmt":"2024-08-31T20:31:03","slug":"como-combinar-diferentes-estilos-de-moveis-em-um-mesmo-ambiente","status":"publish","type":"post","link":"https:\/\/www.aarquiteta.com.br\/blog\/como-combinar-diferentes-estilos-de-moveis-em-um-mesmo-ambiente\/","title":{"rendered":"Como Combinar Diferentes Estilos de M\u00f3veis em Um Mesmo Ambiente"},"content":{"rendered":"<p>&#8220;`html<br \/>\n<body><\/p>\n<p>Combinar diferentes estilos de m\u00f3veis em um mesmo ambiente pode transformar sua casa em um espa\u00e7o \u00fanico e cheio de personalidade. Aprenda dicas pr\u00e1ticas para criar uma decora\u00e7\u00e3o harmoniosa e estilosa.<\/p>\n<h2>1. Entenda os Estilos de M\u00f3veis<\/h2>\n<h3>1.1 Estilo Cl\u00e1ssico<\/h3>\n<figure style=\"width: 1024px\" class=\"wp-caption aligncenter\"><img decoding=\"async\" src=\"https:\/\/www.aarquiteta.com.br\/blog\/wp-content\/uploads\/2024\/08\/Como-Combinar-Diferentes-Estilos-de-Moveis-em-Um-Mesmo-Ambiente04.jpg\" alt=\"Como Combinar Diferentes Estilos de M\u00f3veis em Um Mesmo Ambiente\" width=\"1024\" height=\"1024\" title=\"\"><figcaption class=\"wp-caption-text\">Como Combinar Diferentes Estilos de M\u00f3veis em Um Mesmo Ambiente<\/figcaption><\/figure>\n<p>O <b>estilo cl\u00e1ssico<\/b> \u00e9 caracterizado por linhas elegantes e detalhes ornamentais. M\u00f3veis de madeira escura, sof\u00e1s com estofados ricos e pe\u00e7as de arte s\u00e3o comuns nesse estilo.<\/p>\n<h3>1.2 Estilo Moderno<\/h3>\n<figure style=\"width: 1024px\" class=\"wp-caption aligncenter\"><img decoding=\"async\" src=\"https:\/\/www.aarquiteta.com.br\/blog\/wp-content\/uploads\/2024\/08\/Como-Combinar-Diferentes-Estilos-de-Moveis-em-Um-Mesmo-Ambiente03.jpg\" alt=\"Como Combinar Diferentes Estilos de M\u00f3veis em Um Mesmo Ambiente\" width=\"1024\" height=\"1024\" title=\"\"><figcaption class=\"wp-caption-text\">Como Combinar Diferentes Estilos de M\u00f3veis em Um Mesmo Ambiente<\/figcaption><\/figure>\n<p>O <b>estilo moderno<\/b> traz uma abordagem minimalista, com formas geom\u00e9tricas e cores neutras. M\u00f3veis funcionais e de design arrojado s\u00e3o a chave para esse estilo.<\/p>\n<h3>1.3 Estilo R\u00fastico<\/h3>\n<figure style=\"width: 1024px\" class=\"wp-caption aligncenter\"><img decoding=\"async\" src=\"https:\/\/www.aarquiteta.com.br\/blog\/wp-content\/uploads\/2024\/08\/Como-Combinar-Diferentes-Estilos-de-Moveis-em-Um-Mesmo-Ambiente02.jpg\" alt=\"Como Combinar Diferentes Estilos de M\u00f3veis em Um Mesmo Ambiente\" width=\"1024\" height=\"1024\" title=\"\"><figcaption class=\"wp-caption-text\">Como Combinar Diferentes Estilos de M\u00f3veis em Um Mesmo Ambiente<\/figcaption><\/figure>\n<p>O <b>estilo r\u00fastico<\/b> \u00e9 acolhedor e remete ao campo, utilizando materiais naturais como madeira e pedra. Pe\u00e7as artesanais e acabamentos imperfeitos s\u00e3o bem-vindos.<\/p>\n<h2>2. Escolha uma Paleta de Cores Comum<\/h2>\n<p>Uma <b>paleta de cores comum<\/b> \u00e9 essencial para unir diferentes estilos. Escolha cores que dialoguem entre si e criem uma atmosfera coesa. Tons neutros com toques de cor podem ser uma \u00f3tima escolha.<\/p>\n<h2>3. Misture Texturas e Materiais<\/h2>\n<p>Combinar <b>texturas e materiais<\/b> diferentes pode adicionar profundidade ao ambiente. Experimente misturar madeira, metal, vidro e tecidos variados para criar um visual interessante.<\/p>\n<h2>4. Use Pe\u00e7as de Destaque<\/h2>\n<p>Pe\u00e7as de destaque, como um <b>sof\u00e1 colorido<\/b> ou uma mesa de centro escultural, podem servir como \u00e2ncoras visuais em um espa\u00e7o misto. Elas atraem a aten\u00e7\u00e3o e ajudam a definir o estilo do ambiente.<\/p>\n<h2>5. Crie Zonas Funcionais<\/h2>\n<p>Dividir o espa\u00e7o em <b>zonas funcionais<\/b> \u00e9 uma \u00f3tima maneira de organizar a decora\u00e7\u00e3o. Cada \u00e1rea pode ter um estilo diferente, mas ainda assim se conectar atrav\u00e9s de elementos comuns.<\/p>\n<h2>6. A Import\u00e2ncia da Ilumina\u00e7\u00e3o<\/h2>\n<p>A <b>ilumina\u00e7\u00e3o<\/b> \u00e9 um elemento crucial na decora\u00e7\u00e3o. Luzes quentes e bem posicionadas podem real\u00e7ar a beleza dos m\u00f3veis e criar uma atmosfera acolhedora.<\/p>\n<h2>Destaques principais<\/h2>\n<ul>\n<li><b>Estilos de M\u00f3veis:<\/b> Conhecer os diferentes estilos \u00e9 fundamental para uma boa combina\u00e7\u00e3o.<\/li>\n<li><b>Paleta de Cores:<\/b> Escolher cores que se complementam \u00e9 essencial para a harmonia do ambiente.<\/li>\n<li><b>Texturas e Materiais:<\/b> Misturar diferentes texturas pode enriquecer a decora\u00e7\u00e3o e torn\u00e1-la mais interessante.<\/li>\n<\/ul>\n<h2>Conclus\u00e3o<\/h2>\n<p>Combinar diferentes estilos de m\u00f3veis pode parecer desafiador, mas com as dicas certas, \u00e9 poss\u00edvel criar um espa\u00e7o que reflita sua personalidade e estilo. Lembre-se de que a <b>harmonia<\/b> \u00e9 a chave para uma decora\u00e7\u00e3o bem-sucedida. Experimente, divirta-se e transforme sua casa em um verdadeiro lar!<\/p>\n<p><\/body><br \/>\n&#8220;`<br \/>\n<figure style=\"width: 1024px\" class=\"wp-caption aligncenter\"><img decoding=\"async\" src=\"https:\/\/www.aarquiteta.com.br\/blog\/wp-content\/uploads\/2024\/08\/Como-Combinar-Diferentes-Estilos-de-Moveis-em-Um-Mesmo-Ambiente01.jpg\" alt=\"Como Combinar Diferentes Estilos de M\u00f3veis em Um Mesmo Ambiente\" width=\"1024\" height=\"1024\" title=\"\"><figcaption class=\"wp-caption-text\">Como Combinar Diferentes Estilos de M\u00f3veis em Um Mesmo Ambiente<\/figcaption><\/figure>\n<h3>Assista agora a minha recomenda\u00e7\u00e3o de video abaixo sobre o tema que estamos tratando neste artigo: <\/h3>\n<p><div class=\"youtube-embed\" data-video_id=\"NyQlFXmH1iQ\"><iframe title=\"Posso misturar MADEIRAS DIFERENTES no mesmo ambiente?\" width=\"696\" height=\"392\" src=\"https:\/\/www.youtube.com\/embed\/NyQlFXmH1iQ?feature=oembed&#038;enablejsapi=1\" frameborder=\"0\" allow=\"accelerometer; autoplay; clipboard-write; encrypted-media; gyroscope; picture-in-picture; web-share\" referrerpolicy=\"strict-origin-when-cross-origin\" allowfullscreen><\/iframe><\/div><\/p>\n","protected":false},"excerpt":{"rendered":"<p>Saiba como combinar diferentes estilos de m\u00f3veis em um mesmo ambiente de forma harmoniosa.<\/p>\n","protected":false},"author":102,"featured_media":126666,"comment_status":"closed","ping_status":"closed","sticky":false,"template":"","format":"standard","meta":{"footnotes":""},"categories":[1484,971,18792,18794],"tags":[],"class_list":["post-126669","post","type-post","status-publish","format-standard","has-post-thumbnail","category-decoracao","category-design-de-interiores","category-decoracao-de-apartamento","category-projetos-de-decoracao-de-casas"],"_wp_attached_file":null,"_wp_attachment_metadata":null,"_wp_attachment_context":null,"_wp_attachment_is_custom_header":null,"geo_longitude":null,"geo_public":null,"geo_latitude":null,"_publicize_done_external":null,"_wpas_done_3897181":null,"publicize_twitter_user":null,"_wpas_done_3897175":null,"_wpas_skip_3897181":null,"_wpas_skip_3897175":null,"_wpas_skip_3924723":null,"_wpas_mess":null,"_wpas_done_3924723":null,"wps_subtitle":"","_links":{"self":[{"href":"https:\/\/www.aarquiteta.com.br\/blog\/wp-json\/wp\/v2\/posts\/126669","targetHints":{"allow":["GET"]}}],"collection":[{"href":"https:\/\/www.aarquiteta.com.br\/blog\/wp-json\/wp\/v2\/posts"}],"about":[{"href":"https:\/\/www.aarquiteta.com.br\/blog\/wp-json\/wp\/v2\/types\/post"}],"author":[{"embeddable":true,"href":"https:\/\/www.aarquiteta.com.br\/blog\/wp-json\/wp\/v2\/users\/102"}],"replies":[{"embeddable":true,"href":"https:\/\/www.aarquiteta.com.br\/blog\/wp-json\/wp\/v2\/comments?post=126669"}],"version-history":[{"count":0,"href":"https:\/\/www.aarquiteta.com.br\/blog\/wp-json\/wp\/v2\/posts\/126669\/revisions"}],"wp:featuredmedia":[{"embeddable":true,"href":"https:\/\/www.aarquiteta.com.br\/blog\/wp-json\/wp\/v2\/media\/126666"}],"wp:attachment":[{"href":"https:\/\/www.aarquiteta.com.br\/blog\/wp-json\/wp\/v2\/media?parent=126669"}],"wp:term":[{"taxonomy":"category","embeddable":true,"href":"https:\/\/www.aarquiteta.com.br\/blog\/wp-json\/wp\/v2\/categories?post=126669"},{"taxonomy":"post_tag","embeddable":true,"href":"https:\/\/www.aarquiteta.com.br\/blog\/wp-json\/wp\/v2\/tags?post=126669"}],"curies":[{"name":"wp","href":"https:\/\/api.w.org\/{rel}","templated":true}]}}