{"id":126545,"date":"2024-08-29T13:49:23","date_gmt":"2024-08-29T16:49:23","guid":{"rendered":"https:\/\/www.aarquiteta.com.br\/blog\/moveis-rusticos\/"},"modified":"2024-08-29T13:49:23","modified_gmt":"2024-08-29T16:49:23","slug":"moveis-rusticos","status":"publish","type":"post","link":"https:\/\/www.aarquiteta.com.br\/blog\/moveis-rusticos\/","title":{"rendered":"M\u00f3veis R\u00fasticos: Estilo e Aconchego para o Seu Lar"},"content":{"rendered":"<p><body><\/p>\n<p>Os m\u00f3veis r\u00fasticos s\u00e3o uma verdadeira viagem ao cora\u00e7\u00e3o do campo, oferecendo aquele aconchego que s\u00f3 a natureza pode proporcionar. Com materiais naturais e acabamentos que contam hist\u00f3rias, esses m\u00f3veis trazem um charme \u00fanico para qualquer ambiente. Vamos explorar como eles podem transformar sua casa!<\/p>\n<h2>Introdu\u00e7\u00e3o<\/h2>\n<p>Quando eu olho para os m\u00f3veis r\u00fasticos, vejo n\u00e3o apenas pe\u00e7as de mob\u00edlia, mas, sim, verdadeiras obras de arte que transmitem sentimentos. Eles t\u00eam essa capacidade incr\u00edvel de trazer a beleza e a simplicidade do campo para dentro de nossas casas. Neste artigo, vou te mostrar o que s\u00e3o os m\u00f3veis r\u00fasticos, suas principais caracter\u00edsticas e como eles podem ser o diferencial que voc\u00ea busca para o seu lar.<\/p>\n<h2>O que s\u00e3o M\u00f3veis R\u00fasticos?<\/h2>\n<p>Os <b>m\u00f3veis r\u00fasticos<\/b> s\u00e3o feitos de materiais naturais como madeira, ferro e pedra. Esses elementos t\u00eam aquele aspecto genu\u00edno, com texturas distintas que muitas vezes revelam n\u00f3s e marcas da natureza. O que realmente encanta \u00e9 a autenticidade dessas pe\u00e7as, que trazem um pedacinho do campo para o seu dia a dia. Cada m\u00f3vel conta uma hist\u00f3ria ao apresentar <b>acabamentos artesanais<\/b> que fazem com que pare\u00e7am ter sido esculpidos \u00e0 m\u00e3o com todo carinho.<\/p>\n<h2>Vantagens dos M\u00f3veis R\u00fasticos<\/h2>\n<h3>Durabilidade e Qualidade<\/h3>\n<p>Uma das maiores vantagens dos m\u00f3veis r\u00fasticos \u00e9 a <b>durabilidade<\/b>. Esses m\u00f3veis s\u00e3o projetados para resistir ao tempo e ao uso, tornando-se um investimento a longo prazo. \u00c9 como escolher um vinho: quanto mais velho, melhor. Com o tempo, eles adquirem um charme ainda mais especial.<\/p>\n<h3>Beleza Atemporal<\/h3>\n<figure style=\"width: 1024px\" class=\"wp-caption aligncenter\"><img decoding=\"async\" src=\"https:\/\/www.aarquiteta.com.br\/blog\/wp-content\/uploads\/2024\/08\/moveis-rusticos01.jpg\" alt=\"M\u00f3veis R\u00fasticos: Estilo e Aconchego para o Seu Lar\" width=\"1024\" height=\"1024\" title=\"\"><figcaption class=\"wp-caption-text\">M\u00f3veis R\u00fasticos: Estilo e Aconchego para o Seu Lar<\/figcaption><\/figure>\n<p>No mundo da decora\u00e7\u00e3o, a <b>est\u00e9tica r\u00fastica<\/b> \u00e9 uma celebra\u00e7\u00e3o da simplicidade, e o melhor, \u00e9 atemporal! Isso significa que eles nunca saem de moda. Voc\u00ea pode facilmente integr\u00e1-los a ambientes modernos ou cl\u00e1ssicos, criando uma harmonia visual que faz seu cora\u00e7\u00e3o bater mais forte.<\/p>\n<h3>F\u00e1cil Manuten\u00e7\u00e3o<\/h3>\n<figure style=\"width: 1024px\" class=\"wp-caption aligncenter\"><img decoding=\"async\" src=\"https:\/\/www.aarquiteta.com.br\/blog\/wp-content\/uploads\/2024\/08\/moveis-rusticos-0.jpg\" alt=\"Uma jornada visual pelo aconchego dos m\u00f3veis r\u00fasticos\" title=\"\"><figcaption class=\"wp-caption-text\">Uma jornada visual pelo aconchego dos m\u00f3veis r\u00fasticos<\/figcaption><\/figure>\n<p>Quem disse que m\u00f3veis bonitos exigem cuidados exagerados? Al\u00e9m de serem <b>f\u00e1ceis de manter<\/b>, basta uma limpeza regular e alguns truques especiais para preserv\u00e1-los. Um pano \u00famido aqui, uma cera natural ali, e voil\u00e0, seu m\u00f3vel est\u00e1 pronto para brilhar novamente!<\/p>\n<h2>Onde Comprar M\u00f3veis R\u00fasticos<\/h2>\n<p>Procurando onde adquirir essas belezuras? Vou te contar: existem muitas lojas f\u00edsicas e online que oferecem <b>m\u00f3veis r\u00fasticos<\/b>. Desde lojas de artigos de decora\u00e7\u00e3o at\u00e9 feiras especializadas em m\u00f3veis artesanais, as op\u00e7\u00f5es s\u00e3o vastas e sempre com pre\u00e7os variados. Vale a pena pesquisar e encontrar a pe\u00e7a perfeita que encaixe no seu or\u00e7amento e estilo.<\/p>\n<h2>30 Ideias para Decorar com M\u00f3veis R\u00fasticos<\/h2>\n<p>N\u00e3o sabe como usar os m\u00f3veis r\u00fasticos na decora\u00e7\u00e3o? N\u00e3o se preocupe! Colecione ideias como essas:<\/p>\n<ul>\n<li>Cozinha r\u00fastica, mas moderna com mesas de madeira;<\/li>\n<li>Prateleiras de madeira que trazem um toque natural;<\/li>\n<li>Combina\u00e7\u00f5es de m\u00f3veis de madeira e ferro;<\/li>\n<li>Pe\u00e7as vintage que se destaquem na decora\u00e7\u00e3o;<\/li>\n<li>Mesas de centro r\u00fasticas que s\u00e3o verdadeiros protagonistas.<\/li>\n<li>Plantas que complementam e alegrar o ambiente.<\/li>\n<\/ul>\n<h2>Como Cuidar e Preservar seus M\u00f3veis R\u00fasticos<\/h2>\n<p>Para quem ama seus m\u00f3veis r\u00fasticos, \u00e9 essencial saber como cuidar deles. Aqui v\u00e3o algumas dicas s\u00e1bias:<\/p>\n<ol>\n<li>Mantenha-os limpos: Um pano \u00famido \u00e9 tudo que voc\u00ea precisa para remover a poeira.<\/li>\n<li>Evite a exposi\u00e7\u00e3o solar: O sol pode desbotar as cores ao longo do tempo. Tente posicion\u00e1-los longe da luz direta.<\/li>\n<li>Aplique um tratamento com \u00f3leo de linha\u00e7a: Isso ajuda a manter a madeira hidratada e com um brilho natural.<\/li>\n<\/ol>\n<h2>Conclus\u00e3o<\/h2>\n<p>Investir em m\u00f3veis r\u00fasticos \u00e9 muito mais que uma tend\u00eancia, \u00e9 um ato de amor \u00e0 natureza e \u00e0 est\u00e9tica que ela traz para nossas vidas. Esses m\u00f3veis proporcionam <b>conforto, autenticidade<\/b> e um toque pessoal que transforma qualquer espa\u00e7o em um lar. Venha comigo e desvende o poder da rusticidade em sua decora\u00e7\u00e3o!<\/p>\n<p><\/body><br \/>\n<figure style=\"width: 1024px\" class=\"wp-caption aligncenter\"><img decoding=\"async\" src=\"https:\/\/www.aarquiteta.com.br\/blog\/wp-content\/uploads\/2024\/08\/moveis-rusticos02.jpg\" alt=\"M\u00f3veis R\u00fasticos: Estilo e Aconchego para o Seu Lar\" width=\"1024\" height=\"1024\" title=\"\"><figcaption class=\"wp-caption-text\">M\u00f3veis R\u00fasticos: Estilo e Aconchego para o Seu Lar<\/figcaption><\/figure>\n<figure style=\"width: 1024px\" class=\"wp-caption aligncenter\"><img decoding=\"async\" src=\"https:\/\/www.aarquiteta.com.br\/blog\/wp-content\/uploads\/2024\/08\/moveis-rusticos-001.png\" alt=\"Pe\u00e7as que encantam com sua naturalidade\" title=\"\"><figcaption class=\"wp-caption-text\">Pe\u00e7as que encantam com sua naturalidade<\/figcaption><\/figure>\n<figure style=\"width: 1024px\" class=\"wp-caption aligncenter\"><img decoding=\"async\" src=\"https:\/\/www.aarquiteta.com.br\/blog\/wp-content\/uploads\/2024\/08\/moveis-rusticos03.jpg\" alt=\"M\u00f3veis R\u00fasticos: Estilo e Aconchego para o Seu Lar\" width=\"1024\" height=\"1024\" title=\"\"><figcaption class=\"wp-caption-text\">M\u00f3veis R\u00fasticos: Estilo e Aconchego para o Seu Lar<\/figcaption><\/figure>\n<figure style=\"width: 1024px\" class=\"wp-caption aligncenter\"><img decoding=\"async\" src=\"https:\/\/www.aarquiteta.com.br\/blog\/wp-content\/uploads\/2024\/08\/moveis-rusticos-2.jpg\" alt=\"Elementos que combinam rusticidade e modernidade\" title=\"\"><figcaption class=\"wp-caption-text\">Elementos que combinam rusticidade e modernidade<\/figcaption><\/figure>\n<figure style=\"width: 1024px\" class=\"wp-caption aligncenter\"><img decoding=\"async\" src=\"https:\/\/www.aarquiteta.com.br\/blog\/wp-content\/uploads\/2024\/08\/moveis-rusticos4.jpg\" alt=\"M\u00f3veis R\u00fasticos: Estilo e Aconchego para o Seu Lar\" width=\"1024\" height=\"1024\" title=\"\"><figcaption class=\"wp-caption-text\">M\u00f3veis R\u00fasticos: Estilo e Aconchego para o Seu Lar<\/figcaption><\/figure>\n<figure style=\"width: 1024px\" class=\"wp-caption aligncenter\"><img decoding=\"async\" src=\"https:\/\/www.aarquiteta.com.br\/blog\/wp-content\/uploads\/2024\/08\/moveis-rusticos-3-730x913.jpg\" alt=\"A beleza da madeira em harmonia com outros materiais\" title=\"\"><figcaption class=\"wp-caption-text\">A beleza da madeira em harmonia com outros materiais<\/figcaption><\/figure>\n<h3>Para se aprofundar mais sobre o tema, veja a minha recomenda\u00e7\u00e3o sobre o tema deste artigo no v\u00eddeo a seguir abaixo:<\/h3>\n<p><iframe title=\"YouTube video player\" src=\"https:\/\/www.youtube.com\/embed\/WjniZ47WAkE\" width=\"560\" height=\"315\" frameborder=\"0\" allowfullscreen=\"allowfullscreen\"><\/iframe><\/p>\n<figure style=\"width: 1024px\" class=\"wp-caption aligncenter\"><img decoding=\"async\" src=\"https:\/\/www.aarquiteta.com.br\/blog\/wp-content\/uploads\/2024\/08\/moveis-rusticos-4-961x1200.jpg\" alt=\"A palhinha que traz leveza e aconchego ao ambiente\" title=\"\"><figcaption class=\"wp-caption-text\">A palhinha que traz leveza e aconchego ao ambiente<\/figcaption><\/figure>\n<figure style=\"width: 1024px\" class=\"wp-caption aligncenter\"><img decoding=\"async\" src=\"https:\/\/www.aarquiteta.com.br\/blog\/wp-content\/uploads\/2024\/08\/moveis-rusticos-5-960x1200.jpg\" alt=\"Explorando o charme dos m\u00f3veis antigos\" title=\"\"><figcaption class=\"wp-caption-text\">Explorando o charme dos m\u00f3veis antigos<\/figcaption><\/figure>\n","protected":false},"excerpt":{"rendered":"<p>Descubra 30 ideias inspiradoras de m\u00f3veis r\u00fasticos que trazem charme e aconchego ao seu lar.<\/p>\n","protected":false},"author":102,"featured_media":126536,"comment_status":"closed","ping_status":"closed","sticky":false,"template":"","format":"standard","meta":{"footnotes":""},"categories":[1484],"tags":[],"class_list":["post-126545","post","type-post","status-publish","format-standard","has-post-thumbnail","category-decoracao"],"_wp_attached_file":null,"_wp_attachment_metadata":null,"_wp_attachment_context":null,"_wp_attachment_is_custom_header":null,"geo_longitude":null,"geo_public":null,"geo_latitude":null,"_publicize_done_external":null,"_wpas_done_3897181":null,"publicize_twitter_user":null,"_wpas_done_3897175":null,"_wpas_skip_3897181":null,"_wpas_skip_3897175":null,"_wpas_skip_3924723":null,"_wpas_mess":null,"_wpas_done_3924723":null,"wps_subtitle":"","_links":{"self":[{"href":"https:\/\/www.aarquiteta.com.br\/blog\/wp-json\/wp\/v2\/posts\/126545","targetHints":{"allow":["GET"]}}],"collection":[{"href":"https:\/\/www.aarquiteta.com.br\/blog\/wp-json\/wp\/v2\/posts"}],"about":[{"href":"https:\/\/www.aarquiteta.com.br\/blog\/wp-json\/wp\/v2\/types\/post"}],"author":[{"embeddable":true,"href":"https:\/\/www.aarquiteta.com.br\/blog\/wp-json\/wp\/v2\/users\/102"}],"replies":[{"embeddable":true,"href":"https:\/\/www.aarquiteta.com.br\/blog\/wp-json\/wp\/v2\/comments?post=126545"}],"version-history":[{"count":0,"href":"https:\/\/www.aarquiteta.com.br\/blog\/wp-json\/wp\/v2\/posts\/126545\/revisions"}],"wp:featuredmedia":[{"embeddable":true,"href":"https:\/\/www.aarquiteta.com.br\/blog\/wp-json\/wp\/v2\/media\/126536"}],"wp:attachment":[{"href":"https:\/\/www.aarquiteta.com.br\/blog\/wp-json\/wp\/v2\/media?parent=126545"}],"wp:term":[{"taxonomy":"category","embeddable":true,"href":"https:\/\/www.aarquiteta.com.br\/blog\/wp-json\/wp\/v2\/categories?post=126545"},{"taxonomy":"post_tag","embeddable":true,"href":"https:\/\/www.aarquiteta.com.br\/blog\/wp-json\/wp\/v2\/tags?post=126545"}],"curies":[{"name":"wp","href":"https:\/\/api.w.org\/{rel}","templated":true}]}}