{"id":126447,"date":"2024-08-28T14:37:45","date_gmt":"2024-08-28T17:37:45","guid":{"rendered":"https:\/\/www.aarquiteta.com.br\/blog\/aprenda-a-utilizar-madeira-na-decoracao-dicas\/"},"modified":"2024-08-28T14:37:45","modified_gmt":"2024-08-28T17:37:45","slug":"aprenda-a-utilizar-madeira-na-decoracao-dicas","status":"publish","type":"post","link":"https:\/\/www.aarquiteta.com.br\/blog\/aprenda-a-utilizar-madeira-na-decoracao-dicas\/","title":{"rendered":"5 maneiras criativas de usar madeira na decora\u00e7\u00e3o da sua casa."},"content":{"rendered":"<p>A madeira \u00e9 um elemento vers\u00e1til e atemporal na decora\u00e7\u00e3o, capaz de transformar qualquer ambiente em um espa\u00e7o acolhedor e estiloso. O arquiteto Ralph Dias compartilha dicas valiosas sobre como utilizar a madeira de forma harmoniosa, equilibrando tons e estilos para criar a decora\u00e7\u00e3o perfeita.<\/p>\n<h2>O charme da madeira na decora\u00e7\u00e3o<\/h2>\n<h3>Por que escolher a madeira?<\/h3>\n<p>A madeira \u00e9 um dos materiais mais antigos e respeitados na decora\u00e7\u00e3o. <b>Ela traz aconchego<\/b> e uma sensa\u00e7\u00e3o de conex\u00e3o com a natureza, algo que muitos buscam em suas casas. Al\u00e9m disso, a madeira \u00e9 incrivelmente vers\u00e1til, podendo ser utilizada em diversos estilos, desde o r\u00fastico at\u00e9 o minimalista. Ao optar por esse material, o decorador n\u00e3o s\u00f3 embeleza o ambiente, mas tamb\u00e9m cria uma atmosfera \u00fanica e acolhedora.<\/p>\n<h3>Estilos de decora\u00e7\u00e3o com madeira<\/h3>\n<figure style=\"width: 1024px\" class=\"wp-caption aligncenter\"><img decoding=\"async\" src=\"https:\/\/www.aarquiteta.com.br\/blog\/wp-content\/uploads\/2024\/08\/aprenda-a-utilizar-madeira-na-decoracao-2.jpg\" alt=\"5 maneiras criativas de usar madeira na decora\u00e7\u00e3o da sua casa.\" width=\"1024\" height=\"1024\" title=\"\"><figcaption class=\"wp-caption-text\">Source: <a href=\"https:\/\/ndmais.com.br\/arquitetura-e-decoracao\/aprenda-a-utilizar-madeira-na-decoracao-arquiteto-da-dicas-para-combinar-elemento-em-casa\/\" target=\"_blank\" rel=\"noopener\">NDMAIS<\/a><\/figcaption><\/figure>\n<p>Quando se fala em madeira, as possibilidades s\u00e3o infinitas. <b>Do r\u00fastico ao moderno<\/b>, cada estilo tem suas particularidades. Para quem aprecia um ambiente mais contempor\u00e2neo, a madeira clara \u00e9 uma excelente escolha, pois proporciona uma sensa\u00e7\u00e3o de amplitude e leveza. J\u00e1 os tons mais escuros, como o mogno, s\u00e3o ideais para quem busca um toque de sofistica\u00e7\u00e3o e eleg\u00e2ncia. O arquiteto Ralph Dias ressalta que a escolha do tom deve estar alinhada ao estilo desejado, criando um espa\u00e7o que reflita a personalidade do morador.<\/p>\n<h3>Combina\u00e7\u00f5es de cores e texturas<\/h3>\n<p>Combinar madeira com outras texturas e cores \u00e9 uma arte. <b>O equil\u00edbrio \u00e9 fundamental<\/b> para que o ambiente n\u00e3o fique sobrecarregado. Por exemplo, a madeira clara pode ser combinada com cores vibrantes e elementos met\u00e1licos, enquanto a madeira escura pede tons mais neutros e suaves. O arquiteto sugere que se brinque com diferentes texturas, como tecidos e cer\u00e2micas, para criar um espa\u00e7o din\u00e2mico e interessante.<\/p>\n<h3>Ilumina\u00e7\u00e3o e madeira<\/h3>\n<h3>Assista agora a minha recomenda\u00e7\u00e3o de video abaixo sobre o tema que estamos tratando neste artigo: <\/h3>\n<p><iframe title=\"YouTube video player\" src=\"https:\/\/www.youtube.com\/embed\/tA18xXIvJVY?feature=oembed&#038;enablejsapi=1&#038;origin=https:\/\/ndmais.com.br\" width=\"560\" height=\"315\" frameborder=\"0\" allowfullscreen=\"allowfullscreen\"><\/iframe><\/p>\n<p>A ilumina\u00e7\u00e3o \u00e9 um dos aspectos mais importantes na decora\u00e7\u00e3o com madeira. <b>Uma boa ilumina\u00e7\u00e3o pode real\u00e7ar<\/b> as caracter\u00edsticas do material, trazendo \u00e0 tona suas nuances e texturas. Ralph Dias recomenda o uso de luz natural sempre que poss\u00edvel, mas tamb\u00e9m sugere a inclus\u00e3o de lumin\u00e1rias que criem um efeito acolhedor. A ilumina\u00e7\u00e3o indireta, por exemplo, pode fazer maravilhas em um ambiente com madeira, criando sombras e profundidade.<\/p>\n<h3>Erros comuns ao usar madeira<\/h3>\n<p>Embora a madeira seja um material maravilhoso, existem alguns erros que podem comprometer a decora\u00e7\u00e3o. <b>Um dos principais erros<\/b> \u00e9 a escolha de tons que n\u00e3o se harmonizam entre si. \u00c9 crucial que os diferentes elementos de madeira em um ambiente conversem entre si, criando uma unidade visual. Outro erro comum \u00e9 a superexposi\u00e7\u00e3o da madeira, que pode fazer o espa\u00e7o parecer pesado. O arquiteto aconselha a dosar a quantidade de madeira utilizada, equilibrando com outros materiais e cores.<\/p>\n<h3>Manuten\u00e7\u00e3o da madeira na decora\u00e7\u00e3o<\/h3>\n<p>Manter a beleza da madeira requer cuidados especiais. <b>\u00c9 importante proteg\u00ea-la<\/b> da umidade e da luz solar direta, que podem danificar o material ao longo do tempo. O arquiteto sugere o uso de produtos espec\u00edficos para limpeza e conserva\u00e7\u00e3o, al\u00e9m de realizar manuten\u00e7\u00f5es peri\u00f3dicas. Com os devidos cuidados, a madeira pode durar por muitos anos, mantendo sua beleza e charme.<\/p>\n<h2>Conclus\u00e3o<\/h2>\n<p>Utilizar a madeira na decora\u00e7\u00e3o \u00e9 uma escolha que traz n\u00e3o apenas beleza, mas tamb\u00e9m aconchego e personalidade ao lar. Com as dicas do arquiteto Ralph Dias, \u00e9 poss\u00edvel explorar as diversas possibilidades que esse material oferece, criando ambientes harm\u00f4nicos e cheios de estilo. Ao equilibrar tons, texturas e ilumina\u00e7\u00e3o, qualquer um pode transformar sua casa em um verdadeiro ref\u00fagio de conforto e eleg\u00e2ncia.<\/p>\n","protected":false},"excerpt":{"rendered":"<p>A madeira \u00e9 um elemento vers\u00e1til e atemporal na decora\u00e7\u00e3o, capaz de transformar qualquer ambiente em um espa\u00e7o acolhedor e estiloso. O arquiteto Ralph Dias compartilha dicas valiosas sobre como utilizar a madeira de forma harmoniosa, equilibrando tons e estilos para criar a decora\u00e7\u00e3o perfeita. O charme da madeira na decora\u00e7\u00e3o Por que escolher a [&hellip;]<\/p>\n","protected":false},"author":102,"featured_media":126446,"comment_status":"closed","ping_status":"closed","sticky":false,"template":"","format":"standard","meta":{"footnotes":""},"categories":[249,19127],"tags":[],"class_list":["post-126447","post","type-post","status-publish","format-standard","has-post-thumbnail","category-engenharia-e-construcao-civil","category-reforma-e-manutencao"],"_wp_attached_file":null,"_wp_attachment_metadata":null,"_wp_attachment_context":null,"_wp_attachment_is_custom_header":null,"geo_longitude":null,"geo_public":null,"geo_latitude":null,"_publicize_done_external":null,"_wpas_done_3897181":null,"publicize_twitter_user":null,"_wpas_done_3897175":null,"_wpas_skip_3897181":null,"_wpas_skip_3897175":null,"_wpas_skip_3924723":null,"_wpas_mess":null,"_wpas_done_3924723":null,"wps_subtitle":"","_links":{"self":[{"href":"https:\/\/www.aarquiteta.com.br\/blog\/wp-json\/wp\/v2\/posts\/126447","targetHints":{"allow":["GET"]}}],"collection":[{"href":"https:\/\/www.aarquiteta.com.br\/blog\/wp-json\/wp\/v2\/posts"}],"about":[{"href":"https:\/\/www.aarquiteta.com.br\/blog\/wp-json\/wp\/v2\/types\/post"}],"author":[{"embeddable":true,"href":"https:\/\/www.aarquiteta.com.br\/blog\/wp-json\/wp\/v2\/users\/102"}],"replies":[{"embeddable":true,"href":"https:\/\/www.aarquiteta.com.br\/blog\/wp-json\/wp\/v2\/comments?post=126447"}],"version-history":[{"count":0,"href":"https:\/\/www.aarquiteta.com.br\/blog\/wp-json\/wp\/v2\/posts\/126447\/revisions"}],"wp:featuredmedia":[{"embeddable":true,"href":"https:\/\/www.aarquiteta.com.br\/blog\/wp-json\/wp\/v2\/media\/126446"}],"wp:attachment":[{"href":"https:\/\/www.aarquiteta.com.br\/blog\/wp-json\/wp\/v2\/media?parent=126447"}],"wp:term":[{"taxonomy":"category","embeddable":true,"href":"https:\/\/www.aarquiteta.com.br\/blog\/wp-json\/wp\/v2\/categories?post=126447"},{"taxonomy":"post_tag","embeddable":true,"href":"https:\/\/www.aarquiteta.com.br\/blog\/wp-json\/wp\/v2\/tags?post=126447"}],"curies":[{"name":"wp","href":"https:\/\/api.w.org\/{rel}","templated":true}]}}