{"id":126381,"date":"2024-08-27T18:04:14","date_gmt":"2024-08-27T21:04:14","guid":{"rendered":"https:\/\/www.aarquiteta.com.br\/blog\/cor-bege\/"},"modified":"2024-08-28T10:14:21","modified_gmt":"2024-08-28T13:14:21","slug":"cor-bege","status":"publish","type":"post","link":"https:\/\/www.aarquiteta.com.br\/blog\/cor-bege\/","title":{"rendered":"Cor Bege: A Op\u00e7\u00e3o Ideal para Decora\u00e7\u00e3o Neutra e Sofisticada"},"content":{"rendered":"<p>O bege \u00e9 uma cor que traz <b>eleg\u00e2ncia<\/b> e <b>harmonia<\/b> \u00e0 decora\u00e7\u00e3o. \u00c9 uma escolha popular entre arquitetos e designers, pois combina extremamente bem com outras <b>tonalidades<\/b>, oferecendo um ar <b>sophisticado<\/b> ao ambiente.<\/p><h2>Introdu\u00e7\u00e3o<\/h2><p>Sabe quando voc\u00ea entra em um ambiente e sente que tudo se encaixa? \u00c9 esse o efeito que o <b>bege<\/b> proporciona. Com seu tom neutro, ele entrega um <b>aconchego<\/b> sem igual e se adapta a diversas combina\u00e7\u00f5es. Vamos descobrir juntos como essa cor pode ser a estrela da sua decora\u00e7\u00e3o?<\/p><h2>O Significado da Cor Bege<\/h2><p>O bege n\u00e3o \u00e9 apenas um tom bonito, <b>ele representa calma<\/b>, suavidade e conforto. Ao usar o bege, voc\u00ea estar\u00e1 criando espa\u00e7os que <b>inspiram tranquilidade<\/b>. Para n\u00f3s, arquitetos, essa cor \u00e9 a ponte que liga o estilo e a funcionalidade.<\/p><p><iframe title=\"YouTube video player\" src=\"https:\/\/www.youtube.com\/embed\/bwTFfqSZ6E0\" width=\"560\" height=\"315\" frameborder=\"0\" allowfullscreen=\"allowfullscreen\"><\/iframe><\/p><h2>Cores que Combinam com o Bege<\/h2><h3>1. Branco<\/h3><p>Quando falo em branco e bege, penso na <b>amplitude<\/b> que esta combina\u00e7\u00e3o traz. \u00c9 ideal para pequenos ambientes, pois <b>reflete a luz<\/b>, criando uma sensa\u00e7\u00e3o de <b>espa\u00e7o<\/b> e <b>frescor<\/b>.<\/p><h3>2. Azul<\/h3><figure style=\"width: 1024px\" class=\"wp-caption aligncenter\"><img decoding=\"async\" src=\"https:\/\/www.aarquiteta.com.br\/blog\/wp-content\/uploads\/2024\/08\/cor-bege01.jpg\" alt=\"https:\/\/www.tuacasa.com.br\/cor-bege\/\" width=\"1024\" height=\"1024\" title=\"\"><figcaption class=\"wp-caption-text\">A cor bege oferece neutralidade e leveza \u00e0 decora\u00e7\u00e3o<\/figcaption><\/figure><p>Visualize um <a href=\"https:\/\/www.aarquiteta.com.br\/blog\/?s=quarto\">quarto<\/a> com tons de azul e paredes bege. Voc\u00ea consegue sentir a <b>serenidade<\/b>? Essa combina\u00e7\u00e3o evoca a <b>tranquilidade<\/b> do mar e \u00e9 perfeita para ambientes de descanso.<\/p><h3>3. Cinza<\/h3><p><img decoding=\"async\" src=\"https:\/\/www.aarquiteta.com.br\/blog\/wp-content\/uploads\/2024\/08\/cor-bege-00.jpg\" alt=\"A cor bege oferece neutralidade e leveza \u00e0 decora\u00e7\u00e3o\" title=\"\"><\/p><p>O cinza se junta ao bege para oferecer um <b>look moderno<\/b>. Cada tonalidade gera uma <b>sutileza<\/b> que \u00e9 simplesmente irresist\u00edvel. Ideal para espa\u00e7os onde queremos algo mais <b>despojado<\/b>.<\/p><h3>4. Preto<\/h3><figure style=\"width: 1024px\" class=\"wp-caption aligncenter\"><img decoding=\"async\" src=\"https:\/\/www.aarquiteta.com.br\/blog\/wp-content\/uploads\/2024\/08\/cor-bege02.jpg\" alt=\"https:\/\/www.tuacasa.com.br\/cor-bege\/\" width=\"1024\" height=\"1024\" title=\"\"><figcaption class=\"wp-caption-text\">A cor bege oferece neutralidade e leveza \u00e0 decora\u00e7\u00e3o<\/figcaption><\/figure><p>Imagine um <a href=\"https:\/\/www.aarquiteta.com.br\/blog\/?s=ESCRITORIO\">escrit\u00f3rio<\/a> com detalhes em preto sobre uma base bege. Isso traz uma <b>personalidade<\/b> \u00fanica ao ambiente, sem o peso que o preto geralmente carrega. \u00c9 <b>sofistica\u00e7\u00e3o na medida<\/b>!<\/p><h3>5. Cor-de-rosa<\/h3><p><img decoding=\"async\" src=\"https:\/\/www.aarquiteta.com.br\/blog\/wp-content\/uploads\/2024\/08\/cor-bege-7.png\" alt=\"O bege \u00e9 uma tonalidade neutra que transmite calma e passividade.\" title=\"\"><\/p><p>Um quarto feminino com bege e rosa claro tem um sabor <b>rom\u00e2ntico<\/b> e delicado. Ao incluir as nuances de rosa nos detalhes decorativos, conseguimos um espa\u00e7o que \u00e9 puro <b>engajamento emocional<\/b>.<\/p><h3>6. Tons Terrosos<\/h3><figure style=\"width: 1024px\" class=\"wp-caption aligncenter\"><img decoding=\"async\" src=\"https:\/\/www.aarquiteta.com.br\/blog\/wp-content\/uploads\/2024\/08\/cor-bege03.jpg\" alt=\"https:\/\/www.tuacasa.com.br\/cor-bege\/\" width=\"1024\" height=\"1024\" title=\"\"><figcaption class=\"wp-caption-text\">A cor bege oferece neutralidade e leveza \u00e0 decora\u00e7\u00e3o<\/figcaption><\/figure><p>Combinar o bege com tons terrosos resulta em um ambiente <b>\u00edntimo e acolhedor<\/b>. Essa paleta traz a natureza para dentro de casa e convida ao <b>descanso<\/b>.<\/p><h2>Como Usar o Bege na Decora\u00e7\u00e3o<\/h2><p><img decoding=\"async\" src=\"https:\/\/www.aarquiteta.com.br\/blog\/wp-content\/uploads\/2024\/08\/cor-bege-6.png\" alt=\"A cor branca e o bege formam uma dupla perfeita para compor ambientes pequenos.\" title=\"\"><\/p><p>O importante \u00e9 saber como introduzir o bege. O estudo do <b>c\u00edrculo crom\u00e1tico<\/b> pode ser uma ferramenta poderosa para evitar combina\u00e7\u00f5es que podem sair do tom. Escolher os elementos certos confirma que o bege n\u00e3o \u00e9 apenas uma cor, mas um <b>estilo de vida<\/b>.<\/p><h2>Resultados Visuais Com o Uso do Bege<\/h2><p>Adotar o bege no projeto traz uma <b>luminosidade<\/b> especial. O segredo est\u00e1 em combinar texturas e elementos naturais, como <b><a href=\"https:\/\/www.aarquiteta.com.br\/blog\/?s=MADEIRA\">madeira<\/a><\/b> e <b>pedras<\/b>, para enriquecer a decora\u00e7\u00e3o. Assim, conseguimos um espa\u00e7o que \u00e9 tanto <b>elegante<\/b> quanto convidativo.<\/p><p><img decoding=\"async\" src=\"https:\/\/www.aarquiteta.com.br\/blog\/wp-content\/uploads\/2024\/08\/cor-bege-5.png\" alt=\"Os tons de azul na decora\u00e7\u00e3o trazem sensa\u00e7\u00f5es de profundidade e calma.\" title=\"\"><\/p><h2>Conclus\u00e3o<\/h2><p>O bege transforma um ambiente e promove um <b>clima de bem-estar<\/b>. Ao combin\u00e1-lo sagazmente com outras <a href=\"https:\/\/www.aarquiteta.com.br\/blog\/?s=CORES\">cores<\/a>, voc\u00ea consegue ambientes que s\u00e3o um verdadeiro <b>reflexo do seu estilo<\/b> pessoal. Est\u00e1 na hora de usar essa cor como a grande protagonista da sua decora\u00e7\u00e3o!<\/p><figure style=\"width: 1024px\" class=\"wp-caption aligncenter\"><img decoding=\"async\" src=\"https:\/\/www.aarquiteta.com.br\/blog\/wp-content\/uploads\/2024\/08\/cor-bege4.jpg\" alt=\"https:\/\/www.tuacasa.com.br\/cor-bege\/\" width=\"1024\" height=\"1024\" title=\"\"><figcaption class=\"wp-caption-text\">https:\/\/www.tuacasa.com.br\/cor-bege\/<\/figcaption><\/figure><p><img decoding=\"async\" src=\"https:\/\/www.aarquiteta.com.br\/blog\/wp-content\/uploads\/2024\/08\/cor-bege-3.png\" alt=\"A combina\u00e7\u00e3o garante uma decora\u00e7\u00e3o moderna e despojada.\" title=\"\"><\/p><p><img decoding=\"async\" src=\"https:\/\/www.aarquiteta.com.br\/blog\/wp-content\/uploads\/2024\/08\/cor-bege-2.png\" alt=\"O preto e o bege criam um interessante contraste, trazendo mais personalidade ao d\u00e9cor.\" title=\"\"><\/p>","protected":false},"excerpt":{"rendered":"<p>Descubra como a cor bege traz leveza e sofistica\u00e7\u00e3o \u00e0 decora\u00e7\u00e3o, combinando perfeitamente com diferentes estilos e ambientes.<\/p>\n","protected":false},"author":102,"featured_media":126374,"comment_status":"closed","ping_status":"closed","sticky":false,"template":"","format":"standard","meta":{"footnotes":""},"categories":[1484],"tags":[],"class_list":["post-126381","post","type-post","status-publish","format-standard","has-post-thumbnail","category-decoracao"],"_wp_attached_file":null,"_wp_attachment_metadata":null,"_wp_attachment_context":null,"_wp_attachment_is_custom_header":null,"geo_longitude":null,"geo_public":null,"geo_latitude":null,"_publicize_done_external":null,"_wpas_done_3897181":null,"publicize_twitter_user":null,"_wpas_done_3897175":null,"_wpas_skip_3897181":null,"_wpas_skip_3897175":null,"_wpas_skip_3924723":null,"_wpas_mess":null,"_wpas_done_3924723":null,"wps_subtitle":"","_links":{"self":[{"href":"https:\/\/www.aarquiteta.com.br\/blog\/wp-json\/wp\/v2\/posts\/126381","targetHints":{"allow":["GET"]}}],"collection":[{"href":"https:\/\/www.aarquiteta.com.br\/blog\/wp-json\/wp\/v2\/posts"}],"about":[{"href":"https:\/\/www.aarquiteta.com.br\/blog\/wp-json\/wp\/v2\/types\/post"}],"author":[{"embeddable":true,"href":"https:\/\/www.aarquiteta.com.br\/blog\/wp-json\/wp\/v2\/users\/102"}],"replies":[{"embeddable":true,"href":"https:\/\/www.aarquiteta.com.br\/blog\/wp-json\/wp\/v2\/comments?post=126381"}],"version-history":[{"count":0,"href":"https:\/\/www.aarquiteta.com.br\/blog\/wp-json\/wp\/v2\/posts\/126381\/revisions"}],"wp:featuredmedia":[{"embeddable":true,"href":"https:\/\/www.aarquiteta.com.br\/blog\/wp-json\/wp\/v2\/media\/126374"}],"wp:attachment":[{"href":"https:\/\/www.aarquiteta.com.br\/blog\/wp-json\/wp\/v2\/media?parent=126381"}],"wp:term":[{"taxonomy":"category","embeddable":true,"href":"https:\/\/www.aarquiteta.com.br\/blog\/wp-json\/wp\/v2\/categories?post=126381"},{"taxonomy":"post_tag","embeddable":true,"href":"https:\/\/www.aarquiteta.com.br\/blog\/wp-json\/wp\/v2\/tags?post=126381"}],"curies":[{"name":"wp","href":"https:\/\/api.w.org\/{rel}","templated":true}]}}