{"id":126367,"date":"2024-08-27T16:29:00","date_gmt":"2024-08-27T19:29:00","guid":{"rendered":"https:\/\/www.aarquiteta.com.br\/blog\/marmore\/"},"modified":"2024-08-27T16:32:55","modified_gmt":"2024-08-27T19:32:55","slug":"marmore","status":"publish","type":"post","link":"https:\/\/www.aarquiteta.com.br\/blog\/marmore\/","title":{"rendered":"Como Utilizar a Eleg\u00e2ncia do M\u00e1rmore em Seu Projeto"},"content":{"rendered":"<p>O m\u00e1rmore \u00e9 uma rocha metam\u00f3rfica que marca a diferen\u00e7a na decora\u00e7\u00e3o, unindo beleza e resist\u00eancia em diversos <a href=\"https:\/\/www.aarquiteta.com.br\/blog\/decoracao\/ambientes-na-decoracao\/\" class=\"ilj-generated-link\">ambientes<\/a>. Suas ricas tonalidades e veios \u00fanicos n\u00e3o apenas encantam, mas tamb\u00e9m trazem um toque de sofistica\u00e7\u00e3o e charme.<\/p><h2>Introdu\u00e7\u00e3o<\/h2><p>Neste artigo, vamos desvendar o <b>universo do m\u00e1rmore<\/b>: suas caracter\u00edsticas, aplica\u00e7\u00f5es e os diferentes tipos dispon\u00edveis. Al\u00e9m disso, compartilharei dicas pr\u00e1ticas para integrar essa pedra nobre ao seu <a href=\"https:\/\/www.aarquiteta.com.br\/blog\/?s=PROJETO\">projeto<\/a> decorativo.<\/p><h2>O que \u00e9 M\u00e1rmore?<\/h2><p>O m\u00e1rmore, em ess\u00eancia, \u00e9 uma <b>rocha metam\u00f3rfica<\/b> que se origina do calc\u00e1rio, submetido \u00e0 press\u00e3o e temperatura extremas durante milhares de anos. Isso resulta em um material com <b>caracter\u00edsticas \u00fanicas<\/b>, que varia conforme a composi\u00e7\u00e3o mineral, gerando uma paleta de <a href=\"https:\/\/www.aarquiteta.com.br\/blog\/?s=CORES\">cores<\/a> e padr\u00f5es impressionantes.<\/p><h2>Diferen\u00e7a entre M\u00e1rmore e Granito<\/h2><h3>Composi\u00e7\u00e3o e Propriedades<\/h3><p>Vamos falar da principal diferen\u00e7a: o graniteiro \u00e9 uma <b>rocha magm\u00e1tica<\/b>, enquanto o m\u00e1rmore tem suas ra\u00edzes metam\u00f3rficas. Isso quer dizer que, ao longo dos anos, o granito se revela <b>mais denso e menos poroso<\/b>. Suas propriedades garantem uma resist\u00eancia maior a manchas, tornando-o ideal para cozinhas e banheiros agitados. Agora, se o m\u00e1rmore \u00e9 sua escolha, prepare-se para um tratamento mais delicado.<\/p><h3>Apar\u00eancia<\/h3><figure style=\"width: 1024px\" class=\"wp-caption aligncenter\"><img decoding=\"async\" src=\"https:\/\/www.aarquiteta.com.br\/blog\/wp-content\/uploads\/2024\/08\/marmore01.jpg\" alt=\"https:\/\/www.tuacasa.com.br\/marmore\/\" width=\"1024\" height=\"1024\" title=\"\"><figcaption class=\"wp-caption-text\">https:\/\/www.tuacasa.com.br\/marmore\/<\/figcaption><\/figure><p>Ao olhar para o m\u00e1rmore, voc\u00ea nota seus <b>veios distintivos<\/b> e <b>tonalidades ricas<\/b>. Enquanto o granito se apresenta como um mosaico de cores, o m\u00e1rmore se destaca pelas linhas art\u00edsticas que desenham sua superf\u00edcie. \u00c9 como se cada pe\u00e7a contasse uma <b>hist\u00f3ria \u00fanica<\/b> que vale a pena explorar.<\/p><h2>Principais Tipos de M\u00e1rmore<\/h2><h3>M\u00e1rmore Macchia Oro<\/h3><p><img decoding=\"async\" src=\"https:\/\/www.aarquiteta.com.br\/blog\/wp-content\/uploads\/2024\/08\/marmore-000.jpg\" alt=\"Imagem do projeto de arquitetura com m\u00e1rmore.\" title=\"\"><\/p><p>Esse m\u00e1rmore exibe um fundo branco com veios dourados, sendo uma escolha popular para ambientes que pedem eleg\u00e2ncia. Ele \u00e9 perfeito para <b>pain\u00e9is e mesas<\/b>, onde suas linhas podem ser admiradas em toda sua plenitude.<\/p><h3>M\u00e1rmore Monte Cristo<\/h3><figure style=\"width: 1024px\" class=\"wp-caption aligncenter\"><img decoding=\"async\" src=\"https:\/\/www.aarquiteta.com.br\/blog\/wp-content\/uploads\/2024\/08\/marmore02.jpg\" alt=\"https:\/\/www.tuacasa.com.br\/marmore\/\" width=\"1024\" height=\"1024\" title=\"\"><figcaption class=\"wp-caption-text\">https:\/\/www.tuacasa.com.br\/marmore\/<\/figcaption><\/figure><p>Com seus suaves tons de cinza, o <b>M\u00e1rmore Monte Cristo<\/b> traz um toque discreto, ideal para <b>cozinhas e escadas<\/b>. Ele se harmoniza com outros elementos decorativos, permitindo a liberdade de ousar.<\/p><h3>M\u00e1rmore Cerro Portoro<\/h3><p><img decoding=\"async\" src=\"https:\/\/www.aarquiteta.com.br\/blog\/wp-content\/uploads\/2024\/08\/marmore-007.jpg\" alt=\"Imagem mostrando detalhes do m\u00e1rmore utilizado na constru\u00e7\u00e3o.\" title=\"\"><\/p><p>Visualize um fundo preto com veios que transitam entre o amarelo e o cobre. Esse m\u00e1rmore traz <b>sophistica\u00e7\u00e3o<\/b> a banheiros e cozinhas, permitindo que at\u00e9 os <b>detalhes<\/b> mais simples ganhem nova vida.<\/p><h3>M\u00e1rmore Napol\u00e9on Bordeaux<\/h3><figure style=\"width: 1024px\" class=\"wp-caption aligncenter\"><img decoding=\"async\" src=\"https:\/\/www.aarquiteta.com.br\/blog\/wp-content\/uploads\/2024\/08\/marmore03.jpg\" alt=\"https:\/\/www.tuacasa.com.br\/marmore\/\" width=\"1024\" height=\"1024\" title=\"\"><figcaption class=\"wp-caption-text\">https:\/\/www.tuacasa.com.br\/marmore\/<\/figcaption><\/figure><p>Imagine um m\u00e1rmore vermelho luxuoso, que ilumina qualquer espa\u00e7o apenas por existir. O <b>M\u00e1rmore Napol\u00e9on Bordeaux<\/b> se destaca em ambientes internos e externos, trazendo um toque de classe onde quer que seja utilizado.<\/p><h3>M\u00e1rmore Nero Marquina<\/h3><p><img decoding=\"async\" src=\"https:\/\/www.aarquiteta.com.br\/blog\/wp-content\/uploads\/2024\/08\/marmore-001.jpg\" alt=\"Imagem de m\u00e1rmore macchia oro com veios dourados.\" title=\"\"><\/p><p>Esse m\u00e1rmore espanhol \u00e9 conhecido por seu fundo escuro e veios brancos exuberantes, e \u00e9 ideal para <b>lavabos e pain\u00e9is<\/b>. Ele promete um visual impactante em qualquer espa\u00e7o.<\/p><h3>M\u00e1rmore Travertino e Carrara<\/h3><figure style=\"width: 1024px\" class=\"wp-caption aligncenter\"><img decoding=\"async\" src=\"https:\/\/www.aarquiteta.com.br\/blog\/wp-content\/uploads\/2024\/08\/marmore4.jpg\" alt=\"https:\/\/www.tuacasa.com.br\/marmore\/\" width=\"1024\" height=\"1024\" title=\"\"><figcaption class=\"wp-caption-text\">https:\/\/www.tuacasa.com.br\/marmore\/<\/figcaption><\/figure><p>Cl\u00e1ssicos e atemporais, esses m\u00e1rmores oferecem versatilidade em acabamentos. O <b>Travertino<\/b> \u00e9 uma escolha cl\u00e1ssica para pisos e <a href=\"https:\/\/www.aarquiteta.com.br\/blog\/?s=PAREDE\">paredes<\/a>, enquanto o <b>Carrara<\/b> \u00e9 perfeito para ambientes internos, unindo charme e resist\u00eancia.<\/p><h2>Como Utilizar o M\u00e1rmore na Decora\u00e7\u00e3o<\/h2><p>O mundo do m\u00e1rmore \u00e9 vers\u00e1til. Voc\u00ea pode utiliz\u00e1-lo em <b>bancadas, <a href=\"https:\/\/www.aarquiteta.com.br\/blog\/?s=PISO\">pisos<\/a><\/b> e at\u00e9 em <b>pain\u00e9is decorativos<\/b>. Expandindo ainda mais, ele se encaixa perfeitamente em m\u00f3veis, como mesas e at\u00e9 cubas esculpidas. As possibilidades s\u00e3o quase infinitas!<\/p><h2>Cuidados com o M\u00e1rmore<\/h2><p>Um dos pontos cruciais ao trabalhar com m\u00e1rmore \u00e9 entender que ele \u00e9 uma pedra porosa. Portanto, cuidados especiais na limpeza e manuten\u00e7\u00e3o s\u00e3o essenciais. Utilize produtos <b>neutros<\/b>, evitando solu\u00e7\u00f5es qu\u00edmicas agressivas que podem danificar a superf\u00edcie.<\/p><h2>Conclus\u00e3o<\/h2><p>Em resumo, o m\u00e1rmore \u00e9 um <b>investimento que vale a pena<\/b> para quem deseja um ambiente elegante e atemporal. Escolha o tipo que mais ressoa com seu <b>estilo pessoal<\/b> e enfrente o desafio de integrar essa beleza em seu projeto. A sofistica\u00e7\u00e3o estar\u00e1 ao seu alcance!<\/p><p><img decoding=\"async\" src=\"https:\/\/www.aarquiteta.com.br\/blog\/wp-content\/uploads\/2024\/08\/marmore-002-1.jpg\" alt=\"Imagem de m\u00e1rmore monte cristo em tons suaves.\" title=\"\"><\/p><p><img decoding=\"async\" src=\"https:\/\/www.aarquiteta.com.br\/blog\/wp-content\/uploads\/2024\/08\/marmore-003.jpg\" alt=\"Imagem do m\u00e1rmore cerro portoro com fundo preto.\" title=\"\"><\/p><p><img decoding=\"async\" src=\"https:\/\/www.aarquiteta.com.br\/blog\/wp-content\/uploads\/2024\/08\/marmore-004.jpg\" alt=\"Imagem do m\u00e1rmore napol\u00e9on bordeaux com veios distintos.\" title=\"\"><\/p>","protected":false},"excerpt":{"rendered":"<p>Descubra como o m\u00e1rmore pode transformar seus projetos de decora\u00e7\u00e3o com beleza, sofistica\u00e7\u00e3o e versatilidade.<\/p>\n","protected":false},"author":102,"featured_media":126360,"comment_status":"closed","ping_status":"closed","sticky":false,"template":"","format":"standard","meta":{"footnotes":""},"categories":[1507,249],"tags":[],"class_list":["post-126367","post","type-post","status-publish","format-standard","has-post-thumbnail","category-arquitetura","category-engenharia-e-construcao-civil"],"_wp_attached_file":null,"_wp_attachment_metadata":null,"_wp_attachment_context":null,"_wp_attachment_is_custom_header":null,"geo_longitude":null,"geo_public":null,"geo_latitude":null,"_publicize_done_external":null,"_wpas_done_3897181":null,"publicize_twitter_user":null,"_wpas_done_3897175":null,"_wpas_skip_3897181":null,"_wpas_skip_3897175":null,"_wpas_skip_3924723":null,"_wpas_mess":null,"_wpas_done_3924723":null,"wps_subtitle":"","_links":{"self":[{"href":"https:\/\/www.aarquiteta.com.br\/blog\/wp-json\/wp\/v2\/posts\/126367","targetHints":{"allow":["GET"]}}],"collection":[{"href":"https:\/\/www.aarquiteta.com.br\/blog\/wp-json\/wp\/v2\/posts"}],"about":[{"href":"https:\/\/www.aarquiteta.com.br\/blog\/wp-json\/wp\/v2\/types\/post"}],"author":[{"embeddable":true,"href":"https:\/\/www.aarquiteta.com.br\/blog\/wp-json\/wp\/v2\/users\/102"}],"replies":[{"embeddable":true,"href":"https:\/\/www.aarquiteta.com.br\/blog\/wp-json\/wp\/v2\/comments?post=126367"}],"version-history":[{"count":0,"href":"https:\/\/www.aarquiteta.com.br\/blog\/wp-json\/wp\/v2\/posts\/126367\/revisions"}],"wp:featuredmedia":[{"embeddable":true,"href":"https:\/\/www.aarquiteta.com.br\/blog\/wp-json\/wp\/v2\/media\/126360"}],"wp:attachment":[{"href":"https:\/\/www.aarquiteta.com.br\/blog\/wp-json\/wp\/v2\/media?parent=126367"}],"wp:term":[{"taxonomy":"category","embeddable":true,"href":"https:\/\/www.aarquiteta.com.br\/blog\/wp-json\/wp\/v2\/categories?post=126367"},{"taxonomy":"post_tag","embeddable":true,"href":"https:\/\/www.aarquiteta.com.br\/blog\/wp-json\/wp\/v2\/tags?post=126367"}],"curies":[{"name":"wp","href":"https:\/\/api.w.org\/{rel}","templated":true}]}}