{"id":126277,"date":"2024-08-26T13:20:28","date_gmt":"2024-08-26T16:20:28","guid":{"rendered":"https:\/\/www.aarquiteta.com.br\/blog\/decoracao-com-plantas-como-escolher-as-melhores-especies-para-ambientes-internos\/"},"modified":"2024-08-26T13:20:28","modified_gmt":"2024-08-26T16:20:28","slug":"decoracao-com-plantas-como-escolher-as-melhores-especies-para-ambientes-internos","status":"publish","type":"post","link":"https:\/\/www.aarquiteta.com.br\/blog\/decoracao-com-plantas-como-escolher-as-melhores-especies-para-ambientes-internos\/","title":{"rendered":"Decora\u00e7\u00e3o com Plantas: Como Escolher as Melhores Esp\u00e9cies para Ambientes Internos"},"content":{"rendered":"<p>&#8220;`html<br \/>\n<body><\/p>\n<p>Decorar ambientes internos com plantas traz vida e frescor ao espa\u00e7o, al\u00e9m de melhorar a qualidade do ar. Neste guia, voc\u00ea aprender\u00e1 a escolher as melhores esp\u00e9cies para sua casa ou escrit\u00f3rio, considerando fatores como ilumina\u00e7\u00e3o, espa\u00e7o e cuidados necess\u00e1rios.<\/p>\n<h2>1. Benef\u00edcios das Plantas em Ambientes Internos<\/h2>\n<h3>1.1 Melhoria da Qualidade do Ar<\/h3>\n<figure style=\"width: 1024px\" class=\"wp-caption aligncenter\"><img decoding=\"async\" src=\"https:\/\/www.aarquiteta.com.br\/blog\/wp-content\/uploads\/2024\/08\/Decoracao-com-Plantas-Como-Escolher-as-Melhores-Especies-para-Ambientes-Internos04.jpg\" alt=\"Decora\u00e7\u00e3o com Plantas: Como Escolher as Melhores Esp\u00e9cies para Ambientes Internos\" width=\"1024\" height=\"1024\" title=\"\"><figcaption class=\"wp-caption-text\">Decora\u00e7\u00e3o com Plantas: Como Escolher as Melhores Esp\u00e9cies para Ambientes Internos<\/figcaption><\/figure>\n<p>As plantas s\u00e3o verdadeiros <b>purificadores naturais<\/b> do ar. Elas absorvem di\u00f3xido de carbono e liberam oxig\u00eanio, contribuindo para um ambiente mais saud\u00e1vel.<\/p>\n<h3>1.2 Aumento da Umidade<\/h3>\n<figure style=\"width: 1024px\" class=\"wp-caption aligncenter\"><img decoding=\"async\" src=\"https:\/\/www.aarquiteta.com.br\/blog\/wp-content\/uploads\/2024\/08\/Decoracao-com-Plantas-Como-Escolher-as-Melhores-Especies-para-Ambientes-Internos03.jpg\" alt=\"Decora\u00e7\u00e3o com Plantas: Como Escolher as Melhores Esp\u00e9cies para Ambientes Internos\" width=\"1024\" height=\"1024\" title=\"\"><figcaption class=\"wp-caption-text\">Decora\u00e7\u00e3o com Plantas: Como Escolher as Melhores Esp\u00e9cies para Ambientes Internos<\/figcaption><\/figure>\n<p>Al\u00e9m de purificar o ar, as plantas ajudam a <b>aumentar a umidade<\/b> do ambiente, o que \u00e9 especialmente ben\u00e9fico em locais secos.<\/p>\n<h3>1.3 Est\u00edmulo ao Bem-Estar<\/h3>\n<figure style=\"width: 1024px\" class=\"wp-caption aligncenter\"><img decoding=\"async\" src=\"https:\/\/www.aarquiteta.com.br\/blog\/wp-content\/uploads\/2024\/08\/Decoracao-com-Plantas-Como-Escolher-as-Melhores-Especies-para-Ambientes-Internos02.jpg\" alt=\"Decora\u00e7\u00e3o com Plantas: Como Escolher as Melhores Esp\u00e9cies para Ambientes Internos\" width=\"1024\" height=\"1024\" title=\"\"><figcaption class=\"wp-caption-text\">Decora\u00e7\u00e3o com Plantas: Como Escolher as Melhores Esp\u00e9cies para Ambientes Internos<\/figcaption><\/figure>\n<p>Estudos mostram que ter plantas em casa pode <b>reduzir o estresse<\/b> e aumentar a sensa\u00e7\u00e3o de bem-estar, tornando o ambiente mais acolhedor.<\/p>\n<h2>2. Fatores a Considerar na Escolha das Plantas<\/h2>\n<h3>2.1 Ilumina\u00e7\u00e3o do Ambiente<\/h3>\n<figure style=\"width: 1024px\" class=\"wp-caption aligncenter\"><img decoding=\"async\" src=\"https:\/\/www.aarquiteta.com.br\/blog\/wp-content\/uploads\/2024\/08\/Decoracao-com-Plantas-Como-Escolher-as-Melhores-Especies-para-Ambientes-Internos01.jpg\" alt=\"Decora\u00e7\u00e3o com Plantas: Como Escolher as Melhores Esp\u00e9cies para Ambientes Internos\" width=\"1024\" height=\"1024\" title=\"\"><figcaption class=\"wp-caption-text\">Decora\u00e7\u00e3o com Plantas: Como Escolher as Melhores Esp\u00e9cies para Ambientes Internos<\/figcaption><\/figure>\n<p>Antes de escolher suas plantas, \u00e9 fundamental avaliar a <b>ilumina\u00e7\u00e3o<\/b> do espa\u00e7o. Algumas plantas precisam de luz direta, enquanto outras se adaptam bem \u00e0 sombra.<\/p>\n<h3>2.2 Espa\u00e7o Dispon\u00edvel<\/h3>\n<p>O <b>espa\u00e7o dispon\u00edvel<\/b> tamb\u00e9m \u00e9 um fator crucial. Plantas grandes podem n\u00e3o ser adequadas para ambientes pequenos, enquanto esp\u00e9cies menores podem ser ideais para mesas e prateleiras.<\/p>\n<h3>2.3 N\u00edvel de Manuten\u00e7\u00e3o<\/h3>\n<h3>Assista agora a minha recomenda\u00e7\u00e3o de video abaixo sobre o tema que estamos tratando neste artigo: <\/h3>\n<p><div class=\"youtube-embed\" data-video_id=\"O-MCGpPjmoY\"><iframe title=\"15 PLANTAS GRANDES para SALA: sugest\u00f5es de DECORA\u00c7\u00c3O de CASA\" width=\"696\" height=\"392\" src=\"https:\/\/www.youtube.com\/embed\/O-MCGpPjmoY?feature=oembed&#038;enablejsapi=1\" frameborder=\"0\" allow=\"accelerometer; autoplay; clipboard-write; encrypted-media; gyroscope; picture-in-picture; web-share\" referrerpolicy=\"strict-origin-when-cross-origin\" allowfullscreen><\/iframe><\/div>\n<\/p>\n<p>Considere o <b>n\u00edvel de manuten\u00e7\u00e3o<\/b> que voc\u00ea est\u00e1 disposto a oferecer. Algumas plantas exigem cuidados di\u00e1rios, enquanto outras s\u00e3o mais independentes.<\/p>\n<h2>3. Plantas Ideais para Ambientes Internos<\/h2>\n<h3>3.1 Esp\u00e9cies de Baixa Manuten\u00e7\u00e3o<\/h3>\n<p>Se voc\u00ea n\u00e3o tem muito tempo, opte por plantas como <b>cactos<\/b> e <b>suculentas<\/b>, que requerem pouca \u00e1gua e cuidados.<\/p>\n<h3>3.2 Plantas que se Adaptam a Baixa Luz<\/h3>\n<p>Esp\u00e9cies como a <b>zamioculca<\/b> e a <b>espada-de-s\u00e3o-jorge<\/b> s\u00e3o perfeitas para ambientes com pouca luz, mantendo a beleza do espa\u00e7o.<\/p>\n<h3>3.3 Plantas Arom\u00e1ticas e Medicinais<\/h3>\n<p>Al\u00e9m de decorativas, plantas como <b>manjeric\u00e3o<\/b> e <b>alecrim<\/b> podem ser utilizadas na culin\u00e1ria, trazendo um toque especial ao seu lar.<\/p>\n<h2>4. Dicas de Decora\u00e7\u00e3o com Plantas<\/h2>\n<h3>4.1 Arranjos em Vasos<\/h3>\n<p>Utilize <b>vasos decorativos<\/b> para criar arranjos que se destaquem no ambiente. A escolha do vaso pode complementar a decora\u00e7\u00e3o.<\/p>\n<h3>4.2 Uso de Prateleiras e Suportes<\/h3>\n<p>As prateleiras s\u00e3o uma \u00f3tima maneira de exibir suas plantas. <b>Suportes suspensos<\/b> tamb\u00e9m podem adicionar um charme especial ao espa\u00e7o.<\/p>\n<h3>4.3 Cria\u00e7\u00e3o de Jardins Verticais<\/h3>\n<p><\/body><\/p>\n","protected":false},"excerpt":{"rendered":"<p>Dicas para escolher as melhores plantas para ambientes internos, que al\u00e9m de decorar, purificam o ar e trazem vida ao espa\u00e7o.<\/p>\n","protected":false},"author":102,"featured_media":126274,"comment_status":"closed","ping_status":"closed","sticky":false,"template":"","format":"standard","meta":{"footnotes":""},"categories":[1484,971,18792,18794],"tags":[],"class_list":["post-126277","post","type-post","status-publish","format-standard","has-post-thumbnail","category-decoracao","category-design-de-interiores","category-decoracao-de-apartamento","category-projetos-de-decoracao-de-casas"],"_wp_attached_file":null,"_wp_attachment_metadata":null,"_wp_attachment_context":null,"_wp_attachment_is_custom_header":null,"geo_longitude":null,"geo_public":null,"geo_latitude":null,"_publicize_done_external":null,"_wpas_done_3897181":null,"publicize_twitter_user":null,"_wpas_done_3897175":null,"_wpas_skip_3897181":null,"_wpas_skip_3897175":null,"_wpas_skip_3924723":null,"_wpas_mess":null,"_wpas_done_3924723":null,"wps_subtitle":"","_links":{"self":[{"href":"https:\/\/www.aarquiteta.com.br\/blog\/wp-json\/wp\/v2\/posts\/126277","targetHints":{"allow":["GET"]}}],"collection":[{"href":"https:\/\/www.aarquiteta.com.br\/blog\/wp-json\/wp\/v2\/posts"}],"about":[{"href":"https:\/\/www.aarquiteta.com.br\/blog\/wp-json\/wp\/v2\/types\/post"}],"author":[{"embeddable":true,"href":"https:\/\/www.aarquiteta.com.br\/blog\/wp-json\/wp\/v2\/users\/102"}],"replies":[{"embeddable":true,"href":"https:\/\/www.aarquiteta.com.br\/blog\/wp-json\/wp\/v2\/comments?post=126277"}],"version-history":[{"count":0,"href":"https:\/\/www.aarquiteta.com.br\/blog\/wp-json\/wp\/v2\/posts\/126277\/revisions"}],"wp:featuredmedia":[{"embeddable":true,"href":"https:\/\/www.aarquiteta.com.br\/blog\/wp-json\/wp\/v2\/media\/126274"}],"wp:attachment":[{"href":"https:\/\/www.aarquiteta.com.br\/blog\/wp-json\/wp\/v2\/media?parent=126277"}],"wp:term":[{"taxonomy":"category","embeddable":true,"href":"https:\/\/www.aarquiteta.com.br\/blog\/wp-json\/wp\/v2\/categories?post=126277"},{"taxonomy":"post_tag","embeddable":true,"href":"https:\/\/www.aarquiteta.com.br\/blog\/wp-json\/wp\/v2\/tags?post=126277"}],"curies":[{"name":"wp","href":"https:\/\/api.w.org\/{rel}","templated":true}]}}