{"id":126076,"date":"2024-08-24T13:09:51","date_gmt":"2024-08-24T16:09:51","guid":{"rendered":"https:\/\/www.aarquiteta.com.br\/blog\/5-dicas-para-decoracao-com-itens-artesanais\/"},"modified":"2024-08-24T13:09:51","modified_gmt":"2024-08-24T16:09:51","slug":"5-dicas-para-decoracao-com-itens-artesanais","status":"publish","type":"post","link":"https:\/\/www.aarquiteta.com.br\/blog\/5-dicas-para-decoracao-com-itens-artesanais\/","title":{"rendered":"5 Dicas para Decorar com Itens Artesanais"},"content":{"rendered":"<p>Decorar sua casa com itens artesanais traz um toque \u00fanico e pessoal ao ambiente. Neste artigo, voc\u00ea encontrar\u00e1 5 dicas pr\u00e1ticas para incorporar essas pe\u00e7as de forma harmoniosa e estilosa.<\/p>\n<h2>Destaques principais<\/h2>\n<ul>\n<li><b>Escolha pe\u00e7as que contam uma hist\u00f3ria:<\/b> Itens artesanais t\u00eam um significado especial e podem refletir a cultura e a tradi\u00e7\u00e3o.<\/li>\n<li><b>Misture estilos e texturas:<\/b> A combina\u00e7\u00e3o de diferentes elementos pode criar um ambiente mais din\u00e2mico e interessante.<\/li>\n<li><b>Use itens artesanais como ponto focal:<\/b> Eles podem ser o destaque de um c\u00f4modo, atraindo a aten\u00e7\u00e3o e gerando conversas.<\/li>\n<\/ul>\n<h2>Dica 1: Escolha Pe\u00e7as que Contem uma Hist\u00f3ria<\/h2>\n<p>Quando se trata de <b>decora\u00e7\u00e3o<\/b>, cada item deve ter um prop\u00f3sito. Optar por pe\u00e7as artesanais que contam uma hist\u00f3ria n\u00e3o s\u00f3 enriquece o ambiente, mas tamb\u00e9m proporciona uma conex\u00e3o emocional. Por exemplo, um vaso feito \u00e0 m\u00e3o por um artista local pode ser uma \u00f3tima maneira de apoiar a comunidade e, ao mesmo tempo, trazer um toque pessoal \u00e0 sua casa.<\/p>\n<h2>Dica 2: Misture Estilos e Texturas<\/h2>\n<p>N\u00e3o tenha medo de <b>experimentar<\/b>! Misturar diferentes estilos e texturas pode resultar em um espa\u00e7o vibrante e acolhedor. Combine m\u00f3veis modernos com itens r\u00fasticos ou artesanais. Essa mistura cria um contraste interessante e pode fazer com que cada pe\u00e7a se destaque ainda mais.<\/p>\n<h3>Como fazer a mistura funcionar<\/h3>\n<figure style=\"width: 1024px\" class=\"wp-caption aligncenter\"><img decoding=\"async\" src=\"https:\/\/www.aarquiteta.com.br\/blog\/wp-content\/uploads\/2024\/08\/5-Dicas-para-Decoracao-com-Itens-Artesanais04.jpg\" alt=\"5 Dicas para Decorar com Itens Artesanais\" width=\"1024\" height=\"1024\" title=\"\"><figcaption class=\"wp-caption-text\">5 Dicas para Decorar com Itens Artesanais<\/figcaption><\/figure>\n<p>Para que a mistura de estilos funcione, \u00e9 importante manter uma paleta de cores coesa. Escolha algumas cores que se complementem e use-as como base para a sua decora\u00e7\u00e3o. Isso ajudar\u00e1 a criar um <b>equil\u00edbrio<\/b> visual, mesmo em um espa\u00e7o ecl\u00e9tico.<\/p>\n<h2>Dica 3: Use Itens Artesanais como Ponto Focal<\/h2>\n<p>Um item artesanal pode ser o <b>ponto focal<\/b> de um c\u00f4modo. Pense em uma escultura impressionante ou uma tape\u00e7aria colorida que atraia a aten\u00e7\u00e3o assim que algu\u00e9m entra no espa\u00e7o. Esses elementos n\u00e3o apenas embelezam, mas tamb\u00e9m podem iniciar conversas e contar hist\u00f3rias sobre sua origem.<\/p>\n<h3>Exemplos de itens focais<\/h3>\n<figure style=\"width: 1024px\" class=\"wp-caption aligncenter\"><img decoding=\"async\" src=\"https:\/\/www.aarquiteta.com.br\/blog\/wp-content\/uploads\/2024\/08\/5-Dicas-para-Decoracao-com-Itens-Artesanais03.jpg\" alt=\"5 Dicas para Decorar com Itens Artesanais\" width=\"1024\" height=\"1024\" title=\"\"><figcaption class=\"wp-caption-text\">5 Dicas para Decorar com Itens Artesanais<\/figcaption><\/figure>\n<ul>\n<li>Uma grande pintura feita \u00e0 m\u00e3o.<\/li>\n<li>Um m\u00f3vel vintage restaurado.<\/li>\n<li>Um candelabro artesanal.<\/li>\n<\/ul>\n<h2>Dica 4: Crie um Espa\u00e7o de Destaque<\/h2>\n<p>Dedique um espa\u00e7o espec\u00edfico da sua casa para exibir suas <b>pe\u00e7as artesanais<\/b>. Pode ser uma prateleira, uma mesa de centro ou at\u00e9 mesmo uma parede. Ao criar um espa\u00e7o de destaque, voc\u00ea n\u00e3o s\u00f3 valoriza os itens, mas tamb\u00e9m proporciona um ambiente que reflete sua personalidade e estilo.<\/p>\n<h3>Como organizar o espa\u00e7o<\/h3>\n<figure style=\"width: 1024px\" class=\"wp-caption aligncenter\"><img decoding=\"async\" src=\"https:\/\/www.aarquiteta.com.br\/blog\/wp-content\/uploads\/2024\/08\/5-Dicas-para-Decoracao-com-Itens-Artesanais02.jpg\" alt=\"5 Dicas para Decorar com Itens Artesanais\" width=\"1024\" height=\"1024\" title=\"\"><figcaption class=\"wp-caption-text\">5 Dicas para Decorar com Itens Artesanais<\/figcaption><\/figure>\n<p>Utilize suportes ou prateleiras para elevar as pe\u00e7as e garantir que elas sejam vistas. Agrupe itens de tamanhos e formas diferentes para criar uma composi\u00e7\u00e3o visualmente atraente. Lembre-se de que a ilumina\u00e7\u00e3o tamb\u00e9m \u00e9 crucial; uma boa luz pode real\u00e7ar as cores e texturas dos itens.<\/p>\n<h2>Dica 5: Personalize com Artesanato Local<\/h2>\n<p>Incorporar <b>artesanato local<\/b> n\u00e3o s\u00f3 embeleza sua casa, mas tamb\u00e9m apoia a economia da sua regi\u00e3o. Procure feiras de artesanato ou lojas que vendem produtos feitos por artistas locais. Cada pe\u00e7a traz consigo um peda\u00e7o da cultura local, tornando sua decora\u00e7\u00e3o ainda mais especial.<\/p>\n<h3>Benef\u00edcios do artesanato local<\/h3>\n<figure style=\"width: 1024px\" class=\"wp-caption aligncenter\"><img decoding=\"async\" src=\"https:\/\/www.aarquiteta.com.br\/blog\/wp-content\/uploads\/2024\/08\/5-Dicas-para-Decoracao-com-Itens-Artesanais01.jpg\" alt=\"5 Dicas para Decorar com Itens Artesanais\" width=\"1024\" height=\"1024\" title=\"\"><figcaption class=\"wp-caption-text\">5 Dicas para Decorar com Itens Artesanais<\/figcaption><\/figure>\n<ul>\n<li>Pe\u00e7as \u00fanicas e exclusivas.<\/li>\n<li>Suporte \u00e0 economia local.<\/li>\n<li>Conex\u00e3o com a cultura e tradi\u00e7\u00f5es da regi\u00e3o.<\/li>\n<\/ul>\n<h2>Conclus\u00e3o<\/h2>\n<p>Decorar sua casa com itens artesanais \u00e9 uma maneira incr\u00edvel de expressar sua personalidade e criar um ambiente acolhedor. Ao seguir essas dicas, voc\u00ea pode transformar seu espa\u00e7o em um ref\u00fagio que n\u00e3o s\u00f3 \u00e9 bonito, mas tamb\u00e9m cheio de significado. Lembre-se de que cada pe\u00e7a conta uma hist\u00f3ria e, ao incorpor\u00e1-las, voc\u00ea est\u00e1 criando um lar que reflete quem voc\u00ea realmente \u00e9.<\/p>\n<h3>Assista agora a minha recomenda\u00e7\u00e3o de video abaixo sobre o tema que estamos tratando neste artigo: <\/h3>\n<p><div class=\"youtube-embed\" data-video_id=\"IvZhk1n_SLM\"><iframe title=\"+ de 30 TRUQUES F\u00c1CEIS E \u00daTEIS PARA RECICLAR TUDO AO REDOR | DICAS CASEIRAS COM PAPEL\u00c3O | IDER ALVES\" width=\"696\" height=\"392\" src=\"https:\/\/www.youtube.com\/embed\/IvZhk1n_SLM?feature=oembed&#038;enablejsapi=1\" frameborder=\"0\" allow=\"accelerometer; autoplay; clipboard-write; encrypted-media; gyroscope; picture-in-picture; web-share\" referrerpolicy=\"strict-origin-when-cross-origin\" allowfullscreen><\/iframe><\/div><\/p>\n","protected":false},"excerpt":{"rendered":"<p>D\u00ea um toque \u00fanico \u00e0 sua decora\u00e7\u00e3o com itens artesanais e saiba como incorpor\u00e1-los nos ambientes.<\/p>\n","protected":false},"author":102,"featured_media":126073,"comment_status":"closed","ping_status":"closed","sticky":false,"template":"","format":"standard","meta":{"footnotes":""},"categories":[1484,971,18792,18794],"tags":[],"class_list":["post-126076","post","type-post","status-publish","format-standard","has-post-thumbnail","category-decoracao","category-design-de-interiores","category-decoracao-de-apartamento","category-projetos-de-decoracao-de-casas"],"_wp_attached_file":null,"_wp_attachment_metadata":null,"_wp_attachment_context":null,"_wp_attachment_is_custom_header":null,"geo_longitude":null,"geo_public":null,"geo_latitude":null,"_publicize_done_external":null,"_wpas_done_3897181":null,"publicize_twitter_user":null,"_wpas_done_3897175":null,"_wpas_skip_3897181":null,"_wpas_skip_3897175":null,"_wpas_skip_3924723":null,"_wpas_mess":null,"_wpas_done_3924723":null,"wps_subtitle":"","_links":{"self":[{"href":"https:\/\/www.aarquiteta.com.br\/blog\/wp-json\/wp\/v2\/posts\/126076","targetHints":{"allow":["GET"]}}],"collection":[{"href":"https:\/\/www.aarquiteta.com.br\/blog\/wp-json\/wp\/v2\/posts"}],"about":[{"href":"https:\/\/www.aarquiteta.com.br\/blog\/wp-json\/wp\/v2\/types\/post"}],"author":[{"embeddable":true,"href":"https:\/\/www.aarquiteta.com.br\/blog\/wp-json\/wp\/v2\/users\/102"}],"replies":[{"embeddable":true,"href":"https:\/\/www.aarquiteta.com.br\/blog\/wp-json\/wp\/v2\/comments?post=126076"}],"version-history":[{"count":0,"href":"https:\/\/www.aarquiteta.com.br\/blog\/wp-json\/wp\/v2\/posts\/126076\/revisions"}],"wp:featuredmedia":[{"embeddable":true,"href":"https:\/\/www.aarquiteta.com.br\/blog\/wp-json\/wp\/v2\/media\/126073"}],"wp:attachment":[{"href":"https:\/\/www.aarquiteta.com.br\/blog\/wp-json\/wp\/v2\/media?parent=126076"}],"wp:term":[{"taxonomy":"category","embeddable":true,"href":"https:\/\/www.aarquiteta.com.br\/blog\/wp-json\/wp\/v2\/categories?post=126076"},{"taxonomy":"post_tag","embeddable":true,"href":"https:\/\/www.aarquiteta.com.br\/blog\/wp-json\/wp\/v2\/tags?post=126076"}],"curies":[{"name":"wp","href":"https:\/\/api.w.org\/{rel}","templated":true}]}}