{"id":126024,"date":"2024-08-23T20:51:22","date_gmt":"2024-08-23T23:51:22","guid":{"rendered":"https:\/\/www.aarquiteta.com.br\/blog\/moveis-compactos-ideias-de-design-funcional-para-ambientes-pequenos\/"},"modified":"2024-08-23T20:51:22","modified_gmt":"2024-08-23T23:51:22","slug":"moveis-compactos-ideias-de-design-funcional-para-ambientes-pequenos","status":"publish","type":"post","link":"https:\/\/www.aarquiteta.com.br\/blog\/moveis-compactos-ideias-de-design-funcional-para-ambientes-pequenos\/","title":{"rendered":"M\u00f3veis Compactos: Ideias de Design Funcional para Ambientes Pequenos"},"content":{"rendered":"<p>&#8220;`html<br \/><body><\/p><p>Descubra como os m\u00f3veis compactos podem transformar ambientes pequenos em espa\u00e7os funcionais e estilosos, otimizando cada metro quadrado com design inteligente e pr\u00e1tico.<\/p><h2>Destaques principais<\/h2><ul><li><b>Maximiza\u00e7\u00e3o do Espa\u00e7o:<\/b> M\u00f3veis compactos s\u00e3o essenciais para aproveitar ao m\u00e1ximo cada metro quadrado, tornando ambientes pequenos mais funcionais.<\/li><li><b>Estilo e Funcionalidade:<\/b> A combina\u00e7\u00e3o de design moderno e praticidade \u00e9 a chave para criar espa\u00e7os que refletem personalidade sem comprometer a utilidade.<\/li><li><b>Materiais e Acabamentos:<\/b> Escolher os materiais certos pode fazer toda a diferen\u00e7a na sensa\u00e7\u00e3o de amplitude e conforto do ambiente.<\/li><\/ul><h2>1. A Import\u00e2ncia dos M\u00f3veis Compactos<\/h2><p>Quando se trata de <b>m\u00f3veis compactos<\/b>, a import\u00e2ncia vai al\u00e9m da est\u00e9tica. Eles s\u00e3o uma solu\u00e7\u00e3o pr\u00e1tica para quem vive em espa\u00e7os reduzidos, permitindo que cada canto da casa seja utilizado de forma inteligente. A ideia \u00e9 criar um lar que n\u00e3o apenas pare\u00e7a bonito, mas que tamb\u00e9m funcione bem no dia a dia.<\/p><h3>1.1. Maximiza\u00e7\u00e3o do Espa\u00e7o<\/h3><figure style=\"width: 1024px\" class=\"wp-caption aligncenter\"><img decoding=\"async\" src=\"https:\/\/www.aarquiteta.com.br\/blog\/wp-content\/uploads\/2024\/08\/Moveis-Compactos-Ideias-de-Design-Funcional-para-Ambientes-Pequenos04.jpg\" alt=\"M\u00f3veis Compactos: Ideias de Design Funcional para Ambientes Pequenos\" width=\"1024\" height=\"1024\" title=\"\"><figcaption class=\"wp-caption-text\">M\u00f3veis Compactos: Ideias de Design Funcional para Ambientes Pequenos<\/figcaption><\/figure><p>Um dos maiores desafios em apartamentos pequenos \u00e9 a <b>maximiza\u00e7\u00e3o do espa\u00e7o<\/b>. M\u00f3veis que se adaptam e se transformam s\u00e3o essenciais. Por exemplo, um sof\u00e1-cama pode servir como um lugar para relaxar durante o dia e se transformar em uma cama confort\u00e1vel \u00e0 noite.<\/p><h3>1.2. Estilo e Funcionalidade<\/h3><figure style=\"width: 1024px\" class=\"wp-caption aligncenter\"><img decoding=\"async\" src=\"https:\/\/www.aarquiteta.com.br\/blog\/wp-content\/uploads\/2024\/08\/Moveis-Compactos-Ideias-de-Design-Funcional-para-Ambientes-Pequenos03.jpg\" alt=\"M\u00f3veis Compactos: Ideias de Design Funcional para Ambientes Pequenos\" width=\"1024\" height=\"1024\" title=\"\"><figcaption class=\"wp-caption-text\">M\u00f3veis Compactos: Ideias de Design Funcional para Ambientes Pequenos<\/figcaption><\/figure><p>N\u00e3o \u00e9 preciso sacrificar o estilo pela funcionalidade. M\u00f3veis compactos v\u00eam em uma variedade de designs que podem <b>complementar a decora\u00e7\u00e3o<\/b> do seu lar, tornando-o mais acolhedor e estiloso. A escolha de pe\u00e7as que refletem sua personalidade \u00e9 fundamental.<\/p><h2>2. Tipos de M\u00f3veis Compactos<\/h2><p>Existem diversos tipos de m\u00f3veis compactos que podem ser incorporados em ambientes pequenos. Vamos explorar alguns dos mais populares.<\/p><h3>2.1. Sof\u00e1s-Camas<\/h3><figure style=\"width: 1024px\" class=\"wp-caption aligncenter\"><img decoding=\"async\" src=\"https:\/\/www.aarquiteta.com.br\/blog\/wp-content\/uploads\/2024\/08\/Moveis-Compactos-Ideias-de-Design-Funcional-para-Ambientes-Pequenos02.jpg\" alt=\"M\u00f3veis Compactos: Ideias de Design Funcional para Ambientes Pequenos\" width=\"1024\" height=\"1024\" title=\"\"><figcaption class=\"wp-caption-text\">M\u00f3veis Compactos: Ideias de Design Funcional para Ambientes Pequenos<\/figcaption><\/figure><p>Os <b>sof\u00e1s-camas<\/b> s\u00e3o uma escolha cl\u00e1ssica para quem precisa de versatilidade. Eles oferecem um espa\u00e7o para sentar durante o dia e uma cama para h\u00f3spedes \u00e0 noite, tudo em um \u00fanico m\u00f3vel.<\/p><h3>2.2. Mesas Dobr\u00e1veis<\/h3><figure style=\"width: 1024px\" class=\"wp-caption aligncenter\"><img decoding=\"async\" src=\"https:\/\/www.aarquiteta.com.br\/blog\/wp-content\/uploads\/2024\/08\/Moveis-Compactos-Ideias-de-Design-Funcional-para-Ambientes-Pequenos01.jpg\" alt=\"M\u00f3veis Compactos: Ideias de Design Funcional para Ambientes Pequenos\" width=\"1024\" height=\"1024\" title=\"\"><figcaption class=\"wp-caption-text\">M\u00f3veis Compactos: Ideias de Design Funcional para Ambientes Pequenos<\/figcaption><\/figure><p>As <b>mesas dobr\u00e1veis<\/b> s\u00e3o perfeitas para refei\u00e7\u00f5es em fam\u00edlia ou para trabalhar em casa. Elas podem ser facilmente guardadas quando n\u00e3o est\u00e3o em uso, liberando espa\u00e7o no ambiente.<\/p><h3>2.3. Estantes Multifuncionais<\/h3><p>As <b>estantes multifuncionais<\/b> n\u00e3o apenas armazenam livros e objetos decorativos, mas tamb\u00e9m podem servir como divis\u00f3rias de ambientes, criando uma sensa\u00e7\u00e3o de espa\u00e7o sem fechar o ambiente.<\/p><h2>3. Dicas de Design para Ambientes Pequenos<\/h2><p>O <a href=\"https:\/\/www.aarquiteta.com.br\/blog\/design-de-interiores\/\" class=\"ilj-generated-link\">design de interiores<\/a> para espa\u00e7os pequenos requer algumas estrat\u00e9gias espec\u00edficas. Aqui est\u00e3o algumas dicas valiosas.<\/p><h3>3.1. Cores e Ilumina\u00e7\u00e3o<\/h3><h3>Assista agora a minha recomenda\u00e7\u00e3o de video abaixo sobre o tema que estamos tratando neste artigo: <\/h3><p><div class=\"youtube-embed\" data-video_id=\"h6bRzIG8zZQ\"><iframe title=\"5 Ideias de m\u00f3veis multifuncionais para espa\u00e7os reduzidos! | DESIGN DE INTERIORES #shorts\" width=\"696\" height=\"392\" src=\"https:\/\/www.youtube.com\/embed\/h6bRzIG8zZQ?feature=oembed&#038;enablejsapi=1\" frameborder=\"0\" allow=\"accelerometer; autoplay; clipboard-write; encrypted-media; gyroscope; picture-in-picture; web-share\" referrerpolicy=\"strict-origin-when-cross-origin\" allowfullscreen><\/iframe><\/div><\/p><p>Utilizar <b>cores claras<\/b> e uma boa ilumina\u00e7\u00e3o pode fazer maravilhas em um espa\u00e7o pequeno. Cores como branco, bege e past\u00e9is ajudam a criar uma sensa\u00e7\u00e3o de amplitude, enquanto a ilumina\u00e7\u00e3o adequada pode destacar os melhores aspectos do ambiente.<\/p><h3>3.2. Organiza\u00e7\u00e3o e Armazenamento<\/h3><p>Manter a <b>organiza\u00e7\u00e3o<\/b> \u00e9 crucial. Utilize caixas, cestos e prateleiras para maximizar o armazenamento e manter o ambiente livre de bagun\u00e7a. Um espa\u00e7o organizado parece sempre maior e mais convidativo.<\/p><h2>4. M\u00f3veis Compactos para Cada Ambiente<\/h2><p>Cada ambiente da casa pode se beneficiar de m\u00f3veis compactos. Vamos ver como isso funciona em diferentes espa\u00e7os.<\/p><h3>4.1. Sala de Estar<\/h3><p>Na sala de estar, um <b>sof\u00e1 compacto<\/b> e uma mesa de centro dobr\u00e1vel podem criar um espa\u00e7o aconchegante e funcional, ideal para receber amigos e familiares.<\/p><h3>4.2. Cozinha<\/h3><p>Na cozinha, mesas que se expandem e cadeiras empilh\u00e1veis s\u00e3o \u00f3timas op\u00e7\u00f5es para otimizar o espa\u00e7o, permitindo que voc\u00ea tenha um local para refei\u00e7\u00f5es sem ocupar muito espa\u00e7o.<\/p><h3>4.3. Quarto<\/h3><p>O quarto pode se beneficiar de camas com gavetas embutidas e mesas de cabeceira que tamb\u00e9m funcionam como prateleiras, otimizando o armazenamento sem comprometer o estilo.<\/p><h2>5. Materiais e Acabamentos Ideais<\/h2><p>Escolher os materiais certos \u00e9 fundamental para garantir durabilidade e est\u00e9tica. Vamos explorar algumas op\u00e7\u00f5es.<\/p><h3>5.1. Materiais Leves e Dur\u00e1veis<\/h3><p>Optar por <b>materiais leves<\/b> como MDF ou metal pode facilitar a movimenta\u00e7\u00e3o dos m\u00f3veis e a adapta\u00e7\u00e3o do espa\u00e7o. Al\u00e9m disso, esses materiais costumam ser mais acess\u00edveis e sustent\u00e1veis.<\/p><h3>5.2. Acabamentos que Ampliam o Espa\u00e7o<\/h3><p><\/body><\/p>","protected":false},"excerpt":{"rendered":"<p>Explore m\u00f3veis compactos e funcionais que otimizam o espa\u00e7o sem perder o estilo, ideais para apartamentos pequenos.<\/p>\n","protected":false},"author":102,"featured_media":126021,"comment_status":"closed","ping_status":"closed","sticky":false,"template":"","format":"standard","meta":{"footnotes":""},"categories":[1484,971,18792,18794],"tags":[],"class_list":["post-126024","post","type-post","status-publish","format-standard","has-post-thumbnail","category-decoracao","category-design-de-interiores","category-decoracao-de-apartamento","category-projetos-de-decoracao-de-casas"],"_wp_attached_file":null,"_wp_attachment_metadata":null,"_wp_attachment_context":null,"_wp_attachment_is_custom_header":null,"geo_longitude":null,"geo_public":null,"geo_latitude":null,"_publicize_done_external":null,"_wpas_done_3897181":null,"publicize_twitter_user":null,"_wpas_done_3897175":null,"_wpas_skip_3897181":null,"_wpas_skip_3897175":null,"_wpas_skip_3924723":null,"_wpas_mess":null,"_wpas_done_3924723":null,"wps_subtitle":"","_links":{"self":[{"href":"https:\/\/www.aarquiteta.com.br\/blog\/wp-json\/wp\/v2\/posts\/126024","targetHints":{"allow":["GET"]}}],"collection":[{"href":"https:\/\/www.aarquiteta.com.br\/blog\/wp-json\/wp\/v2\/posts"}],"about":[{"href":"https:\/\/www.aarquiteta.com.br\/blog\/wp-json\/wp\/v2\/types\/post"}],"author":[{"embeddable":true,"href":"https:\/\/www.aarquiteta.com.br\/blog\/wp-json\/wp\/v2\/users\/102"}],"replies":[{"embeddable":true,"href":"https:\/\/www.aarquiteta.com.br\/blog\/wp-json\/wp\/v2\/comments?post=126024"}],"version-history":[{"count":0,"href":"https:\/\/www.aarquiteta.com.br\/blog\/wp-json\/wp\/v2\/posts\/126024\/revisions"}],"wp:featuredmedia":[{"embeddable":true,"href":"https:\/\/www.aarquiteta.com.br\/blog\/wp-json\/wp\/v2\/media\/126021"}],"wp:attachment":[{"href":"https:\/\/www.aarquiteta.com.br\/blog\/wp-json\/wp\/v2\/media?parent=126024"}],"wp:term":[{"taxonomy":"category","embeddable":true,"href":"https:\/\/www.aarquiteta.com.br\/blog\/wp-json\/wp\/v2\/categories?post=126024"},{"taxonomy":"post_tag","embeddable":true,"href":"https:\/\/www.aarquiteta.com.br\/blog\/wp-json\/wp\/v2\/tags?post=126024"}],"curies":[{"name":"wp","href":"https:\/\/api.w.org\/{rel}","templated":true}]}}