{"id":126017,"date":"2024-08-23T20:20:00","date_gmt":"2024-08-23T23:20:00","guid":{"rendered":"https:\/\/www.aarquiteta.com.br\/blog\/superficies-reflexivas-rebatem-luz-apartamento-demo\/"},"modified":"2024-08-23T20:20:00","modified_gmt":"2024-08-23T23:20:00","slug":"superficies-reflexivas-rebatem-luz-apartamento-demo","status":"publish","type":"post","link":"https:\/\/www.aarquiteta.com.br\/blog\/superficies-reflexivas-rebatem-luz-apartamento-demo\/","title":{"rendered":"Transforma\u00e7\u00e3o impressionante de apartamento em Col\u00f4nia."},"content":{"rendered":"<p>O est\u00fadio de arquitetura alem\u00e3o Demo Working Group transformou um apartamento de alto padr\u00e3o dos anos 70 em Col\u00f4nia, removendo todas as paredes n\u00e3o estruturais e criando um interior de planta aberta utilit\u00e1rio.<\/p>\n<h2>Pontos principais do artigo:<\/h2>\n<ul>\n<li><b>Transforma\u00e7\u00e3o radical:<\/b> O apartamento Kier passou por uma reforma significativa, eliminando paredes e revelando a estrutura de concreto.<\/li>\n<li><b>Espa\u00e7o fluido:<\/b> A nova disposi\u00e7\u00e3o cria um ambiente que flui livremente entre os c\u00f4modos, quase como um est\u00fadio.<\/li>\n<li><b>Uso de materiais:<\/b> Materiais como vidro e espelhos foram utilizados para maximizar a luz natural e contrastar com o concreto.<\/li>\n<li><b>Est\u00e9tica industrial:<\/b> A est\u00e9tica bruta do concreto \u00e9 celebrada, trazendo um toque moderno ao design.<\/li>\n<li><b>Paleta de cores:<\/b> A escolha de cores e acabamentos reflete um estilo contempor\u00e2neo e vibrante.<\/li>\n<li><b>Foco na funcionalidade:<\/b> A reforma prioriza a funcionalidade e a experi\u00eancia do espa\u00e7o, tornando-o mais habit\u00e1vel.<\/li>\n<\/ul>\n<h2>Uma nova vis\u00e3o para o apartamento Kier<\/h2>\n<p>O apartamento Kier, localizado na Kierberger Stra\u00dfe, \u00e9 um exemplo perfeito de como a <b>arquitetura pode ser reinventada<\/b>. O est\u00fadio Demo Working Group decidiu dar uma nova vida a este espa\u00e7o, que antes era marcado por paredes escuras e ambientes fechados. Ao remover todas as paredes n\u00e3o estruturais, eles criaram um interior que n\u00e3o s\u00f3 \u00e9 mais aberto, mas tamb\u00e9m mais convidativo. A transforma\u00e7\u00e3o \u00e9 t\u00e3o dr\u00e1stica que o apartamento agora parece um espa\u00e7o totalmente novo, onde a luz natural flui livremente.<\/p>\n<h3>O impacto da luz natural<\/h3>\n<figure style=\"width: 1024px\" class=\"wp-caption aligncenter\"><img decoding=\"async\" src=\"https:\/\/www.aarquiteta.com.br\/blog\/wp-content\/uploads\/2024\/08\/kier-apartment-cologne-demo-working-group_dezeen_2364_col_10-1-1200x675.jpg\" alt=\"Transforma\u00e7\u00e3o impressionante de apartamento em Col\u00f4nia.\" width=\"1024\" height=\"1024\" title=\"\"><figcaption class=\"wp-caption-text\">Source: <a href=\"https:\/\/www.dezeen.com\/2024\/08\/21\/kier-apartment-cologne-demo-working-group\/\" target=\"_blank\" rel=\"noopener\"><\/a><\/figcaption><\/figure>\n<p>Uma das principais mudan\u00e7as foi a introdu\u00e7\u00e3o de janelas em dois lados do apartamento. Isso permitiu que a luz natural invadisse o espa\u00e7o, criando uma atmosfera vibrante e acolhedora. O uso de <b>superf\u00edcies transparentes e reflexivas<\/b> foi uma escolha inteligente, pois n\u00e3o s\u00f3 maximiza a luz, mas tamb\u00e9m d\u00e1 uma sensa\u00e7\u00e3o de amplitude. As paredes internas foram substitu\u00eddas por pain\u00e9is de vidro fosco e transparente, permitindo que a luz penetre em todos os cantos do apartamento, contrastando com a solidez do concreto.<\/p>\n<h3>Estilo industrial e funcionalidade<\/h3>\n<p>A est\u00e9tica industrial \u00e9 um dos pontos altos da reforma. O est\u00fadio decidiu expor as paredes de concreto, permitindo que a textura e o car\u00e1ter do material se tornassem parte da experi\u00eancia do espa\u00e7o. Essa escolha n\u00e3o s\u00f3 celebra a <b>beleza bruta do concreto<\/b>, mas tamb\u00e9m traz um toque moderno ao design. O \u00fanico muro estrutural que permanece no apartamento foi cuidadosamente integrado ao novo layout, servindo como um ponto focal que une os diferentes ambientes.<\/p>\n<h3>Materiais inovadores<\/h3>\n<figure style=\"width: 1024px\" class=\"wp-caption aligncenter\"><img decoding=\"async\" src=\"https:\/\/www.aarquiteta.com.br\/blog\/wp-content\/uploads\/2024\/08\/kier-apartment-cologne-demo-working-group_dezeen_2364_col_5-852x568.jpg\" alt=\"Vista da sala de estar para o quarto atrav\u00e9s de uma abertura em uma parede de concreto.\" width=\"1024\" height=\"1024\" title=\"\"><figcaption class=\"wp-caption-text\">Vista da sala de estar para o quarto atrav\u00e9s de uma abertura em uma parede de concreto.<\/figcaption><\/figure>\n<p>Os materiais escolhidos para a reforma s\u00e3o uma combina\u00e7\u00e3o de funcionalidade e est\u00e9tica. O balc\u00e3o da cozinha, feito de um pl\u00e1stico resistente normalmente utilizado em laborat\u00f3rios, \u00e9 um exemplo perfeito disso. Al\u00e9m disso, os azulejos brancos brilhantes nas \u00e1reas da cozinha e banheiro refletem a luz, aumentando a sensa\u00e7\u00e3o de espa\u00e7o. O uso de <b>alum\u00ednio<\/b> nas unidades de armazenamento tamb\u00e9m contribui para a luminosidade do interior, criando um ambiente leve e arejado.<\/p>\n<h3>Paleta de cores vibrantes<\/h3>\n<figure style=\"width: 1024px\" class=\"wp-caption aligncenter\"><img decoding=\"async\" src=\"https:\/\/www.aarquiteta.com.br\/blog\/wp-content\/uploads\/2024\/08\/kier-apartment-cologne-demo-working-group_dezeen_2364_col_16-852x1278-800x1200.jpg\" alt=\"Cozinha simples com uma parede de concreto ao fundo.\" width=\"1024\" height=\"1024\" title=\"\"><figcaption class=\"wp-caption-text\">Cozinha simples com uma parede de concreto ao fundo.<\/figcaption><\/figure>\n<p>A paleta de cores do apartamento \u00e9 uma celebra\u00e7\u00e3o de tons vibrantes, com azuis, verdes e roxos que se entrela\u00e7am harmoniosamente. O sof\u00e1 e a moldura da janela na sala de estar, por exemplo, s\u00e3o destacados em um azul profundo, que ecoa a cor de destaque encontrada em todo o bloco de apartamentos. Essa escolha de cores n\u00e3o s\u00f3 traz vida ao espa\u00e7o, mas tamb\u00e9m reflete a personalidade dos moradores, tornando o ambiente mais acolhedor e pessoal.<\/p>\n<h3>Foco na experi\u00eancia do usu\u00e1rio<\/h3>\n<figure style=\"width: 1024px\" class=\"wp-caption aligncenter\"><img decoding=\"async\" src=\"https:\/\/www.aarquiteta.com.br\/blog\/wp-content\/uploads\/2024\/08\/kier-apartment-cologne-demo-working-group_dezeen_2364_col_7-852x1278-800x1200.jpg\" alt=\"Cozinha com bancada verde e parede espelhada.\" width=\"1024\" height=\"1024\" title=\"\"><figcaption class=\"wp-caption-text\">Cozinha com bancada verde e parede espelhada.<\/figcaption><\/figure>\n<p>O design do apartamento Kier n\u00e3o \u00e9 apenas sobre est\u00e9tica; \u00e9 tamb\u00e9m sobre <b>funcionalidade e experi\u00eancia<\/b>. A nova disposi\u00e7\u00e3o dos espa\u00e7os permite uma circula\u00e7\u00e3o mais fluida, onde os moradores podem se mover facilmente entre a sala, cozinha, quarto e banheiro. Essa abordagem pr\u00e1tica \u00e9 fundamental para criar um lar que n\u00e3o s\u00f3 \u00e9 bonito, mas tamb\u00e9m funcional e confort\u00e1vel para o dia a dia.<\/p>\n<h2>Conclus\u00e3o<\/h2>\n<p>A reforma do apartamento Kier em Col\u00f4nia \u00e9 um exemplo brilhante de como a arquitetura pode evoluir e se adaptar \u00e0s necessidades modernas. Com um foco na luz natural, materiais inovadores e uma est\u00e9tica industrial, o est\u00fadio Demo Working Group conseguiu transformar um espa\u00e7o datado em um lar contempor\u00e2neo e acolhedor. Essa transforma\u00e7\u00e3o n\u00e3o s\u00f3 melhora a qualidade de vida dos moradores, mas tamb\u00e9m serve como inspira\u00e7\u00e3o para futuras reformas em apartamentos antigos. Afinal, quem n\u00e3o gostaria de viver em um espa\u00e7o que \u00e9 ao mesmo tempo bonito e funcional?<\/p>\n<h3>Assista agora a minha recomenda\u00e7\u00e3o de video abaixo sobre o tema que estamos tratando neste artigo: <\/h3>\n<p><div class=\"youtube-embed\" data-video_id=\"SIxA_Qu9grY\"><iframe title=\"Crazy Ricochet caught on my cam while out shooting yesterday. \ufffc\" width=\"696\" height=\"392\" src=\"https:\/\/www.youtube.com\/embed\/SIxA_Qu9grY?feature=oembed&#038;enablejsapi=1\" frameborder=\"0\" allow=\"accelerometer; autoplay; clipboard-write; encrypted-media; gyroscope; picture-in-picture; web-share\" referrerpolicy=\"strict-origin-when-cross-origin\" allowfullscreen><\/iframe><\/div>\n<\/p>\n<p>Muito obrigado por ler este artigo! Algumas  inspira\u00e7\u00f5es e fontes para a cria\u00e7\u00e3o deste artigo <a href=\"https:\/\/www.dezeen.com\/2024\/08\/21\/kier-apartment-cologne-demo-working-group\/\" target=\"_blank\" rel=\"noopener\">voc\u00ea pode encontrar aqui.<\/a><\/p>\n","protected":false},"excerpt":{"rendered":"<p>O est\u00fadio de arquitetura alem\u00e3o Demo Working Group transformou um apartamento de alto padr\u00e3o dos anos 70 em Col\u00f4nia, removendo todas as paredes n\u00e3o estruturais e criando um interior de planta aberta utilit\u00e1rio. Pontos principais do artigo: Transforma\u00e7\u00e3o radical: O apartamento Kier passou por uma reforma significativa, eliminando paredes e revelando a estrutura de concreto. [&hellip;]<\/p>\n","protected":false},"author":102,"featured_media":126011,"comment_status":"closed","ping_status":"closed","sticky":false,"template":"","format":"standard","meta":{"footnotes":""},"categories":[144],"tags":[],"class_list":["post-126017","post","type-post","status-publish","format-standard","has-post-thumbnail","category-mundo-arquitetura"],"_wp_attached_file":null,"_wp_attachment_metadata":null,"_wp_attachment_context":null,"_wp_attachment_is_custom_header":null,"geo_longitude":null,"geo_public":null,"geo_latitude":null,"_publicize_done_external":null,"_wpas_done_3897181":null,"publicize_twitter_user":null,"_wpas_done_3897175":null,"_wpas_skip_3897181":null,"_wpas_skip_3897175":null,"_wpas_skip_3924723":null,"_wpas_mess":null,"_wpas_done_3924723":null,"wps_subtitle":"","_links":{"self":[{"href":"https:\/\/www.aarquiteta.com.br\/blog\/wp-json\/wp\/v2\/posts\/126017","targetHints":{"allow":["GET"]}}],"collection":[{"href":"https:\/\/www.aarquiteta.com.br\/blog\/wp-json\/wp\/v2\/posts"}],"about":[{"href":"https:\/\/www.aarquiteta.com.br\/blog\/wp-json\/wp\/v2\/types\/post"}],"author":[{"embeddable":true,"href":"https:\/\/www.aarquiteta.com.br\/blog\/wp-json\/wp\/v2\/users\/102"}],"replies":[{"embeddable":true,"href":"https:\/\/www.aarquiteta.com.br\/blog\/wp-json\/wp\/v2\/comments?post=126017"}],"version-history":[{"count":0,"href":"https:\/\/www.aarquiteta.com.br\/blog\/wp-json\/wp\/v2\/posts\/126017\/revisions"}],"wp:featuredmedia":[{"embeddable":true,"href":"https:\/\/www.aarquiteta.com.br\/blog\/wp-json\/wp\/v2\/media\/126011"}],"wp:attachment":[{"href":"https:\/\/www.aarquiteta.com.br\/blog\/wp-json\/wp\/v2\/media?parent=126017"}],"wp:term":[{"taxonomy":"category","embeddable":true,"href":"https:\/\/www.aarquiteta.com.br\/blog\/wp-json\/wp\/v2\/categories?post=126017"},{"taxonomy":"post_tag","embeddable":true,"href":"https:\/\/www.aarquiteta.com.br\/blog\/wp-json\/wp\/v2\/tags?post=126017"}],"curies":[{"name":"wp","href":"https:\/\/api.w.org\/{rel}","templated":true}]}}