{"id":125829,"date":"2024-08-22T17:53:02","date_gmt":"2024-08-22T20:53:02","guid":{"rendered":"https:\/\/www.aarquiteta.com.br\/blog\/como-decorar-ambientes-usando-objetos-pessoais-e-criar-espacos-unicos\/"},"modified":"2024-08-22T17:53:02","modified_gmt":"2024-08-22T20:53:02","slug":"como-decorar-ambientes-usando-objetos-pessoais-e-criar-espacos-unicos","status":"publish","type":"post","link":"https:\/\/www.aarquiteta.com.br\/blog\/como-decorar-ambientes-usando-objetos-pessoais-e-criar-espacos-unicos\/","title":{"rendered":"Como Decorar Ambientes Usando Objetos Pessoais e Criar Espa\u00e7os \u00danicos"},"content":{"rendered":"<p>&#8220;`html<br \/>\n<body><\/p>\n<p>Descubra como transformar sua casa em um espa\u00e7o \u00fanico e pessoal utilizando objetos que contam sua hist\u00f3ria. Aprenda dicas pr\u00e1ticas para decorar ambientes de forma criativa e aut\u00eantica.<\/p>\n<h2>Destaques principais<\/h2>\n<ul>\n<li><b>A Personaliza\u00e7\u00e3o \u00e9 Fundamental:<\/b> Entenda como a personaliza\u00e7\u00e3o na decora\u00e7\u00e3o pode refletir sua identidade e estilo.<\/li>\n<li><b>Escolha de Objetos com Significado:<\/b> Aprenda a selecionar itens que t\u00eam valor emocional e que contam sua hist\u00f3ria.<\/li>\n<li><b>Combina\u00e7\u00e3o de Estilos:<\/b> Descubra como misturar objetos antigos e modernos para criar um ambiente harmonioso e \u00fanico.<\/li>\n<\/ul>\n<h2>1. A Import\u00e2ncia da Personaliza\u00e7\u00e3o na Decora\u00e7\u00e3o<\/h2>\n<p>Quando se trata de <b>decorar<\/b> sua casa, a personaliza\u00e7\u00e3o \u00e9 a chave. Cada objeto que voc\u00ea escolhe deve contar uma hist\u00f3ria, refletir sua personalidade e criar um ambiente que voc\u00ea ama. A decora\u00e7\u00e3o n\u00e3o \u00e9 apenas sobre est\u00e9tica; \u00e9 sobre criar um espa\u00e7o que ressoe com quem voc\u00ea \u00e9.<\/p>\n<h2>2. Escolhendo os Objetos Certos<\/h2>\n<h3>2.1. Itens com Valor Emocional<\/h3>\n<figure style=\"width: 1024px\" class=\"wp-caption aligncenter\"><img decoding=\"async\" src=\"https:\/\/www.aarquiteta.com.br\/blog\/wp-content\/uploads\/2024\/08\/Como-Decorar-Ambientes-Usando-Objetos-Pessoais-e-Criar-Espacos-Unicos04.jpg\" alt=\"Como Decorar Ambientes Usando Objetos Pessoais e Criar Espa\u00e7os \u00danicos\" width=\"1024\" height=\"1024\" title=\"\"><figcaption class=\"wp-caption-text\">Como Decorar Ambientes Usando Objetos Pessoais e Criar Espa\u00e7os \u00danicos<\/figcaption><\/figure>\n<p>Os <b>itens com valor emocional<\/b> s\u00e3o aqueles que trazem mem\u00f3rias e sentimentos. Pode ser uma fotografia de fam\u00edlia, um presente de um amigo querido ou uma lembran\u00e7a de uma viagem especial. Esses objetos n\u00e3o apenas embelezam o ambiente, mas tamb\u00e9m trazem um toque pessoal que \u00e9 inestim\u00e1vel.<\/p>\n<h3>2.2. Pe\u00e7as de Viagem e Lembran\u00e7as<\/h3>\n<figure style=\"width: 1024px\" class=\"wp-caption aligncenter\"><img decoding=\"async\" src=\"https:\/\/www.aarquiteta.com.br\/blog\/wp-content\/uploads\/2024\/08\/Como-Decorar-Ambientes-Usando-Objetos-Pessoais-e-Criar-Espacos-Unicos03.jpg\" alt=\"Como Decorar Ambientes Usando Objetos Pessoais e Criar Espa\u00e7os \u00danicos\" width=\"1024\" height=\"1024\" title=\"\"><figcaption class=\"wp-caption-text\">Como Decorar Ambientes Usando Objetos Pessoais e Criar Espa\u00e7os \u00danicos<\/figcaption><\/figure>\n<p>As <b>pe\u00e7as de viagem<\/b> s\u00e3o uma excelente maneira de adicionar car\u00e1ter \u00e0 sua decora\u00e7\u00e3o. Cada lembran\u00e7a traz consigo uma hist\u00f3ria e um peda\u00e7o do mundo. Ao exibir essas pe\u00e7as, voc\u00ea n\u00e3o s\u00f3 decora, mas tamb\u00e9m compartilha suas experi\u00eancias e aventuras com os visitantes.<\/p>\n<h2>3. Criando um Ponto Focal com Objetos Pessoais<\/h2>\n<p>Um <b>ponto focal<\/b> \u00e9 essencial em qualquer ambiente. Ele pode ser uma obra de arte, uma estante cheia de livros ou uma cole\u00e7\u00e3o de objetos que voc\u00ea ama. O importante \u00e9 que esse ponto focal atraia a aten\u00e7\u00e3o e conte uma hist\u00f3ria. Ao criar um ponto focal, voc\u00ea transforma um espa\u00e7o comum em algo extraordin\u00e1rio.<\/p>\n<h2>4. Misturando Estilos: Como Combinar Objetos Antigos e Modernos<\/h2>\n<p>Combinar <b>objetos antigos e modernos<\/b> pode parecer desafiador, mas \u00e9 uma maneira incr\u00edvel de criar um ambiente \u00fanico. A chave \u00e9 encontrar um equil\u00edbrio. Por exemplo, uma mesa de centro moderna pode ser complementada com cadeiras vintage, criando um contraste interessante que enriquece o espa\u00e7o.<\/p>\n<h2>5. Dicas de Organiza\u00e7\u00e3o para Ambientes Decorados com Objetos Pessoais<\/h2>\n<p>Manter a <b>organiza\u00e7\u00e3o<\/b> \u00e9 crucial quando se tem muitos objetos pessoais expostos. Utilize prateleiras, caixas decorativas e cestos para manter tudo em ordem. Al\u00e9m disso, evite a desordem, escolhendo apenas os itens que realmente t\u00eam significado para voc\u00ea.<\/p>\n<h2>6. Exemplos de Decora\u00e7\u00e3o Usando Objetos Pessoais<\/h2>\n<h3>6.1. Sala de Estar<\/h3>\n<figure style=\"width: 1024px\" class=\"wp-caption aligncenter\"><img decoding=\"async\" src=\"https:\/\/www.aarquiteta.com.br\/blog\/wp-content\/uploads\/2024\/08\/Como-Decorar-Ambientes-Usando-Objetos-Pessoais-e-Criar-Espacos-Unicos02.jpg\" alt=\"Como Decorar Ambientes Usando Objetos Pessoais e Criar Espa\u00e7os \u00danicos\" width=\"1024\" height=\"1024\" title=\"\"><figcaption class=\"wp-caption-text\">Como Decorar Ambientes Usando Objetos Pessoais e Criar Espa\u00e7os \u00danicos<\/figcaption><\/figure>\n<p>Na sala de estar, voc\u00ea pode usar <b>fotografias emolduradas<\/b> e lembran\u00e7as de viagens como parte da decora\u00e7\u00e3o. Uma parede de galeria pode ser uma \u00f3tima maneira de exibir essas mem\u00f3rias.<\/p>\n<h3>6.2. Quarto<\/h3>\n<figure style=\"width: 1024px\" class=\"wp-caption aligncenter\"><img decoding=\"async\" src=\"https:\/\/www.aarquiteta.com.br\/blog\/wp-content\/uploads\/2024\/08\/Como-Decorar-Ambientes-Usando-Objetos-Pessoais-e-Criar-Espacos-Unicos01.jpg\" alt=\"Como Decorar Ambientes Usando Objetos Pessoais e Criar Espa\u00e7os \u00danicos\" width=\"1024\" height=\"1024\" title=\"\"><figcaption class=\"wp-caption-text\">Como Decorar Ambientes Usando Objetos Pessoais e Criar Espa\u00e7os \u00danicos<\/figcaption><\/figure>\n<p>O quarto \u00e9 um espa\u00e7o pessoal, e objetos como <b>joias de fam\u00edlia<\/b> ou livros que voc\u00ea ama podem ser exibidos de maneira criativa. Uma prateleira com seus livros favoritos pode se tornar um ponto focal interessante.<\/p>\n<h3>6.3. Escrit\u00f3rio<\/h3>\n<p>No escrit\u00f3rio, voc\u00ea pode incluir <b>objetos inspiradores<\/b> que motivam seu trabalho. Uma cole\u00e7\u00e3o de canetas ou um quadro de vis\u00e3o pode n\u00e3o apenas decorar, mas tamb\u00e9m inspirar sua criatividade.<\/p>\n<h2>Conclus\u00e3o: Transforme Seu Espa\u00e7o com Criatividade<\/h2>\n<p>Transformar sua casa em um espa\u00e7o que reflete sua personalidade \u00e9 uma jornada emocionante. Ao escolher objetos que contam sua hist\u00f3ria e ao misturar estilos, voc\u00ea cria um ambiente \u00fanico e acolhedor. Lembre-se, a decora\u00e7\u00e3o \u00e9 uma forma de express\u00e3o, e cada item que voc\u00ea escolhe deve trazer alegria e significado \u00e0 sua vida. Ent\u00e3o, m\u00e3os \u00e0 obra e comece a criar um espa\u00e7o que \u00e9 verdadeiramente seu!<\/p>\n<p><\/body><br \/>\n&#8220;`<\/p>\n<h3>Assista agora a minha recomenda\u00e7\u00e3o de video abaixo sobre o tema que estamos tratando neste artigo: <\/h3>\n<p><div class=\"youtube-embed\" data-video_id=\"AZoVgdXdXUw\"><iframe title=\"10 IDEIAS DE DECORA\u00c7\u00c3O QUE VOC\u00ca MESMO PODE FAZER COM PAPEL | RECYCLING DECORATION  | IDER ALVES\" width=\"696\" height=\"392\" src=\"https:\/\/www.youtube.com\/embed\/AZoVgdXdXUw?feature=oembed&#038;enablejsapi=1\" frameborder=\"0\" allow=\"accelerometer; autoplay; clipboard-write; encrypted-media; gyroscope; picture-in-picture; web-share\" referrerpolicy=\"strict-origin-when-cross-origin\" allowfullscreen><\/iframe><\/div><\/p>\n","protected":false},"excerpt":{"rendered":"<p>Aprenda a transformar seus ambientes com itens pessoais como fotografias, cole\u00e7\u00f5es e objetos \u00fanicos que contam a sua hist\u00f3ria.<\/p>\n","protected":false},"author":102,"featured_media":125826,"comment_status":"closed","ping_status":"closed","sticky":false,"template":"","format":"standard","meta":{"footnotes":""},"categories":[1484,971,18792,18794],"tags":[],"class_list":["post-125829","post","type-post","status-publish","format-standard","has-post-thumbnail","category-decoracao","category-design-de-interiores","category-decoracao-de-apartamento","category-projetos-de-decoracao-de-casas"],"_wp_attached_file":null,"_wp_attachment_metadata":null,"_wp_attachment_context":null,"_wp_attachment_is_custom_header":null,"geo_longitude":null,"geo_public":null,"geo_latitude":null,"_publicize_done_external":null,"_wpas_done_3897181":null,"publicize_twitter_user":null,"_wpas_done_3897175":null,"_wpas_skip_3897181":null,"_wpas_skip_3897175":null,"_wpas_skip_3924723":null,"_wpas_mess":null,"_wpas_done_3924723":null,"wps_subtitle":"","_links":{"self":[{"href":"https:\/\/www.aarquiteta.com.br\/blog\/wp-json\/wp\/v2\/posts\/125829","targetHints":{"allow":["GET"]}}],"collection":[{"href":"https:\/\/www.aarquiteta.com.br\/blog\/wp-json\/wp\/v2\/posts"}],"about":[{"href":"https:\/\/www.aarquiteta.com.br\/blog\/wp-json\/wp\/v2\/types\/post"}],"author":[{"embeddable":true,"href":"https:\/\/www.aarquiteta.com.br\/blog\/wp-json\/wp\/v2\/users\/102"}],"replies":[{"embeddable":true,"href":"https:\/\/www.aarquiteta.com.br\/blog\/wp-json\/wp\/v2\/comments?post=125829"}],"version-history":[{"count":0,"href":"https:\/\/www.aarquiteta.com.br\/blog\/wp-json\/wp\/v2\/posts\/125829\/revisions"}],"wp:featuredmedia":[{"embeddable":true,"href":"https:\/\/www.aarquiteta.com.br\/blog\/wp-json\/wp\/v2\/media\/125826"}],"wp:attachment":[{"href":"https:\/\/www.aarquiteta.com.br\/blog\/wp-json\/wp\/v2\/media?parent=125829"}],"wp:term":[{"taxonomy":"category","embeddable":true,"href":"https:\/\/www.aarquiteta.com.br\/blog\/wp-json\/wp\/v2\/categories?post=125829"},{"taxonomy":"post_tag","embeddable":true,"href":"https:\/\/www.aarquiteta.com.br\/blog\/wp-json\/wp\/v2\/tags?post=125829"}],"curies":[{"name":"wp","href":"https:\/\/api.w.org\/{rel}","templated":true}]}}