{"id":125823,"date":"2025-04-04T16:20:43","date_gmt":"2025-04-04T19:20:43","guid":{"rendered":"https:\/\/www.aarquiteta.com.br\/blog\/area-de-servico-simples-ideias-decorar-organizar\/"},"modified":"2025-04-04T16:05:22","modified_gmt":"2025-04-04T19:05:22","slug":"area-de-servico-simples-ideias-decorar-organizar","status":"publish","type":"post","link":"https:\/\/www.aarquiteta.com.br\/blog\/area-de-servico-simples-ideias-decorar-organizar\/","title":{"rendered":"Como Montar uma \u00c1rea de Servi\u00e7o Simples, Funcional e Estilosa"},"content":{"rendered":"<p class=\"\" data-start=\"158\" data-end=\"428\">A \u00e1rea de servi\u00e7o \u00e9 um ambiente essencial na sua <a href=\"https:\/\/www.aarquiteta.com.br\/blog\/casa-e-jardim\/\" class=\"ilj-generated-link\">casa<\/a>. Com as dicas certas, \u00e9 poss\u00edvel transformar um espa\u00e7o pequeno em um local pr\u00e1tico, organizado e com personalidade. Confira nossas estrat\u00e9gias para criar uma \u00e1rea de servi\u00e7o simples, mas cheia de estilo e efici\u00eancia.<\/p><h2 class=\"\" data-start=\"430\" data-end=\"473\">Defina as Fun\u00e7\u00f5es da Sua \u00c1rea de Servi\u00e7o<\/h2><p class=\"\" data-start=\"475\" data-end=\"844\">Antes de investir em <a href=\"https:\/\/www.aarquiteta.com.br\/blog\/home-decor\/moveis\/\" class=\"ilj-generated-link\">m\u00f3veis<\/a> e equipamentos, determine quais ser\u00e3o as principais fun\u00e7\u00f5es do ambiente. Voc\u00ea utilizar\u00e1 a m\u00e1quina de lavar apenas para roupas ou pretende incluir uma lava e seca? E quanto ao espa\u00e7o para estender roupas: ele ser\u00e1 interno ou externo? Responder a essas perguntas \u00e9 fundamental para projetar um espa\u00e7o que realmente atenda \u00e0s suas necessidades.<\/p><figure id=\"attachment_148560\" aria-describedby=\"caption-attachment-148560\" style=\"width: 1024px\" class=\"wp-caption alignnone\"><img decoding=\"async\" class=\"size-full wp-image-148560\" src=\"https:\/\/www.aarquiteta.com.br\/blog\/wp-content\/uploads\/2024\/08\/Area-de-Servico-Simples.png\" alt=\"Como Montar uma \u00c1rea de Servi\u00e7o Simples, Funcional e Estilosa\" width=\"1024\" height=\"1024\" title=\"\"><figcaption id=\"caption-attachment-148560\" class=\"wp-caption-text\">Como Montar uma \u00c1rea de Servi\u00e7o Simples, Funcional e Estilosa<\/figcaption><\/figure><h2 class=\"\" data-start=\"846\" data-end=\"886\">Escolha M\u00f3veis Vers\u00e1teis e Funcionais<\/h2><p class=\"\" data-start=\"888\" data-end=\"1216\">Optar por m\u00f3veis multifuncionais pode ser a solu\u00e7\u00e3o ideal para economizar espa\u00e7o e dinheiro. Arm\u00e1rios com t\u00e1bua de passar embutida, cabideiros integrados e prateleiras com design inteligente ajudam a manter a \u00e1rea de servi\u00e7o organizada e esteticamente agrad\u00e1vel. Um ambiente pr\u00e1tico e estiloso faz toda a diferen\u00e7a no dia a dia.<\/p><h2 class=\"\" data-start=\"1218\" data-end=\"1248\">Aproveite o Espa\u00e7o Vertical<\/h2><p class=\"\" data-start=\"1250\" data-end=\"1543\">Quando o espa\u00e7o \u00e9 limitado, investir na verticalidade \u00e9 essencial. Instalar prateleiras, ganchos e arm\u00e1rios a\u00e9reos maximiza a \u00e1rea dispon\u00edvel e torna o ambiente mais funcional. Se poss\u00edvel, inclua um varal de teto para secar as roupas sem ocupar o ch\u00e3o, aproveitando ao m\u00e1ximo cada cent\u00edmetro.<\/p><figure id=\"attachment_148559\" aria-describedby=\"caption-attachment-148559\" style=\"width: 1024px\" class=\"wp-caption alignnone\"><img decoding=\"async\" class=\"size-full wp-image-148559\" src=\"https:\/\/www.aarquiteta.com.br\/blog\/wp-content\/uploads\/2024\/08\/Area-de-Servico-Simples-3.png\" alt=\"Como Montar uma \u00c1rea de Servi\u00e7o Simples, Funcional e Estilosa\" width=\"1024\" height=\"1024\" title=\"\"><figcaption id=\"caption-attachment-148559\" class=\"wp-caption-text\">Como Montar uma \u00c1rea de Servi\u00e7o Simples, Funcional e Estilosa<\/figcaption><\/figure><h2 class=\"\" data-start=\"1545\" data-end=\"1586\">Pisos e Revestimentos de F\u00e1cil Limpeza<\/h2><p class=\"\" data-start=\"1588\" data-end=\"1853\">Em uma \u00e1rea de servi\u00e7o, a praticidade na limpeza \u00e9 indispens\u00e1vel. Escolha <a href=\"https:\/\/www.aarquiteta.com.br\/blog\/?s=PISO\">pisos<\/a> e revestimentos como cer\u00e2mica ou porcelanato, que s\u00e3o resistentes e de f\u00e1cil manuten\u00e7\u00e3o. Esses materiais garantem um ambiente sempre limpo e facilitam a rotina de cuidados com o espa\u00e7o.<\/p><h2 class=\"\" data-start=\"1855\" data-end=\"1910\">Invista em Vasos de Plantas para um Toque de Frescor<\/h2><p class=\"\" data-start=\"1912\" data-end=\"2249\">Adicionar plantas \u00e0 \u00e1rea de servi\u00e7o traz vida e frescor ao ambiente. Use vasos suspensos ou crie um jardim vertical com esp\u00e9cies que se adaptam bem a ambientes com pouca luz, como samambaias e <a href=\"https:\/\/www.aarquiteta.com.br\/blog\/?s=SUCULENTA\">suculentas<\/a>. Se a luz natural for um desafio, plantas artificiais tamb\u00e9m podem ser uma excelente op\u00e7\u00e3o para dar um toque de verde e sofistica\u00e7\u00e3o.<\/p><figure id=\"attachment_148558\" aria-describedby=\"caption-attachment-148558\" style=\"width: 1024px\" class=\"wp-caption alignnone\"><img decoding=\"async\" class=\"size-full wp-image-148558\" src=\"https:\/\/www.aarquiteta.com.br\/blog\/wp-content\/uploads\/2024\/08\/Area-de-Servico-Simples-2.png\" alt=\"Como Montar uma \u00c1rea de Servi\u00e7o Simples, Funcional e Estilosa\" width=\"1024\" height=\"1024\" title=\"\"><figcaption id=\"caption-attachment-148558\" class=\"wp-caption-text\">Como Montar uma \u00c1rea de Servi\u00e7o Simples, Funcional e Estilosa<\/figcaption><\/figure><h2 class=\"\" data-start=\"2251\" data-end=\"2291\">\u00c1rea de Servi\u00e7o Pequena: Menos \u00e9 Mais<\/h2><p class=\"\" data-start=\"2293\" data-end=\"2570\">Mesmo em espa\u00e7os reduzidos, \u00e9 poss\u00edvel ter uma \u00e1rea de servi\u00e7o funcional. Com um tanquinho, uma m\u00e1quina de lavar e arm\u00e1rios a\u00e9reos, voc\u00ea garante a efici\u00eancia do ambiente sem sobrecarregar o espa\u00e7o. Escolha m\u00f3veis compactos e solu\u00e7\u00f5es inteligentes para otimizar cada cent\u00edmetro.<\/p><h2 class=\"\" data-start=\"2572\" data-end=\"2625\">\u00c1rea de Servi\u00e7o Planejada: Organiza\u00e7\u00e3o e Discri\u00e7\u00e3o<\/h2><p class=\"\" data-start=\"2627\" data-end=\"2905\">Em im\u00f3veis com metragem menor, a \u00e1rea de servi\u00e7o planejada tem ganhado destaque. Muitas vezes, ela \u00e9 integrada a um arm\u00e1rio com portas de correr, que camuflam o espa\u00e7o e ajudam a manter a casa organizada. Essa solu\u00e7\u00e3o \u00e9 ideal para quem busca praticidade sem abrir m\u00e3o do design.<\/p><h2 class=\"\" data-start=\"2907\" data-end=\"2958\">Integra\u00e7\u00e3o com a Cozinha: Harmonia e Praticidade<\/h2><p class=\"\" data-start=\"2960\" data-end=\"3262\">Em apartamentos modernos, a integra\u00e7\u00e3o entre a <a href=\"https:\/\/www.aarquiteta.com.br\/blog\/decoracao\/ambientes-na-decoracao\/decoracao-de-cozinha\/\">cozinha<\/a> e a \u00e1rea de servi\u00e7o \u00e9 comum. Use divis\u00f3rias como cobog\u00f3s ou pain\u00e9is de vidro para separar os ambientes sem perder a sensa\u00e7\u00e3o de amplitude. Planeje os m\u00f3veis e a decora\u00e7\u00e3o de forma conjunta, garantindo harmonia e funcionalidade em ambos os espa\u00e7os.<\/p><figure id=\"attachment_148557\" aria-describedby=\"caption-attachment-148557\" style=\"width: 1024px\" class=\"wp-caption alignnone\"><img decoding=\"async\" class=\"size-full wp-image-148557\" src=\"https:\/\/www.aarquiteta.com.br\/blog\/wp-content\/uploads\/2024\/08\/Area-de-Servico-Simples-1.png\" alt=\"Como Montar uma \u00c1rea de Servi\u00e7o Simples, Funcional e Estilosa\" width=\"1024\" height=\"1024\" title=\"\"><figcaption id=\"caption-attachment-148557\" class=\"wp-caption-text\">Como Montar uma \u00c1rea de Servi\u00e7o Simples, Funcional e Estilosa<\/figcaption><\/figure><h2 class=\"\" data-start=\"3264\" data-end=\"3306\">Cuidados para \u00c1reas de Servi\u00e7o Externas<\/h2><p class=\"\" data-start=\"3308\" data-end=\"3613\">Se a sua \u00e1rea de servi\u00e7o \u00e9 externa, proteja os eletrodom\u00e9sticos das intemp\u00e9ries. A instala\u00e7\u00e3o de portas retr\u00e1teis ou toldos pode evitar que a m\u00e1quina de lavar e outros equipamentos fiquem expostos \u00e0 chuva. Esse cuidado extra prolonga a vida \u00fatil dos seus aparelhos e mant\u00e9m o ambiente seguro e organizado.<\/p><p><span style=\"color: var(--td_text_color, #111111); font-family: var(--td_default_google_font_2, 'Roboto', sans-serif); font-size: 22px;\">Assista agora a minha recomenda\u00e7\u00e3o de video abaixo sobre o tema que estamos tratando neste artigo:<\/span>https:\/\/www.youtube.com\/watch?v=o3fRxDcYK-U<\/p><h2 class=\"\" data-start=\"3615\" data-end=\"3627\">Conclus\u00e3o<\/h2><p class=\"\" data-start=\"3629\" data-end=\"3969\">Montar uma \u00e1rea de servi\u00e7o simples, funcional e estilosa \u00e9 totalmente poss\u00edvel, mesmo em espa\u00e7os pequenos. Com planejamento e as dicas certas, voc\u00ea transforma esse ambiente em um espa\u00e7o pr\u00e1tico e cheio de personalidade. Experimente as sugest\u00f5es apresentadas e inspire-se para criar uma \u00e1rea de servi\u00e7o que atenda todas as suas necessidades.<\/p><p class=\"\" data-start=\"3971\" data-end=\"4096\">Explore mais ideias e tend\u00eancias para otimizar seus ambientes e descubra como pequenos detalhes podem fazer toda a diferen\u00e7a!<\/p><p>&nbsp;<\/p>","protected":false},"excerpt":{"rendered":"<p>Organize e decore sua \u00e1rea de servi\u00e7o com mais de 50 ideias pr\u00e1ticas e elegantes. Transforme esse espa\u00e7o em um ambiente funcional e bonito com dicas simples e criativas.<\/p>\n","protected":false},"author":102,"featured_media":148557,"comment_status":"closed","ping_status":"closed","sticky":false,"template":"","format":"standard","meta":{"footnotes":""},"categories":[1484],"tags":[],"class_list":["post-125823","post","type-post","status-publish","format-standard","has-post-thumbnail","category-decoracao"],"_wp_attached_file":null,"_wp_attachment_metadata":null,"_wp_attachment_context":null,"_wp_attachment_is_custom_header":null,"geo_longitude":null,"geo_public":null,"geo_latitude":null,"_publicize_done_external":null,"_wpas_done_3897181":null,"publicize_twitter_user":null,"_wpas_done_3897175":null,"_wpas_skip_3897181":null,"_wpas_skip_3897175":null,"_wpas_skip_3924723":null,"_wpas_mess":null,"_wpas_done_3924723":null,"wps_subtitle":"","_links":{"self":[{"href":"https:\/\/www.aarquiteta.com.br\/blog\/wp-json\/wp\/v2\/posts\/125823","targetHints":{"allow":["GET"]}}],"collection":[{"href":"https:\/\/www.aarquiteta.com.br\/blog\/wp-json\/wp\/v2\/posts"}],"about":[{"href":"https:\/\/www.aarquiteta.com.br\/blog\/wp-json\/wp\/v2\/types\/post"}],"author":[{"embeddable":true,"href":"https:\/\/www.aarquiteta.com.br\/blog\/wp-json\/wp\/v2\/users\/102"}],"replies":[{"embeddable":true,"href":"https:\/\/www.aarquiteta.com.br\/blog\/wp-json\/wp\/v2\/comments?post=125823"}],"version-history":[{"count":0,"href":"https:\/\/www.aarquiteta.com.br\/blog\/wp-json\/wp\/v2\/posts\/125823\/revisions"}],"wp:featuredmedia":[{"embeddable":true,"href":"https:\/\/www.aarquiteta.com.br\/blog\/wp-json\/wp\/v2\/media\/148557"}],"wp:attachment":[{"href":"https:\/\/www.aarquiteta.com.br\/blog\/wp-json\/wp\/v2\/media?parent=125823"}],"wp:term":[{"taxonomy":"category","embeddable":true,"href":"https:\/\/www.aarquiteta.com.br\/blog\/wp-json\/wp\/v2\/categories?post=125823"},{"taxonomy":"post_tag","embeddable":true,"href":"https:\/\/www.aarquiteta.com.br\/blog\/wp-json\/wp\/v2\/tags?post=125823"}],"curies":[{"name":"wp","href":"https:\/\/api.w.org\/{rel}","templated":true}]}}