{"id":125625,"date":"2024-08-20T23:31:15","date_gmt":"2024-08-21T02:31:15","guid":{"rendered":"https:\/\/www.aarquiteta.com.br\/blog\/decoracao-sensorial-como-usar-texturas-aromas-e-cores-para-estimular-os-sentidos\/"},"modified":"2024-08-20T23:31:15","modified_gmt":"2024-08-21T02:31:15","slug":"decoracao-sensorial-como-usar-texturas-aromas-e-cores-para-estimular-os-sentidos","status":"publish","type":"post","link":"https:\/\/www.aarquiteta.com.br\/blog\/decoracao-sensorial-como-usar-texturas-aromas-e-cores-para-estimular-os-sentidos\/","title":{"rendered":"Decora\u00e7\u00e3o Sensorial: Como Usar Texturas, Aromas e Cores para Estimular os Sentidos"},"content":{"rendered":"<p>&#8220;`html<br \/>\n<body><\/p>\n<p>A decora\u00e7\u00e3o sensorial \u00e9 uma abordagem inovadora que utiliza texturas, aromas e cores para criar ambientes que estimulam os sentidos e promovem bem-estar. Aprenda como aplicar essas t\u00e9cnicas em sua casa ou espa\u00e7o de trabalho.<\/p>\n<h2>O que \u00e9 Decora\u00e7\u00e3o Sensorial?<\/h2>\n<p>A <b>decora\u00e7\u00e3o sensorial<\/b> \u00e9 uma pr\u00e1tica que vai al\u00e9m da est\u00e9tica. Ela busca criar ambientes que tocam os sentidos, proporcionando uma experi\u00eancia \u00fanica e envolvente. Ao integrar texturas, aromas e cores, conseguimos transformar um espa\u00e7o comum em um local que promove <b>conforto<\/b> e <b>bem-estar<\/b>.<\/p>\n<h2>Import\u00e2ncia das Texturas na Decora\u00e7\u00e3o<\/h2>\n<p>As texturas desempenham um papel fundamental na decora\u00e7\u00e3o sensorial. Elas n\u00e3o apenas embelezam o ambiente, mas tamb\u00e9m influenciam nossas emo\u00e7\u00f5es e sensa\u00e7\u00f5es.<\/p>\n<h3>Como Escolher as Texturas Certas<\/h3>\n<figure style=\"width: 1024px\" class=\"wp-caption aligncenter\"><img decoding=\"async\" src=\"https:\/\/www.aarquiteta.com.br\/blog\/wp-content\/uploads\/2024\/08\/Decoracao-Sensorial-Como-Usar-Texturas-Aromas-e-Cores-para-Estimular-os-Sentidos04.jpg\" alt=\"Decora\u00e7\u00e3o Sensorial: Como Usar Texturas, Aromas e Cores para Estimular os Sentidos\" width=\"1024\" height=\"1024\" title=\"\"><figcaption class=\"wp-caption-text\">Decora\u00e7\u00e3o Sensorial: Como Usar Texturas, Aromas e Cores para Estimular os Sentidos<\/figcaption><\/figure>\n<p>Escolher as <b>texturas certas<\/b> \u00e9 essencial. Opte por materiais que transmitam conforto, como algod\u00e3o, l\u00e3 e madeira. Cada textura pode evocar uma sensa\u00e7\u00e3o diferente, ent\u00e3o, experimente!<\/p>\n<h3>Texturas e Conforto Emocional<\/h3>\n<figure style=\"width: 1024px\" class=\"wp-caption aligncenter\"><img decoding=\"async\" src=\"https:\/\/www.aarquiteta.com.br\/blog\/wp-content\/uploads\/2024\/08\/Decoracao-Sensorial-Como-Usar-Texturas-Aromas-e-Cores-para-Estimular-os-Sentidos03.jpg\" alt=\"Decora\u00e7\u00e3o Sensorial: Como Usar Texturas, Aromas e Cores para Estimular os Sentidos\" width=\"1024\" height=\"1024\" title=\"\"><figcaption class=\"wp-caption-text\">Decora\u00e7\u00e3o Sensorial: Como Usar Texturas, Aromas e Cores para Estimular os Sentidos<\/figcaption><\/figure>\n<p>Texturas macias e aconchegantes podem criar um <b>ambiente acolhedor<\/b>, enquanto superf\u00edcies mais r\u00edgidas podem transmitir uma sensa\u00e7\u00e3o de modernidade. A escolha das texturas deve refletir o que voc\u00ea deseja sentir no espa\u00e7o.<\/p>\n<h2>Aromas: O Poder do Olfato na Decora\u00e7\u00e3o<\/h2>\n<p>O olfato \u00e9 um dos sentidos mais poderosos e pode influenciar nosso humor e bem-estar. Aromas agrad\u00e1veis podem transformar um ambiente.<\/p>\n<h3>Como Usar Aromas para Criar Ambientes Aconchegantes<\/h3>\n<figure style=\"width: 1024px\" class=\"wp-caption aligncenter\"><img decoding=\"async\" src=\"https:\/\/www.aarquiteta.com.br\/blog\/wp-content\/uploads\/2024\/08\/Decoracao-Sensorial-Como-Usar-Texturas-Aromas-e-Cores-para-Estimular-os-Sentidos02.jpg\" alt=\"Decora\u00e7\u00e3o Sensorial: Como Usar Texturas, Aromas e Cores para Estimular os Sentidos\" width=\"1024\" height=\"1024\" title=\"\"><figcaption class=\"wp-caption-text\">Decora\u00e7\u00e3o Sensorial: Como Usar Texturas, Aromas e Cores para Estimular os Sentidos<\/figcaption><\/figure>\n<p>Utilize <b>aromas suaves<\/b> como lavanda ou baunilha para criar um ambiente relaxante. Eles ajudam a aliviar o estresse e promovem uma sensa\u00e7\u00e3o de paz.<\/p>\n<h3>Difusores e Velas Arom\u00e1ticas: Dicas Pr\u00e1ticas<\/h3>\n<figure style=\"width: 1024px\" class=\"wp-caption aligncenter\"><img decoding=\"async\" src=\"https:\/\/www.aarquiteta.com.br\/blog\/wp-content\/uploads\/2024\/08\/Decoracao-Sensorial-Como-Usar-Texturas-Aromas-e-Cores-para-Estimular-os-Sentidos01.jpg\" alt=\"Decora\u00e7\u00e3o Sensorial: Como Usar Texturas, Aromas e Cores para Estimular os Sentidos\" width=\"1024\" height=\"1024\" title=\"\"><figcaption class=\"wp-caption-text\">Decora\u00e7\u00e3o Sensorial: Como Usar Texturas, Aromas e Cores para Estimular os Sentidos<\/figcaption><\/figure>\n<p>Os <b>difusores<\/b> e <b>velas arom\u00e1ticas<\/b> s\u00e3o \u00f3timas op\u00e7\u00f5es para espalhar aromas pelo ambiente. Escolha fragr\u00e2ncias que combinem com a proposta do espa\u00e7o e que agradem a todos que o utilizam.<\/p>\n<h2>Cores e Suas Emo\u00e7\u00f5es<\/h2>\n<p>As cores t\u00eam um impacto significativo em nossas emo\u00e7\u00f5es e podem ser usadas para criar diferentes atmosferas em um ambiente.<\/p>\n<h3>Psicologia das Cores na Decora\u00e7\u00e3o<\/h3>\n<p>Entender a <b>psicologia das cores<\/b> \u00e9 crucial. Cores quentes como vermelho e laranja podem energizar, enquanto tons frios como azul e verde promovem tranquilidade.<\/p>\n<h3>Combina\u00e7\u00f5es de Cores para Est\u00edmulo Sensorial<\/h3>\n<h3>Assista agora a minha recomenda\u00e7\u00e3o de video abaixo sobre o tema que estamos tratando neste artigo: <\/h3>\n<p><div class=\"youtube-embed\" data-video_id=\"fF5oQ6JFTwU\"><iframe title=\"Em uma decora\u00e7\u00e3o sensorial, pense nos elementos como: cores, texturas, ilumina\u00e7\u00e3o, aromas e sons.\" width=\"696\" height=\"392\" src=\"https:\/\/www.youtube.com\/embed\/fF5oQ6JFTwU?feature=oembed&#038;enablejsapi=1\" frameborder=\"0\" allow=\"accelerometer; autoplay; clipboard-write; encrypted-media; gyroscope; picture-in-picture; web-share\" referrerpolicy=\"strict-origin-when-cross-origin\" allowfullscreen><\/iframe><\/div>\n<\/p>\n<p>Combinar cores de forma harmoniosa pode criar um <b>ambiente estimulante<\/b>. Experimente combina\u00e7\u00f5es que reflitam sua personalidade e o que voc\u00ea deseja transmitir.<\/p>\n<h2>Integrando Texturas, Aromas e Cores<\/h2>\n<p>A verdadeira magia da decora\u00e7\u00e3o sensorial est\u00e1 na integra\u00e7\u00e3o de todos os elementos. Quando texturas, aromas e cores se unem, o resultado \u00e9 um espa\u00e7o que encanta.<\/p>\n<h3>Exemplos de Ambientes Sensorialmente Ricos<\/h3>\n<p>Um <b>exemplo<\/b> de ambiente sensorialmente rico \u00e9 uma sala de estar com sof\u00e1s de veludo, paredes em tons de azul suave e velas arom\u00e1ticas de lavanda. Essa combina\u00e7\u00e3o cria um espa\u00e7o acolhedor e relaxante.<\/p>\n<h3>Dicas para Harmonizar Elementos Sensoriais<\/h3>\n<p>Para harmonizar os elementos, escolha uma paleta de cores que complemente as texturas e aromas. Mantenha a <b>coer\u00eancia<\/b> em todo o espa\u00e7o para garantir uma experi\u00eancia sensorial agrad\u00e1vel.<\/p>\n<h2>Conclus\u00e3o<\/h2>\n<p>A decora\u00e7\u00e3o sensorial \u00e9 uma forma poderosa de transformar ambientes, tornando-os mais acolhedores e agrad\u00e1veis. Ao integrar texturas, aromas e cores, voc\u00ea pode criar espa\u00e7os que n\u00e3o apenas agradam aos olhos, mas tamb\u00e9m tocam o cora\u00e7\u00e3o. Experimente essas dicas e descubra como a decora\u00e7\u00e3o sensorial pode enriquecer sua vida.<\/p>\n<p><\/body><br \/>\n&#8220;`<\/p>\n","protected":false},"excerpt":{"rendered":"<p>Descubra como criar ambientes que estimulam os sentidos, utilizando texturas confort\u00e1veis, cores relaxantes e aromas suaves.<\/p>\n","protected":false},"author":102,"featured_media":125622,"comment_status":"closed","ping_status":"closed","sticky":false,"template":"","format":"standard","meta":{"footnotes":""},"categories":[1484,971,18792,18794],"tags":[],"class_list":["post-125625","post","type-post","status-publish","format-standard","has-post-thumbnail","category-decoracao","category-design-de-interiores","category-decoracao-de-apartamento","category-projetos-de-decoracao-de-casas"],"_wp_attached_file":null,"_wp_attachment_metadata":null,"_wp_attachment_context":null,"_wp_attachment_is_custom_header":null,"geo_longitude":null,"geo_public":null,"geo_latitude":null,"_publicize_done_external":null,"_wpas_done_3897181":null,"publicize_twitter_user":null,"_wpas_done_3897175":null,"_wpas_skip_3897181":null,"_wpas_skip_3897175":null,"_wpas_skip_3924723":null,"_wpas_mess":null,"_wpas_done_3924723":null,"wps_subtitle":"","_links":{"self":[{"href":"https:\/\/www.aarquiteta.com.br\/blog\/wp-json\/wp\/v2\/posts\/125625","targetHints":{"allow":["GET"]}}],"collection":[{"href":"https:\/\/www.aarquiteta.com.br\/blog\/wp-json\/wp\/v2\/posts"}],"about":[{"href":"https:\/\/www.aarquiteta.com.br\/blog\/wp-json\/wp\/v2\/types\/post"}],"author":[{"embeddable":true,"href":"https:\/\/www.aarquiteta.com.br\/blog\/wp-json\/wp\/v2\/users\/102"}],"replies":[{"embeddable":true,"href":"https:\/\/www.aarquiteta.com.br\/blog\/wp-json\/wp\/v2\/comments?post=125625"}],"version-history":[{"count":0,"href":"https:\/\/www.aarquiteta.com.br\/blog\/wp-json\/wp\/v2\/posts\/125625\/revisions"}],"wp:featuredmedia":[{"embeddable":true,"href":"https:\/\/www.aarquiteta.com.br\/blog\/wp-json\/wp\/v2\/media\/125622"}],"wp:attachment":[{"href":"https:\/\/www.aarquiteta.com.br\/blog\/wp-json\/wp\/v2\/media?parent=125625"}],"wp:term":[{"taxonomy":"category","embeddable":true,"href":"https:\/\/www.aarquiteta.com.br\/blog\/wp-json\/wp\/v2\/categories?post=125625"},{"taxonomy":"post_tag","embeddable":true,"href":"https:\/\/www.aarquiteta.com.br\/blog\/wp-json\/wp\/v2\/tags?post=125625"}],"curies":[{"name":"wp","href":"https:\/\/api.w.org\/{rel}","templated":true}]}}