{"id":125618,"date":"2024-08-20T22:20:00","date_gmt":"2024-08-21T01:20:00","guid":{"rendered":"https:\/\/www.aarquiteta.com.br\/blog\/la-escritorios-22re-influencia-anos-70-salas-reuniao\/"},"modified":"2024-08-20T22:20:00","modified_gmt":"2024-08-21T01:20:00","slug":"la-escritorios-22re-influencia-anos-70-salas-reuniao","status":"publish","type":"post","link":"https:\/\/www.aarquiteta.com.br\/blog\/la-escritorios-22re-influencia-anos-70-salas-reuniao\/","title":{"rendered":"Escrit\u00f3rios criativos em Los Angeles com design inovador e acolhedor."},"content":{"rendered":"<p>O est\u00fadio de Los Angeles, 22RE, transformou um antigo espa\u00e7o fabril em um escrit\u00f3rio vibrante e funcional para a Ceremony of Roses, uma ag\u00eancia de merchandising e servi\u00e7os de marca para artistas musicais. Com um design que combina est\u00e9tica e praticidade, o novo ambiente promete inspirar a criatividade e a colabora\u00e7\u00e3o entre os profissionais da m\u00fasica.<\/p>\n<h2>Pontos principais do artigo:<\/h2>\n<ul>\n<li><b>Transforma\u00e7\u00e3o de espa\u00e7o:<\/b> O est\u00fadio 22RE reformulou um antigo espa\u00e7o fabril de 1950 em um escrit\u00f3rio moderno e acolhedor.<\/li>\n<li><b>Design funcional:<\/b> O projeto inclui \u00e1reas de trabalho colaborativas, salas de reuni\u00e3o e espa\u00e7os de descanso, todos pensados para maximizar a criatividade.<\/li>\n<li><b>Materiais de qualidade:<\/b> O uso de madeira de carvalho branco e travertino de tit\u00e2nio traz um toque de sofistica\u00e7\u00e3o ao ambiente.<\/li>\n<li><b>Espa\u00e7os ac\u00fasticos:<\/b> A sala de audi\u00e7\u00e3o foi projetada para otimizar a qualidade do som, essencial para os profissionais da m\u00fasica.<\/li>\n<li><b>Estilo contempor\u00e2neo:<\/b> O design mistura elementos modernos com toques vintage, criando um ambiente \u00fanico e inspirador.<\/li>\n<li><b>Conex\u00e3o com a m\u00fasica:<\/b> O espa\u00e7o foi pensado para ser um local de encontro e colabora\u00e7\u00e3o entre criativos da ind\u00fastria musical.<\/li>\n<\/ul>\n<h2>Um novo lar para a criatividade<\/h2>\n<p>Quando se fala em ambientes de trabalho, a primeira coisa que vem \u00e0 mente \u00e9 a <b>funcionalidade<\/b>. No entanto, o est\u00fadio 22RE decidiu ir al\u00e9m e criar um espa\u00e7o que n\u00e3o s\u00f3 atende \u00e0s necessidades pr\u00e1ticas, mas tamb\u00e9m <b>inspirar<\/b> a criatividade. Localizado em Culver City, o escrit\u00f3rio da Ceremony of Roses foi completamente reformulado, transformando um antigo espa\u00e7o fabril de 7.000 p\u00e9s quadrados em um ambiente vibrante e acolhedor.<\/p>\n<p>O projeto, liderado pela diretora criativa Madeline Denley, da Never Far Studios, trouxe \u00e0 vida um espa\u00e7o que combina <b>est\u00e9tica e funcionalidade<\/b>. Com quatro escrit\u00f3rios executivos, seis mesas comunit\u00e1rias, uma sala de exposi\u00e7\u00e3o, uma sala de confer\u00eancias e uma sala de audi\u00e7\u00e3o, cada canto foi pensado para maximizar a colabora\u00e7\u00e3o e a intera\u00e7\u00e3o entre os profissionais da m\u00fasica.<\/p>\n<h3>Espa\u00e7os que falam por si<\/h3>\n<figure style=\"width: 1024px\" class=\"wp-caption aligncenter\"><img decoding=\"async\" src=\"https:\/\/www.aarquiteta.com.br\/blog\/wp-content\/uploads\/2024\/08\/ceremony-of-roses_22re_dezeen_hero2-1200x675.jpg\" alt=\"Escrit\u00f3rios criativos em Los Angeles com design inovador e acolhedor.\" width=\"1024\" height=\"1024\" title=\"\"><figcaption class=\"wp-caption-text\">Source: <a href=\"https:\/\/www.dezeen.com\/2024\/08\/17\/ceremony-of-roses-offices-los-angeles-22re\/\" target=\"_blank\" rel=\"noopener\"><\/a><\/figcaption><\/figure>\n<p>Ao entrar no escrit\u00f3rio, a primeira coisa que se nota \u00e9 a <b>ilumina\u00e7\u00e3o natural<\/b> que inunda o espa\u00e7o. O grande sal\u00e3o central, com seu teto lofted e claraboias, \u00e9 o cora\u00e7\u00e3o pulsante do ambiente. As mesas de alum\u00ednio personalizadas e as cadeiras Eames, dispostas sobre um piso de concreto cru, criam um contraste interessante entre o moderno e o industrial.<\/p>\n<p>As paredes de vidro que separam os escrit\u00f3rios executivos permitem que a luz flua livremente, enquanto os m\u00f3veis de design moderno, com uma mistura de pe\u00e7as francesas e italianas, adicionam um toque de sofistica\u00e7\u00e3o. \u00c9 como se cada elemento contasse uma hist\u00f3ria, convidando os visitantes a explorar e se perder no espa\u00e7o.<\/p>\n<h3>Um toque de aconchego<\/h3>\n<p>Mas n\u00e3o \u00e9 s\u00f3 a est\u00e9tica que impressiona. O est\u00fadio tamb\u00e9m se preocupou em criar um ambiente acolhedor. A sala de audi\u00e7\u00e3o, por exemplo, \u00e9 um verdadeiro <b>ref\u00fagio<\/b> para os amantes da m\u00fasica. Com pain\u00e9is de nogueira e um sof\u00e1 em forma de U, tudo em um tom de marrom chocolate, a sala foi projetada para otimizar a ac\u00fastica, permitindo que os criativos se re\u00fanam para ouvir \u00e1lbuns em vinil em um ambiente que exala conforto e estilo.<\/p>\n<p>Al\u00e9m disso, a cozinha, que segue a mesma paleta de materiais, oferece um espa\u00e7o para que os funcion\u00e1rios possam se reunir e relaxar. A mesa de jantar de alum\u00ednio fosco e as cadeiras de encosto curvo s\u00e3o mais um exemplo do cuidado com o design e a funcionalidade.<\/p>\n<h3>Um espa\u00e7o que respira m\u00fasica<\/h3>\n<figure style=\"width: 1024px\" class=\"wp-caption aligncenter\"><img decoding=\"async\" src=\"https:\/\/www.aarquiteta.com.br\/blog\/wp-content\/uploads\/2024\/08\/ceremony-of-roses_22re_dezeen_2364_col_30-852x568.jpg\" alt=\"Recep\u00e7\u00e3o m\u00ednima com balc\u00e3o em carvalho branco que d\u00e1 boas-vindas aos visitantes.\" width=\"1024\" height=\"1024\" title=\"\"><figcaption class=\"wp-caption-text\">Recep\u00e7\u00e3o m\u00ednima com balc\u00e3o em carvalho branco que d\u00e1 boas-vindas aos visitantes.<\/figcaption><\/figure>\n<p>O escrit\u00f3rio da Ceremony of Roses n\u00e3o \u00e9 apenas um local de trabalho; \u00e9 um espa\u00e7o que <b>celebra a m\u00fasica<\/b>. Cada detalhe foi pensado para criar um ambiente que estimula a criatividade e a colabora\u00e7\u00e3o. A sala de confer\u00eancias, com sua mesa de madeira burl e cadeiras Pierre Jeanneret, \u00e9 um espa\u00e7o onde ideias podem fluir livremente, enquanto a ilumina\u00e7\u00e3o suave da l\u00e2mpada Akari cria uma atmosfera convidativa.<\/p>\n<p>Os \u00e2ngulos do teto foram projetados para maximizar a qualidade do som, permitindo que os criativos se re\u00fanam para discutir projetos e ouvir m\u00fasica em um ambiente que \u00e9 tanto funcional quanto inspirador. \u00c9 como se o pr\u00f3prio espa\u00e7o estivesse sussurrando ideias e inspira\u00e7\u00f5es para aqueles que o habitam.<\/p>\n<h3>Um design que conta hist\u00f3rias<\/h3>\n<figure style=\"width: 1024px\" class=\"wp-caption aligncenter\"><img decoding=\"async\" src=\"https:\/\/www.aarquiteta.com.br\/blog\/wp-content\/uploads\/2024\/08\/ceremony-of-roses_22re_dezeen_2364_col_7-852x1065.jpg\" alt=\"Escrit\u00f3rios executivos vis\u00edveis atrav\u00e9s de pain\u00e9is de vidro a partir do espa\u00e7o de trabalho colaborativo.\" width=\"1024\" height=\"1024\" title=\"\"><figcaption class=\"wp-caption-text\">Escrit\u00f3rios executivos vis\u00edveis atrav\u00e9s de pain\u00e9is de vidro a partir do espa\u00e7o de trabalho colaborativo.<\/figcaption><\/figure>\n<p>O design do escrit\u00f3rio \u00e9 uma verdadeira <b>fus\u00e3o de estilos<\/b>, misturando elementos modernos com toques vintage que remetem \u00e0 d\u00e9cada de 1970. A sala de &#8220;huddle&#8221;, por exemplo, \u00e9 inspirada em um lounge rebaixado da \u00e9poca, com sof\u00e1s modulares em mohair verde claro que convidam ao relaxamento e \u00e0 conversa. \u00c9 um espa\u00e7o que n\u00e3o s\u00f3 serve como um local de reuni\u00e3o, mas tamb\u00e9m como um ref\u00fagio para a criatividade.<\/p>\n<p>Os banheiros, por outro lado, oferecem um contraste vibrante, com azulejos cer\u00e2micos japoneses em um azul intenso, mostrando que cada canto do escrit\u00f3rio foi cuidadosamente planejado para surpreender e encantar.<\/p>\n<h3>Conclus\u00e3o: Um novo padr\u00e3o para escrit\u00f3rios criativos<\/h3>\n<figure style=\"width: 1024px\" class=\"wp-caption aligncenter\"><img decoding=\"async\" src=\"https:\/\/www.aarquiteta.com.br\/blog\/wp-content\/uploads\/2024\/08\/ceremony-of-roses_22re_dezeen_2364_col_10-852x568.jpg\" alt=\"Sala de confer\u00eancia com paredes em maple, mesa de madeira burl e cadeiras Pierre Jeanneret.\" width=\"1024\" height=\"1024\" title=\"\"><figcaption class=\"wp-caption-text\">Sala de confer\u00eancia com paredes em maple, mesa de madeira burl e cadeiras Pierre Jeanneret.<\/figcaption><\/figure>\n<p>O escrit\u00f3rio da Ceremony of Roses, projetado pelo est\u00fadio 22RE, \u00e9 um exemplo brilhante de como um espa\u00e7o de trabalho pode ser transformado em um <b>reflexo da criatividade<\/b> e da colabora\u00e7\u00e3o. Com um design que combina funcionalidade e est\u00e9tica, o ambiente n\u00e3o s\u00f3 atende \u00e0s necessidades pr\u00e1ticas dos profissionais da m\u00fasica, mas tamb\u00e9m os inspira a criar e inovar. \u00c9 um espa\u00e7o onde cada detalhe conta uma hist\u00f3ria, e onde a m\u00fasica e a criatividade se entrela\u00e7am em perfeita harmonia.<\/p>\n<p>Em um mundo onde o trabalho remoto e os espa\u00e7os de coworking est\u00e3o se tornando cada vez mais comuns, o escrit\u00f3rio da Ceremony of Roses se destaca como um modelo a ser seguido, mostrando que, com um pouco de criatividade e aten\u00e7\u00e3o aos detalhes, \u00e9 poss\u00edvel criar um ambiente de trabalho que realmente inspire.<\/p>\n<h3>Assista agora a minha recomenda\u00e7\u00e3o de video abaixo sobre o tema que estamos tratando neste artigo: <\/h3>\n<p><div class=\"youtube-embed\" data-video_id=\"O_NdtKqgkaA\"><iframe title=\"Growing up Pentecostal... #short\" width=\"696\" height=\"522\" src=\"https:\/\/www.youtube.com\/embed\/O_NdtKqgkaA?feature=oembed&#038;enablejsapi=1\" frameborder=\"0\" allow=\"accelerometer; autoplay; clipboard-write; encrypted-media; gyroscope; picture-in-picture; web-share\" referrerpolicy=\"strict-origin-when-cross-origin\" allowfullscreen><\/iframe><\/div>\n<\/p>\n<p>Muito obrigado por ler este artigo! Algumas  inspira\u00e7\u00f5es e fontes para a cria\u00e7\u00e3o deste artigo <a href=\"https:\/\/www.dezeen.com\/2024\/08\/17\/ceremony-of-roses-offices-los-angeles-22re\/\" target=\"_blank\" rel=\"noopener\">voc\u00ea pode encontrar aqui.<\/a><\/p>\n","protected":false},"excerpt":{"rendered":"<p>O est\u00fadio de Los Angeles, 22RE, transformou um antigo espa\u00e7o fabril em um escrit\u00f3rio vibrante e funcional para a Ceremony of Roses, uma ag\u00eancia de merchandising e servi\u00e7os de marca para artistas musicais. Com um design que combina est\u00e9tica e praticidade, o novo ambiente promete inspirar a criatividade e a colabora\u00e7\u00e3o entre os profissionais da [&hellip;]<\/p>\n","protected":false},"author":102,"featured_media":125614,"comment_status":"closed","ping_status":"closed","sticky":false,"template":"","format":"standard","meta":{"footnotes":""},"categories":[144],"tags":[],"class_list":["post-125618","post","type-post","status-publish","format-standard","has-post-thumbnail","category-mundo-arquitetura"],"_wp_attached_file":null,"_wp_attachment_metadata":null,"_wp_attachment_context":null,"_wp_attachment_is_custom_header":null,"geo_longitude":null,"geo_public":null,"geo_latitude":null,"_publicize_done_external":null,"_wpas_done_3897181":null,"publicize_twitter_user":null,"_wpas_done_3897175":null,"_wpas_skip_3897181":null,"_wpas_skip_3897175":null,"_wpas_skip_3924723":null,"_wpas_mess":null,"_wpas_done_3924723":null,"wps_subtitle":"","_links":{"self":[{"href":"https:\/\/www.aarquiteta.com.br\/blog\/wp-json\/wp\/v2\/posts\/125618","targetHints":{"allow":["GET"]}}],"collection":[{"href":"https:\/\/www.aarquiteta.com.br\/blog\/wp-json\/wp\/v2\/posts"}],"about":[{"href":"https:\/\/www.aarquiteta.com.br\/blog\/wp-json\/wp\/v2\/types\/post"}],"author":[{"embeddable":true,"href":"https:\/\/www.aarquiteta.com.br\/blog\/wp-json\/wp\/v2\/users\/102"}],"replies":[{"embeddable":true,"href":"https:\/\/www.aarquiteta.com.br\/blog\/wp-json\/wp\/v2\/comments?post=125618"}],"version-history":[{"count":0,"href":"https:\/\/www.aarquiteta.com.br\/blog\/wp-json\/wp\/v2\/posts\/125618\/revisions"}],"wp:featuredmedia":[{"embeddable":true,"href":"https:\/\/www.aarquiteta.com.br\/blog\/wp-json\/wp\/v2\/media\/125614"}],"wp:attachment":[{"href":"https:\/\/www.aarquiteta.com.br\/blog\/wp-json\/wp\/v2\/media?parent=125618"}],"wp:term":[{"taxonomy":"category","embeddable":true,"href":"https:\/\/www.aarquiteta.com.br\/blog\/wp-json\/wp\/v2\/categories?post=125618"},{"taxonomy":"post_tag","embeddable":true,"href":"https:\/\/www.aarquiteta.com.br\/blog\/wp-json\/wp\/v2\/tags?post=125618"}],"curies":[{"name":"wp","href":"https:\/\/api.w.org\/{rel}","templated":true}]}}