{"id":125520,"date":"2024-08-20T02:19:43","date_gmt":"2024-08-20T05:19:43","guid":{"rendered":"https:\/\/www.aarquiteta.com.br\/blog\/stoffa-abre-loja-principal-em-nova-york\/"},"modified":"2024-08-20T02:19:43","modified_gmt":"2024-08-20T05:19:43","slug":"stoffa-abre-loja-principal-em-nova-york","status":"publish","type":"post","link":"https:\/\/www.aarquiteta.com.br\/blog\/stoffa-abre-loja-principal-em-nova-york\/","title":{"rendered":"St\u00f2ffa inaugura loja em Nova York com design inspirador."},"content":{"rendered":"<p>A nova loja da marca de moda St\u00f2ffa em Nova York combina m\u00f3veis vintage e contempor\u00e2neos, refletindo um compromisso com a qualidade e a sustentabilidade.<\/p>\n<h2>Pontos principais do artigo:<\/h2>\n<ul>\n<li><b>Design Inovador:<\/b> A loja apresenta uma mistura de m\u00f3veis vintage e modernos, criando um ambiente \u00fanico.<\/li>\n<li><b>Foco na Sustentabilidade:<\/b> A marca utiliza materiais naturais e tecidos que n\u00e3o est\u00e3o mais em produ\u00e7\u00e3o.<\/li>\n<li><b>Experi\u00eancia do Cliente:<\/b> O layout da loja \u00e9 pensado para proporcionar uma experi\u00eancia de compra mais \u00edntima e reflexiva.<\/li>\n<li><b>Espa\u00e7o Funcional:<\/b> A loja \u00e9 dividida em \u00e1reas que incentivam a constru\u00e7\u00e3o de um guarda-roupa consciente.<\/li>\n<li><b>Est\u00e9tica Refinada:<\/b> O design interior reflete a sensibilidade est\u00e9tica da marca, criando um ambiente calmo e acolhedor.<\/li>\n<li><b>Hist\u00f3ria da Marca:<\/b> Fundada em 2014, a St\u00f2ffa busca oferecer moda masculina sob medida e sustent\u00e1vel.<\/li>\n<\/ul>\n<h2>Um Novo Marco em SoHo<\/h2>\n<p>Quando se fala em moda e design, a <b>St\u00f2ffa<\/b> se destaca como um verdadeiro \u00edcone. A nova loja da marca, localizada em SoHo, Nova York, \u00e9 um espa\u00e7o que n\u00e3o apenas vende roupas, mas tamb\u00e9m conta uma hist\u00f3ria. Com um design que mistura o antigo e o novo, a loja \u00e9 um reflexo do compromisso da marca com a <b>sustentabilidade<\/b> e a <b>individualidade<\/b>. O ambiente \u00e9 cuidadosamente planejado, onde cada detalhe foi pensado para criar uma experi\u00eancia \u00fanica para o cliente.<\/p>\n<p>O espa\u00e7o de 186 metros quadrados foi projetado pela equipe interna da St\u00f2ffa, que se dedicou a revelar elementos originais do local, como <b>pisos de concreto<\/b> e paredes de tijolo. Essa abordagem n\u00e3o s\u00f3 preserva a hist\u00f3ria do edif\u00edcio, mas tamb\u00e9m se alinha com a filosofia da marca de valorizar o que \u00e9 aut\u00eantico e dur\u00e1vel. Ao entrar na loja, os visitantes s\u00e3o recebidos por uma paleta de cores neutras e um tom profundo de marrom, que proporciona um <b>fundo calmo<\/b> e acolhedor.<\/p>\n<h3>Um Espa\u00e7o que Conta Hist\u00f3rias<\/h3>\n<figure style=\"width: 1024px\" class=\"wp-caption aligncenter\"><img decoding=\"async\" src=\"https:\/\/www.aarquiteta.com.br\/blog\/wp-content\/uploads\/2024\/08\/stoffa-new-york-city-mario-milana-studio-poa_dezeen_2364_hero-1200x675.jpg\" alt=\"St\u00f2ffa inaugura loja em Nova York com design inspirador.\" width=\"1024\" height=\"1024\" title=\"\"><figcaption class=\"wp-caption-text\">Source: <a href=\"https:\/\/www.dezeen.com\/2024\/08\/16\/stoffa-new-york-city-flagship-store\/\" target=\"_blank\" rel=\"noopener\"><\/a><\/figcaption><\/figure>\n<p>O design da loja \u00e9 uma verdadeira obra de arte. A equipe da St\u00f2ffa optou por um layout que <b>encoraja a reflex\u00e3o<\/b> e a aprecia\u00e7\u00e3o. O espa\u00e7o \u00e9 dividido em duas \u00e1reas principais: uma sala de exposi\u00e7\u00e3o na frente e uma \u00e1rea privada nos fundos. A sala da frente \u00e9 quase como uma galeria, onde as roupas s\u00e3o exibidas de forma esparsa, permitindo que cada pe\u00e7a tenha seu momento de brilhar. \u00c9 como se cada roupa estivesse contando sua pr\u00f3pria hist\u00f3ria, esperando para ser descoberta.<\/p>\n<p>Ao passar pela cortina de linho que separa as \u00e1reas, os clientes entram em um espa\u00e7o mais \u00edntimo, onde podem experimentar as roupas sob medida. Essa transi\u00e7\u00e3o \u00e9 simb\u00f3lica, representando a jornada do cliente desde a descoberta at\u00e9 a personaliza\u00e7\u00e3o. A St\u00f2ffa n\u00e3o vende apenas roupas; ela oferece uma experi\u00eancia de <b>transforma\u00e7\u00e3o<\/b>.<\/p>\n<h3>Materiais Naturais e Sustentabilidade<\/h3>\n<p>A St\u00f2ffa \u00e9 conhecida por seu compromisso com a <b>sustentabilidade<\/b>. A marca utiliza materiais naturais em suas cole\u00e7\u00f5es, muitas vezes destacando tecidos que n\u00e3o est\u00e3o mais em produ\u00e7\u00e3o. Essa filosofia \u00e9 refletida no design da loja, onde cada elemento foi escolhido com cuidado. Desde os m\u00f3veis vintage at\u00e9 as lumin\u00e1rias modernas, tudo foi pensado para criar um ambiente que respeita o meio ambiente.<\/p>\n<p>O uso de materiais naturais n\u00e3o \u00e9 apenas uma tend\u00eancia; \u00e9 uma declara\u00e7\u00e3o de princ\u00edpios. A St\u00f2ffa acredita que a moda pode e deve ser feita de maneira respons\u00e1vel. Ao escolher a loja, os clientes n\u00e3o est\u00e3o apenas comprando roupas, mas tamb\u00e9m apoiando uma causa maior. \u00c9 como se cada compra fosse um passo em dire\u00e7\u00e3o a um futuro mais sustent\u00e1vel.<\/p>\n<h3>Experi\u00eancia do Cliente em Primeiro Lugar<\/h3>\n<figure style=\"width: 1024px\" class=\"wp-caption aligncenter\"><img decoding=\"async\" src=\"https:\/\/www.aarquiteta.com.br\/blog\/wp-content\/uploads\/2024\/08\/stoffa-new-york-city-mario-milana-studio-poa_dezeen_2364_col_11-852x639.jpg\" alt=\"Fotografia interna do design da loja com uma mesa de trabalho voltada para a parede.\" width=\"1024\" height=\"1024\" title=\"\"><figcaption class=\"wp-caption-text\">Fotografia interna do design da loja com uma mesa de trabalho voltada para a parede.<\/figcaption><\/figure>\n<p>O layout da loja foi projetado para proporcionar uma experi\u00eancia de compra que vai al\u00e9m do convencional. A St\u00f2ffa quer que seus clientes se sintam em casa, como se estivessem visitando um amigo. A \u00e1rea de prova, com sua mesa de madeira s\u00f3lida e cadeiras confort\u00e1veis, \u00e9 o cora\u00e7\u00e3o do espa\u00e7o. \u00c9 aqui que os clientes podem se sentar, relaxar e discutir suas op\u00e7\u00f5es com os consultores de moda da marca.<\/p>\n<p>Essa abordagem personalizada \u00e9 o que diferencia a St\u00f2ffa de outras marcas. A equipe est\u00e1 sempre pronta para ajudar, oferecendo conselhos e sugest\u00f5es que atendem \u00e0s necessidades individuais de cada cliente. \u00c9 uma experi\u00eancia que faz com que cada pessoa se sinta valorizada e especial.<\/p>\n<h3>Um Olhar para o Futuro<\/h3>\n<figure style=\"width: 1024px\" class=\"wp-caption aligncenter\"><img decoding=\"async\" src=\"https:\/\/www.aarquiteta.com.br\/blog\/wp-content\/uploads\/2024\/08\/stoffa-new-york-city-mario-milana-studio-poa_dezeen_2364_col_4-852x1065.jpg\" alt=\"Imagem do interior da loja destacando um grande vaso de plantas e a disposi\u00e7\u00e3o de m\u00f3veis.\" width=\"1024\" height=\"1024\" title=\"\"><figcaption class=\"wp-caption-text\">Imagem do interior da loja destacando um grande vaso de plantas e a disposi\u00e7\u00e3o de m\u00f3veis.<\/figcaption><\/figure>\n<p>Desde sua funda\u00e7\u00e3o em 2014, a St\u00f2ffa tem se esfor\u00e7ado para redefinir a moda masculina. A marca n\u00e3o apenas cria roupas sob medida, mas tamb\u00e9m busca inspirar uma mudan\u00e7a na ind\u00fastria da moda. Ao abrir sua nova loja em SoHo, a St\u00f2ffa n\u00e3o est\u00e1 apenas expandindo seus neg\u00f3cios; est\u00e1 tamb\u00e9m <b>abrindo um di\u00e1logo<\/b> sobre a import\u00e2ncia da sustentabilidade e da individualidade na moda.<\/p>\n<p>O futuro da moda \u00e9 promissor, e a St\u00f2ffa est\u00e1 na vanguarda dessa transforma\u00e7\u00e3o. Com um compromisso inabal\u00e1vel com a qualidade e a \u00e9tica, a marca est\u00e1 moldando o que significa ser um consumidor consciente. E, \u00e0 medida que mais pessoas se juntam a essa conversa, a St\u00f2ffa continua a ser um farol de esperan\u00e7a e inova\u00e7\u00e3o.<\/p>\n<h2>Conclus\u00e3o<\/h2>\n<p>A nova loja da St\u00f2ffa em Nova York \u00e9 mais do que um simples espa\u00e7o de varejo; \u00e9 um <b>testemunho<\/b> do que a moda pode ser quando se alia \u00e0 sustentabilidade e \u00e0 individualidade. Com um design que reflete a beleza do passado e a inova\u00e7\u00e3o do presente, a St\u00f2ffa est\u00e1 redefinindo a experi\u00eancia de compra. Ao escolher a St\u00f2ffa, os clientes n\u00e3o est\u00e3o apenas adquirindo roupas, mas tamb\u00e9m se unindo a um movimento que valoriza a autenticidade e a responsabilidade. E, no final das contas, isso \u00e9 o que realmente importa.<\/p>\n<figure style=\"width: 1024px\" class=\"wp-caption aligncenter\"><img decoding=\"async\" src=\"https:\/\/www.aarquiteta.com.br\/blog\/wp-content\/uploads\/2024\/08\/stoffa-new-york-city-mario-milana-studio-poa_dezeen_2364_col_10-852x1065.jpg\" alt=\"Fotografia de uma sala privada para experimenta\u00e7\u00e3o de roupas dentro da loja.\" width=\"1024\" height=\"1024\" title=\"\"><figcaption class=\"wp-caption-text\">Fotografia de uma sala privada para experimenta\u00e7\u00e3o de roupas dentro da loja.<\/figcaption><\/figure>\n<h3>Assista agora a minha recomenda\u00e7\u00e3o de video abaixo sobre o tema que estamos tratando neste artigo: <\/h3>\n<p><div class=\"youtube-embed\" data-video_id=\"epgBHDXXWDs\"><iframe title=\"Charming Backdrops for New York City\" width=\"696\" height=\"522\" src=\"https:\/\/www.youtube.com\/embed\/epgBHDXXWDs?feature=oembed&#038;enablejsapi=1\" frameborder=\"0\" allow=\"accelerometer; autoplay; clipboard-write; encrypted-media; gyroscope; picture-in-picture; web-share\" referrerpolicy=\"strict-origin-when-cross-origin\" allowfullscreen><\/iframe><\/div>\n<\/p>\n<p>Muito obrigado por ler este artigo! Algumas  inspira\u00e7\u00f5es e fontes para a cria\u00e7\u00e3o deste artigo <a href=\"https:\/\/www.dezeen.com\/2024\/08\/16\/stoffa-new-york-city-flagship-store\/\" target=\"_blank\" rel=\"noopener\">voc\u00ea pode encontrar aqui.<\/a><\/p>\n","protected":false},"excerpt":{"rendered":"<p>A nova loja da marca de moda St\u00f2ffa em Nova York combina m\u00f3veis vintage e contempor\u00e2neos, refletindo um compromisso com a qualidade e a sustentabilidade. Pontos principais do artigo: Design Inovador: A loja apresenta uma mistura de m\u00f3veis vintage e modernos, criando um ambiente \u00fanico. Foco na Sustentabilidade: A marca utiliza materiais naturais e tecidos [&hellip;]<\/p>\n","protected":false},"author":102,"featured_media":125516,"comment_status":"closed","ping_status":"closed","sticky":false,"template":"","format":"standard","meta":{"footnotes":""},"categories":[144],"tags":[],"class_list":["post-125520","post","type-post","status-publish","format-standard","has-post-thumbnail","category-mundo-arquitetura"],"_wp_attached_file":null,"_wp_attachment_metadata":null,"_wp_attachment_context":null,"_wp_attachment_is_custom_header":null,"geo_longitude":null,"geo_public":null,"geo_latitude":null,"_publicize_done_external":null,"_wpas_done_3897181":null,"publicize_twitter_user":null,"_wpas_done_3897175":null,"_wpas_skip_3897181":null,"_wpas_skip_3897175":null,"_wpas_skip_3924723":null,"_wpas_mess":null,"_wpas_done_3924723":null,"wps_subtitle":"","_links":{"self":[{"href":"https:\/\/www.aarquiteta.com.br\/blog\/wp-json\/wp\/v2\/posts\/125520","targetHints":{"allow":["GET"]}}],"collection":[{"href":"https:\/\/www.aarquiteta.com.br\/blog\/wp-json\/wp\/v2\/posts"}],"about":[{"href":"https:\/\/www.aarquiteta.com.br\/blog\/wp-json\/wp\/v2\/types\/post"}],"author":[{"embeddable":true,"href":"https:\/\/www.aarquiteta.com.br\/blog\/wp-json\/wp\/v2\/users\/102"}],"replies":[{"embeddable":true,"href":"https:\/\/www.aarquiteta.com.br\/blog\/wp-json\/wp\/v2\/comments?post=125520"}],"version-history":[{"count":0,"href":"https:\/\/www.aarquiteta.com.br\/blog\/wp-json\/wp\/v2\/posts\/125520\/revisions"}],"wp:featuredmedia":[{"embeddable":true,"href":"https:\/\/www.aarquiteta.com.br\/blog\/wp-json\/wp\/v2\/media\/125516"}],"wp:attachment":[{"href":"https:\/\/www.aarquiteta.com.br\/blog\/wp-json\/wp\/v2\/media?parent=125520"}],"wp:term":[{"taxonomy":"category","embeddable":true,"href":"https:\/\/www.aarquiteta.com.br\/blog\/wp-json\/wp\/v2\/categories?post=125520"},{"taxonomy":"post_tag","embeddable":true,"href":"https:\/\/www.aarquiteta.com.br\/blog\/wp-json\/wp\/v2\/tags?post=125520"}],"curies":[{"name":"wp","href":"https:\/\/api.w.org\/{rel}","templated":true}]}}