{"id":125480,"date":"2024-08-19T18:04:33","date_gmt":"2024-08-19T21:04:33","guid":{"rendered":"https:\/\/www.aarquiteta.com.br\/blog\/como-transformar-o-corredor-lateral-de-casa-em-um-jardim-funcional\/"},"modified":"2024-08-19T18:04:33","modified_gmt":"2024-08-19T21:04:33","slug":"como-transformar-o-corredor-lateral-de-casa-em-um-jardim-funcional","status":"publish","type":"post","link":"https:\/\/www.aarquiteta.com.br\/blog\/como-transformar-o-corredor-lateral-de-casa-em-um-jardim-funcional\/","title":{"rendered":"Como Transformar o Corredor Lateral de Casa em um Jardim Funcional"},"content":{"rendered":"<p>&#8220;`html<br \/>\n<body><\/p>\n<p>Transformar o corredor lateral da sua casa em um jardim funcional \u00e9 uma excelente maneira de otimizar o espa\u00e7o, trazer mais vida ao ambiente e at\u00e9 mesmo cultivar ervas e vegetais. Descubra como fazer isso de forma pr\u00e1tica e criativa!<\/p>\n<h2>Destaques principais<\/h2>\n<ul>\n<li><b>Avalia\u00e7\u00e3o do espa\u00e7o:<\/b> Medir e entender a exposi\u00e7\u00e3o solar do corredor \u00e9 essencial para o sucesso do seu jardim.<\/li>\n<li><b>Escolha das plantas:<\/b> Optar por plantas de baixa manuten\u00e7\u00e3o e ervas pode facilitar o cultivo e garantir um jardim bonito.<\/li>\n<li><b>Cuidados e manuten\u00e7\u00e3o:<\/b> A rega adequada e o controle de pragas s\u00e3o fundamentais para manter o jardim saud\u00e1vel e vibrante.<\/li>\n<\/ul>\n<h2>Avaliando o Espa\u00e7o Dispon\u00edvel<\/h2>\n<h3>Medindo o Corredor<\/h3>\n<figure style=\"width: 1024px\" class=\"wp-caption aligncenter\"><img decoding=\"async\" src=\"https:\/\/www.aarquiteta.com.br\/blog\/wp-content\/uploads\/2024\/08\/Como-Transformar-o-Corredor-Lateral-de-Casa-em-um-Jardim-Funcional04.jpg\" alt=\"Como Transformar o Corredor Lateral de Casa em um Jardim Funcional\" width=\"1024\" height=\"1024\" title=\"\"><figcaption class=\"wp-caption-text\">Como Transformar o Corredor Lateral de Casa em um Jardim Funcional<\/figcaption><\/figure>\n<p>Antes de qualquer coisa, \u00e9 crucial <b>medir o espa\u00e7o<\/b> dispon\u00edvel. Um corredor estreito pode parecer um desafio, mas com as medidas certas, voc\u00ea pode planejar um jardim que se encaixe perfeitamente. Use uma fita m\u00e9trica e anote as dimens\u00f5es, considerando tamb\u00e9m a altura, caso voc\u00ea queira adicionar prateleiras ou suportes verticais.<\/p>\n<h3>Identificando a Exposi\u00e7\u00e3o Solar<\/h3>\n<figure style=\"width: 1024px\" class=\"wp-caption aligncenter\"><img decoding=\"async\" src=\"https:\/\/www.aarquiteta.com.br\/blog\/wp-content\/uploads\/2024\/08\/Como-Transformar-o-Corredor-Lateral-de-Casa-em-um-Jardim-Funcional03.jpg\" alt=\"Como Transformar o Corredor Lateral de Casa em um Jardim Funcional\" width=\"1024\" height=\"1024\" title=\"\"><figcaption class=\"wp-caption-text\">Como Transformar o Corredor Lateral de Casa em um Jardim Funcional<\/figcaption><\/figure>\n<p>Outro ponto importante \u00e9 a <b>exposi\u00e7\u00e3o solar<\/b>. Observe como a luz do sol incide no corredor ao longo do dia. Algumas plantas precisam de sol pleno, enquanto outras se adaptam melhor \u00e0 sombra. Essa informa\u00e7\u00e3o ser\u00e1 vital na hora de escolher as esp\u00e9cies que voc\u00ea deseja cultivar.<\/p>\n<h2>Escolhendo as Plantas Certas<\/h2>\n<h3>Plantas de Baixa Manuten\u00e7\u00e3o<\/h3>\n<figure style=\"width: 1024px\" class=\"wp-caption aligncenter\"><img decoding=\"async\" src=\"https:\/\/www.aarquiteta.com.br\/blog\/wp-content\/uploads\/2024\/08\/Como-Transformar-o-Corredor-Lateral-de-Casa-em-um-Jardim-Funcional02.jpg\" alt=\"Como Transformar o Corredor Lateral de Casa em um Jardim Funcional\" width=\"1024\" height=\"1024\" title=\"\"><figcaption class=\"wp-caption-text\">Como Transformar o Corredor Lateral de Casa em um Jardim Funcional<\/figcaption><\/figure>\n<p>Se voc\u00ea n\u00e3o tem muito tempo para cuidar do seu jardim, opte por <b>plantas de baixa manuten\u00e7\u00e3o<\/b>. Esp\u00e9cies como suculentas, cactos e algumas ervas arom\u00e1ticas s\u00e3o ideais. Elas n\u00e3o s\u00f3 embelezam o espa\u00e7o, mas tamb\u00e9m exigem menos cuidados di\u00e1rios.<\/p>\n<h3>Ervas e Vegetais para Cultivar<\/h3>\n<figure style=\"width: 1024px\" class=\"wp-caption aligncenter\"><img decoding=\"async\" src=\"https:\/\/www.aarquiteta.com.br\/blog\/wp-content\/uploads\/2024\/08\/Como-Transformar-o-Corredor-Lateral-de-Casa-em-um-Jardim-Funcional01.jpg\" alt=\"Como Transformar o Corredor Lateral de Casa em um Jardim Funcional\" width=\"1024\" height=\"1024\" title=\"\"><figcaption class=\"wp-caption-text\">Como Transformar o Corredor Lateral de Casa em um Jardim Funcional<\/figcaption><\/figure>\n<p>Al\u00e9m das plantas ornamentais, considere cultivar <b>ervas e vegetais<\/b>. Manjeric\u00e3o, alecrim e hortel\u00e3 s\u00e3o \u00f3timas op\u00e7\u00f5es que podem ser utilizadas na cozinha. Imagine ter sempre \u00e0 m\u00e3o ingredientes frescos para suas receitas!<\/p>\n<h2>Criando um Layout Funcional<\/h2>\n<h3>Disposi\u00e7\u00e3o das Plantas<\/h3>\n<p>Agora que voc\u00ea j\u00e1 tem as plantas em mente, \u00e9 hora de pensar na <b>disposi\u00e7\u00e3o delas<\/b>. Crie um layout que permita f\u00e1cil acesso e visualiza\u00e7\u00e3o. Plantas mais altas devem ficar atr\u00e1s, enquanto as menores podem ser posicionadas na frente. Isso n\u00e3o s\u00f3 facilita o cuidado, mas tamb\u00e9m cria um efeito visual agrad\u00e1vel.<\/p>\n<h3>Uso de Vasos e Jardineiras<\/h3>\n<h3>Assista agora a minha recomenda\u00e7\u00e3o de video abaixo sobre o tema que estamos tratando neste artigo: <\/h3>\n<p><div class=\"youtube-embed\" data-video_id=\"HMaMFAA4Cqc\"><iframe title=\"Aproveite o corredor externo com 16 Boas ideias de Decora\u00e7\u00e3o Elegante\" width=\"696\" height=\"392\" src=\"https:\/\/www.youtube.com\/embed\/HMaMFAA4Cqc?feature=oembed&#038;enablejsapi=1\" frameborder=\"0\" allow=\"accelerometer; autoplay; clipboard-write; encrypted-media; gyroscope; picture-in-picture; web-share\" referrerpolicy=\"strict-origin-when-cross-origin\" allowfullscreen><\/iframe><\/div>\n<\/p>\n<p>Utilizar <b>vasos e jardineiras<\/b> \u00e9 uma excelente maneira de otimizar o espa\u00e7o. Eles podem ser pendurados ou dispostos em prateleiras, liberando o ch\u00e3o e criando um ambiente mais arejado. Al\u00e9m disso, escolha vasos que combinem com a decora\u00e7\u00e3o da sua casa para um toque extra de estilo.<\/p>\n<h2>Cuidados e Manuten\u00e7\u00e3o do Jardim<\/h2>\n<h3>Rega e Aduba\u00e7\u00e3o<\/h3>\n<p>Manter um jardim saud\u00e1vel requer aten\u00e7\u00e3o \u00e0 <b>rega e aduba\u00e7\u00e3o<\/b>. A frequ\u00eancia da rega depende do clima e das plantas escolhidas. Em geral, \u00e9 melhor regar pela manh\u00e3 ou no final da tarde. E n\u00e3o se esque\u00e7a de adubar suas plantas regularmente para garantir que elas recebam os nutrientes necess\u00e1rios.<\/p>\n<h3>Controle de Pragas<\/h3>\n<p>Infelizmente, pragas podem ser um problema. Para um <b>controle eficaz<\/b>, observe suas plantas regularmente. Se notar qualquer sinal de infesta\u00e7\u00e3o, trate imediatamente com solu\u00e7\u00f5es naturais ou produtos espec\u00edficos. A preven\u00e7\u00e3o \u00e9 sempre o melhor rem\u00e9dio!<\/p>\n<h2>Elementos Decorativos para o Jardim<\/h2>\n<h3>Ilumina\u00e7\u00e3o<\/h3>\n<p>A ilumina\u00e7\u00e3o pode transformar o seu jardim \u00e0 noite. Considere instalar <b>luzes solares<\/b> ou lanternas decorativas. Elas n\u00e3o s\u00f3 embelezam o espa\u00e7o, mas tamb\u00e9m criam um ambiente acolhedor para momentos de relaxamento.<\/p>\n<h3>Mobili\u00e1rio e Acess\u00f3rios<\/h3>\n<p>Adicionar <b>mobili\u00e1rio e acess\u00f3rios<\/b> ao seu jardim pode torn\u00e1-lo ainda mais convidativo. Uma pequena cadeira ou um banco pode ser o local perfeito para desfrutar de um caf\u00e9 da manh\u00e3 ao ar livre. Al\u00e9m disso, acess\u00f3rios como fontes ou esculturas podem dar um toque especial ao ambiente.<\/p>\n<h2>Benef\u00edcios de um Jardim Funcional<\/h2>\n<h3>Melhoria na Qualidade do Ar<\/h3>\n<p>Um jardim n\u00e3o \u00e9 apenas bonito; ele tamb\u00e9m traz benef\u00edcios para a sa\u00fade. As plantas ajudam a <b>melhorar a qualidade do ar<\/b>, filtrando poluentes e liberando oxig\u00eanio. Isso \u00e9 especialmente importante em \u00e1reas urbanas, onde a polui\u00e7\u00e3o pode ser um problema.<\/p>\n<h3>Est\u00e9tica e Valoriza\u00e7\u00e3o do Im\u00f3vel<\/h3>\n<p><\/body><\/p>\n","protected":false},"excerpt":{"rendered":"<p>Veja como transformar o corredor lateral da sua casa em um jardim funcional e bonito com dicas simples e pr\u00e1ticas.<\/p>\n","protected":false},"author":102,"featured_media":125477,"comment_status":"closed","ping_status":"closed","sticky":false,"template":"","format":"standard","meta":{"footnotes":""},"categories":[1484,971,18792,18794],"tags":[],"class_list":["post-125480","post","type-post","status-publish","format-standard","has-post-thumbnail","category-decoracao","category-design-de-interiores","category-decoracao-de-apartamento","category-projetos-de-decoracao-de-casas"],"_wp_attached_file":null,"_wp_attachment_metadata":null,"_wp_attachment_context":null,"_wp_attachment_is_custom_header":null,"geo_longitude":null,"geo_public":null,"geo_latitude":null,"_publicize_done_external":null,"_wpas_done_3897181":null,"publicize_twitter_user":null,"_wpas_done_3897175":null,"_wpas_skip_3897181":null,"_wpas_skip_3897175":null,"_wpas_skip_3924723":null,"_wpas_mess":null,"_wpas_done_3924723":null,"wps_subtitle":"","_links":{"self":[{"href":"https:\/\/www.aarquiteta.com.br\/blog\/wp-json\/wp\/v2\/posts\/125480","targetHints":{"allow":["GET"]}}],"collection":[{"href":"https:\/\/www.aarquiteta.com.br\/blog\/wp-json\/wp\/v2\/posts"}],"about":[{"href":"https:\/\/www.aarquiteta.com.br\/blog\/wp-json\/wp\/v2\/types\/post"}],"author":[{"embeddable":true,"href":"https:\/\/www.aarquiteta.com.br\/blog\/wp-json\/wp\/v2\/users\/102"}],"replies":[{"embeddable":true,"href":"https:\/\/www.aarquiteta.com.br\/blog\/wp-json\/wp\/v2\/comments?post=125480"}],"version-history":[{"count":0,"href":"https:\/\/www.aarquiteta.com.br\/blog\/wp-json\/wp\/v2\/posts\/125480\/revisions"}],"wp:featuredmedia":[{"embeddable":true,"href":"https:\/\/www.aarquiteta.com.br\/blog\/wp-json\/wp\/v2\/media\/125477"}],"wp:attachment":[{"href":"https:\/\/www.aarquiteta.com.br\/blog\/wp-json\/wp\/v2\/media?parent=125480"}],"wp:term":[{"taxonomy":"category","embeddable":true,"href":"https:\/\/www.aarquiteta.com.br\/blog\/wp-json\/wp\/v2\/categories?post=125480"},{"taxonomy":"post_tag","embeddable":true,"href":"https:\/\/www.aarquiteta.com.br\/blog\/wp-json\/wp\/v2\/tags?post=125480"}],"curies":[{"name":"wp","href":"https:\/\/api.w.org\/{rel}","templated":true}]}}