{"id":125453,"date":"2024-08-19T14:37:56","date_gmt":"2024-08-19T17:37:56","guid":{"rendered":"https:\/\/www.aarquiteta.com.br\/blog\/mesa-cabeceira-cama-pet-passo-a-passo\/"},"modified":"2024-08-19T14:37:56","modified_gmt":"2024-08-19T17:37:56","slug":"mesa-cabeceira-cama-pet-passo-a-passo","status":"publish","type":"post","link":"https:\/\/www.aarquiteta.com.br\/blog\/mesa-cabeceira-cama-pet-passo-a-passo\/","title":{"rendered":"5 maneiras criativas de construir mesa de cabeceira que \u00e9 cama para pet."},"content":{"rendered":"<p>Uma mesa de cabeceira que tamb\u00e9m serve como cama para pets \u00e9 a solu\u00e7\u00e3o perfeita para quem deseja unir funcionalidade e conforto no ambiente. A decoradora R\u00e1isa Guerra ensina, passo a passo, como construir esse m\u00f3vel pr\u00e1tico e estiloso, ideal para deixar os bichinhos mais aconchegados.<\/p>\n<h2>Transformando o Quarto com Criatividade<\/h2>\n<h3>O que \u00e9 uma mesa de cabeceira que \u00e9 cama para pets?<\/h3>\n<p>Uma mesa de cabeceira que tamb\u00e9m funciona como cama para pets \u00e9 um <b>m\u00f3vel multifuncional<\/b> que combina a utilidade de um suporte para objetos pessoais com um espa\u00e7o aconchegante para os animais de estima\u00e7\u00e3o. Essa ideia inovadora n\u00e3o s\u00f3 economiza espa\u00e7o, mas tamb\u00e9m proporciona um cantinho especial para os bichinhos, tornando o ambiente mais acolhedor e pr\u00e1tico.<\/p>\n<h3>Materiais Necess\u00e1rios para a Constru\u00e7\u00e3o<\/h3>\n<figure style=\"width: 1024px\" class=\"wp-caption aligncenter\"><img decoding=\"async\" src=\"https:\/\/www.aarquiteta.com.br\/blog\/wp-content\/uploads\/2024\/08\/mesa-de-cabeceira-que-e-cama-para-pet-2.jpg\" alt=\"5 maneiras criativas de construir mesa de cabeceira que \u00e9 cama para pet.\" width=\"1024\" height=\"1024\" title=\"\"><figcaption class=\"wp-caption-text\">Source: <a href=\"https:\/\/ndmais.com.br\/arquitetura-e-decoracao\/mesa-de-cabeceira-que-e-cama-para-pet-decoradora-ensina-passo-a-passo-para-construir-movel\/\" target=\"_blank\" rel=\"noopener\">NDMAIS<\/a><\/figcaption><\/figure>\n<p>Para construir essa mesa de cabeceira, R\u00e1isa recomenda o uso de <b>nichos de madeira<\/b> e ripas. Os materiais s\u00e3o facilmente encontrados em lojas de constru\u00e7\u00e3o e decora\u00e7\u00e3o. Al\u00e9m disso, \u00e9 importante ter \u00e0 m\u00e3o ferramentas como parafusos, cola instant\u00e2nea e uma tinta da cor desejada para dar o toque final ao m\u00f3vel. Com esses itens, a criatividade pode fluir e o projeto ganhar vida.<\/p>\n<h3>Passo a Passo da Montagem<\/h3>\n<p>O primeiro passo \u00e9 <b>parafusar as ripas de madeira<\/b> para fixar os nichos, criando uma estrutura s\u00f3lida. R\u00e1isa sugere que um nicho seja posicionado em cima e outro embaixo, garantindo estabilidade. Em seguida, a decoradora utiliza cola instant\u00e2nea para fixar outros peda\u00e7os de ripas, agilizando o processo. Essa etapa \u00e9 crucial, pois a firmeza da estrutura \u00e9 fundamental para a seguran\u00e7a do m\u00f3vel.<\/p>\n<h3>Pintura e Acabamento<\/h3>\n<h3>Assista agora a minha recomenda\u00e7\u00e3o de video abaixo sobre o tema que estamos tratando neste artigo: <\/h3>\n<p><iframe title=\"YouTube video player\" src=\"https:\/\/www.youtube.com\/embed\/1uY_lC4qYyY?feature=oembed&#038;enablejsapi=1&#038;origin=https:\/\/ndmais.com.br\" width=\"560\" height=\"315\" frameborder=\"0\" allowfullscreen=\"allowfullscreen\"><\/iframe><\/p>\n<p>Ap\u00f3s a montagem, \u00e9 hora de <b>dar cor ao m\u00f3vel<\/b>. A pintura n\u00e3o s\u00f3 embeleza, mas tamb\u00e9m protege a madeira. R\u00e1isa recomenda o uso de feltros adesivos na base da mesa para evitar arranh\u00f5es no piso. Essa aten\u00e7\u00e3o aos detalhes faz toda a diferen\u00e7a, pois um m\u00f3vel bem acabado \u00e9 sin\u00f4nimo de cuidado e carinho.<\/p>\n<h3>Funcionalidade e Conforto para os Pets<\/h3>\n<p>Para que a mesa de cabeceira possa armazenar objetos, R\u00e1isa anexa um tampo na parte superior do nicho. Esse tampo \u00e9 fixado com um parafuso e porca, permitindo que seja aberto e fechado com facilidade. Para finalizar, a decoradora sugere colocar uma <b>almofada ou cobertor<\/b> na parte destinada aos pets, criando um espa\u00e7o aconchegante e convidativo. Afinal, quem n\u00e3o ama um lugar quentinho para descansar?<\/p>\n<h3>Benef\u00edcios de um M\u00f3vel Multifuncional<\/h3>\n<p>Investir em m\u00f3veis multifuncionais, como a mesa de cabeceira que \u00e9 cama para pets, traz uma s\u00e9rie de <b>vantagens<\/b>. Al\u00e9m de otimizar o espa\u00e7o, esse tipo de m\u00f3vel \u00e9 uma solu\u00e7\u00e3o pr\u00e1tica para quem vive em ambientes menores. Tamb\u00e9m \u00e9 uma forma de expressar a personalidade e o estilo do morador, j\u00e1 que cada pe\u00e7a pode ser customizada de acordo com as prefer\u00eancias pessoais.<\/p>\n<h2>Conclus\u00e3o<\/h2>\n<p>Construir uma mesa de cabeceira que tamb\u00e9m \u00e9 cama para pets \u00e9 uma maneira criativa e funcional de transformar o ambiente. Com um pouco de dedica\u00e7\u00e3o e os materiais certos, qualquer um pode criar um espa\u00e7o que une conforto e estilo. R\u00e1isa Guerra, com seu talento e expertise, mostra que \u00e9 poss\u00edvel fazer muito com pouco, e que a decora\u00e7\u00e3o pode ser acess\u00edvel e cheia de amor. Portanto, que tal colocar a m\u00e3o na massa e criar um cantinho especial para seu pet?<\/p>\n","protected":false},"excerpt":{"rendered":"<p>Uma mesa de cabeceira que tamb\u00e9m serve como cama para pets \u00e9 a solu\u00e7\u00e3o perfeita para quem deseja unir funcionalidade e conforto no ambiente. A decoradora R\u00e1isa Guerra ensina, passo a passo, como construir esse m\u00f3vel pr\u00e1tico e estiloso, ideal para deixar os bichinhos mais aconchegados. Transformando o Quarto com Criatividade O que \u00e9 uma [&hellip;]<\/p>\n","protected":false},"author":102,"featured_media":125452,"comment_status":"closed","ping_status":"closed","sticky":false,"template":"","format":"standard","meta":{"footnotes":""},"categories":[249,19127],"tags":[],"class_list":["post-125453","post","type-post","status-publish","format-standard","has-post-thumbnail","category-engenharia-e-construcao-civil","category-reforma-e-manutencao"],"_wp_attached_file":null,"_wp_attachment_metadata":null,"_wp_attachment_context":null,"_wp_attachment_is_custom_header":null,"geo_longitude":null,"geo_public":null,"geo_latitude":null,"_publicize_done_external":null,"_wpas_done_3897181":null,"publicize_twitter_user":null,"_wpas_done_3897175":null,"_wpas_skip_3897181":null,"_wpas_skip_3897175":null,"_wpas_skip_3924723":null,"_wpas_mess":null,"_wpas_done_3924723":null,"wps_subtitle":"","_links":{"self":[{"href":"https:\/\/www.aarquiteta.com.br\/blog\/wp-json\/wp\/v2\/posts\/125453","targetHints":{"allow":["GET"]}}],"collection":[{"href":"https:\/\/www.aarquiteta.com.br\/blog\/wp-json\/wp\/v2\/posts"}],"about":[{"href":"https:\/\/www.aarquiteta.com.br\/blog\/wp-json\/wp\/v2\/types\/post"}],"author":[{"embeddable":true,"href":"https:\/\/www.aarquiteta.com.br\/blog\/wp-json\/wp\/v2\/users\/102"}],"replies":[{"embeddable":true,"href":"https:\/\/www.aarquiteta.com.br\/blog\/wp-json\/wp\/v2\/comments?post=125453"}],"version-history":[{"count":0,"href":"https:\/\/www.aarquiteta.com.br\/blog\/wp-json\/wp\/v2\/posts\/125453\/revisions"}],"wp:featuredmedia":[{"embeddable":true,"href":"https:\/\/www.aarquiteta.com.br\/blog\/wp-json\/wp\/v2\/media\/125452"}],"wp:attachment":[{"href":"https:\/\/www.aarquiteta.com.br\/blog\/wp-json\/wp\/v2\/media?parent=125453"}],"wp:term":[{"taxonomy":"category","embeddable":true,"href":"https:\/\/www.aarquiteta.com.br\/blog\/wp-json\/wp\/v2\/categories?post=125453"},{"taxonomy":"post_tag","embeddable":true,"href":"https:\/\/www.aarquiteta.com.br\/blog\/wp-json\/wp\/v2\/tags?post=125453"}],"curies":[{"name":"wp","href":"https:\/\/api.w.org\/{rel}","templated":true}]}}