{"id":125383,"date":"2024-08-18T20:19:41","date_gmt":"2024-08-18T23:19:41","guid":{"rendered":"https:\/\/www.aarquiteta.com.br\/blog\/ministerio-do-design-workshop-espaco-colaborativo-pos-covid\/"},"modified":"2024-08-18T20:19:41","modified_gmt":"2024-08-18T23:19:41","slug":"ministerio-do-design-workshop-espaco-colaborativo-pos-covid","status":"publish","type":"post","link":"https:\/\/www.aarquiteta.com.br\/blog\/ministerio-do-design-workshop-espaco-colaborativo-pos-covid\/","title":{"rendered":"Espa\u00e7o Colaborativo Inovador para o Trabalho P\u00f3s-Covid."},"content":{"rendered":"<p>O novo escrit\u00f3rio do Ministry of Design em Cingapura, conhecido como MOD Workshop, \u00e9 um espa\u00e7o inovador que prioriza a colabora\u00e7\u00e3o e a criatividade, refletindo as mudan\u00e7as nas din\u00e2micas de trabalho p\u00f3s-pandemia.<\/p>\n<h2>Pontos principais do artigo:<\/h2>\n<ul>\n<li><b>Espa\u00e7o Compacto:<\/b> O MOD Workshop \u00e9 significativamente menor que o escrit\u00f3rio anterior, focando em \u00e1reas de colabora\u00e7\u00e3o.<\/li>\n<li><b>Design Funcional:<\/b> A estrutura de metal permite um layout flex\u00edvel, promovendo a intera\u00e7\u00e3o entre os colaboradores.<\/li>\n<li><b>Ilumina\u00e7\u00e3o Natural:<\/b> Grandes janelas e materiais reflexivos garantem um ambiente iluminado e arejado.<\/li>\n<li><b>Materiais Inovadores:<\/b> O uso de policarbonato e vidro fluted cria uma est\u00e9tica moderna e funcional.<\/li>\n<li><b>Espa\u00e7os de Trabalho:<\/b> O escrit\u00f3rio conta com mesas compartilhadas e uma biblioteca de materiais para estimular a criatividade.<\/li>\n<li><b>Vis\u00e3o do Futuro:<\/b> O MOD busca redefinir o design contempor\u00e2neo, questionando e inovando constantemente.<\/li>\n<\/ul>\n<h2>Um Novo Conceito de Escrit\u00f3rio<\/h2>\n<p>O <b>MOD Workshop<\/b> representa uma mudan\u00e7a significativa na forma como os espa\u00e7os de trabalho s\u00e3o concebidos. Com apenas 93 metros quadrados, o novo escrit\u00f3rio \u00e9 menos de um ter\u00e7o do tamanho do antigo Bar Code, que abrigou a equipe de 2010 a 2023. O fundador, Colin Seah, tinha um objetivo claro: criar um ambiente que facilitasse a <b>colabora\u00e7\u00e3o<\/b> entre os colaboradores, que agora passam menos tempo no escrit\u00f3rio devido \u00e0 pandemia.<\/p>\n<h3>Estrutura e Design<\/h3>\n<figure style=\"width: 1024px\" class=\"wp-caption aligncenter\"><img decoding=\"async\" src=\"https:\/\/www.aarquiteta.com.br\/blog\/wp-content\/uploads\/2024\/08\/b-ministry-of-design-mod-workshop-singapore_dezeen_2364_col_16_dezeen_2364_col_3-1200x675.jpg\" alt=\"Espa\u00e7o Colaborativo Inovador para o Trabalho P\u00f3s-Covid.\" width=\"1024\" height=\"1024\" title=\"\"><figcaption class=\"wp-caption-text\">Source: <a href=\"https:\/\/www.dezeen.com\/2024\/08\/13\/ministry-of-design-mod-workshop-singapore\/\" target=\"_blank\" rel=\"noopener\"><\/a><\/figcaption><\/figure>\n<p>A estrutura do MOD Workshop \u00e9 uma verdadeira obra de arte funcional. Com um <b>quadro de metal<\/b> que serve tanto como suporte para mesas quanto para armazenamento, o espa\u00e7o \u00e9 dividido em \u00e1reas interconectadas que promovem a intera\u00e7\u00e3o. A escolha de materiais como <b>policarbonato fosco<\/b> e vidro fluted n\u00e3o s\u00f3 permite a passagem de luz, mas tamb\u00e9m cria uma est\u00e9tica leve e arejada, quase como se o espa\u00e7o estivesse respirando.<\/p>\n<h3>Colabora\u00e7\u00e3o em Primeiro Lugar<\/h3>\n<p>Seah enfatiza que 60% do layout \u00e9 dedicado \u00e0 <b>colabora\u00e7\u00e3o criativa<\/b>. Isso significa que, quando a equipe se re\u00fane, cada encontro \u00e9 significativo e produtivo. O cora\u00e7\u00e3o do escrit\u00f3rio \u00e9 uma mesa de altura de balc\u00e3o, carinhosamente chamada de &#8220;sala de guerra&#8221;, onde ideias s\u00e3o trocadas e projetos s\u00e3o discutidos. \u00c9 um espa\u00e7o que simboliza a uni\u00e3o e a for\u00e7a do trabalho em equipe.<\/p>\n<h3>Ilumina\u00e7\u00e3o e Ambi\u00eancia<\/h3>\n<figure style=\"width: 1024px\" class=\"wp-caption aligncenter\"><img decoding=\"async\" src=\"https:\/\/www.aarquiteta.com.br\/blog\/wp-content\/uploads\/2024\/08\/ministry-of-design-mod-workshop-singapore_dezeen_2364_col_13-852x1136.jpg\" alt=\"Mesa comunit\u00e1ria grande dentro do escrit\u00f3rio Workshop em Cingapura.\" width=\"1024\" height=\"1024\" title=\"\"><figcaption class=\"wp-caption-text\">Mesa comunit\u00e1ria grande dentro do escrit\u00f3rio Workshop em Cingapura.<\/figcaption><\/figure>\n<p>A ilumina\u00e7\u00e3o \u00e9 outro aspecto crucial do MOD Workshop. Com um sistema de ilumina\u00e7\u00e3o ajust\u00e1vel que simula diferentes condi\u00e7\u00f5es de luz, o ambiente se adapta \u00e0s necessidades dos colaboradores. As grandes janelas n\u00e3o apenas minimizam a necessidade de luz artificial durante o dia, mas tamb\u00e9m criam uma conex\u00e3o com o exterior, trazendo a natureza para dentro do espa\u00e7o de trabalho.<\/p>\n<h3>Espa\u00e7os Multifuncionais<\/h3>\n<figure style=\"width: 1024px\" class=\"wp-caption aligncenter\"><img decoding=\"async\" src=\"https:\/\/www.aarquiteta.com.br\/blog\/wp-content\/uploads\/2024\/08\/ministry-of-design-mod-workshop-singapore_dezeen_2364_col_8-852x1278-800x1200.jpg\" alt=\"Uma parede revestida com bandejas de cabos, permitindo a fixa\u00e7\u00e3o de objetos com ganchos ou \u00edm\u00e3s.\" width=\"1024\" height=\"1024\" title=\"\"><figcaption class=\"wp-caption-text\">Uma parede revestida com bandejas de cabos, permitindo a fixa\u00e7\u00e3o de objetos com ganchos ou \u00edm\u00e3s.<\/figcaption><\/figure>\n<p>O escrit\u00f3rio \u00e9 projetado para ser multifuncional. Al\u00e9m da mesa de colabora\u00e7\u00e3o, h\u00e1 uma biblioteca de materiais que se estende por toda a largura do espa\u00e7o, garantindo que os designers tenham f\u00e1cil acesso a tudo o que precisam para se inspirar. As mesas quentes e uma mesa de reuni\u00e3o perto da entrada oferecem alternativas para o trabalho e a colabora\u00e7\u00e3o, enquanto \u00e1reas utilit\u00e1rias, como uma despensa e armazenamento, s\u00e3o discretamente posicionadas em um canto.<\/p>\n<h3>Um Ref\u00fagio Privado<\/h3>\n<figure style=\"width: 1024px\" class=\"wp-caption aligncenter\"><img decoding=\"async\" src=\"https:\/\/www.aarquiteta.com.br\/blog\/wp-content\/uploads\/2024\/08\/ministry-of-design-mod-workshop-singapore_dezeen_2364_col_5-852x1278-800x1200.jpg\" alt=\"Banheiro com revestimento em azulejos pretos contrastando com o interior predominantemente branco do espa\u00e7o.\" width=\"1024\" height=\"1024\" title=\"\"><figcaption class=\"wp-caption-text\">Banheiro com revestimento em azulejos pretos contrastando com o interior predominantemente branco do espa\u00e7o.<\/figcaption><\/figure>\n<p>Em contraste com o interior predominantemente branco e iluminado, um banheiro compacto, escondido atr\u00e1s de uma porta espelhada, serve como um <b>ref\u00fagio privado<\/b>. Com azulejos pretos, esse espa\u00e7o oferece um toque de sofistica\u00e7\u00e3o e privacidade, permitindo que os colaboradores tenham um momento de tranquilidade em meio \u00e0 agita\u00e7\u00e3o do dia a dia.<\/p>\n<h3>Vis\u00e3o e Inova\u00e7\u00e3o<\/h3>\n<h3>Assista agora a minha recomenda\u00e7\u00e3o de video abaixo sobre o tema que estamos tratando neste artigo: <\/h3>\n<p><div class=\"youtube-embed\" data-video_id=\"t7zwnfv5HC0\"><iframe title=\"Webinars | Office design for the post-COVID-19 workplace\" width=\"696\" height=\"392\" src=\"https:\/\/www.youtube.com\/embed\/t7zwnfv5HC0?feature=oembed&#038;enablejsapi=1\" frameborder=\"0\" allow=\"accelerometer; autoplay; clipboard-write; encrypted-media; gyroscope; picture-in-picture; web-share\" referrerpolicy=\"strict-origin-when-cross-origin\" allowfullscreen><\/iframe><\/div>\n<\/p>\n<p>Desde sua funda\u00e7\u00e3o em 2004, o MOD completou mais de 140 projetos, sempre buscando questionar e redefinir o potencial do design contempor\u00e2neo. Colin Seah acredita que \u00e9 fundamental <b>perturbar<\/b> as conven\u00e7\u00f5es existentes para criar algo verdadeiramente inovador. O MOD Workshop \u00e9 um reflexo dessa filosofia, um espa\u00e7o que n\u00e3o apenas atende \u00e0s necessidades atuais, mas tamb\u00e9m antecipa o futuro do trabalho.<\/p>\n<h2>Conclus\u00e3o<\/h2>\n<p>O MOD Workshop \u00e9 mais do que um simples escrit\u00f3rio; \u00e9 um s\u00edmbolo de como o design pode influenciar a forma como trabalhamos e colaboramos. Com um foco na <b>criatividade<\/b> e na intera\u00e7\u00e3o, este espa\u00e7o inovador \u00e9 um exemplo brilhante de como a arquitetura pode se adaptar \u00e0s novas realidades do mundo moderno. \u00c0 medida que o trabalho remoto se torna cada vez mais comum, o MOD Workshop se destaca como um farol de inspira\u00e7\u00e3o, mostrando que, mesmo em tempos de mudan\u00e7a, a colabora\u00e7\u00e3o e a criatividade podem prosperar.<\/p>\n<p>Muito obrigado por ler este artigo! Algumas  inspira\u00e7\u00f5es e fontes para a cria\u00e7\u00e3o deste artigo <a href=\"https:\/\/www.dezeen.com\/2024\/08\/13\/ministry-of-design-mod-workshop-singapore\/\" target=\"_blank\" rel=\"noopener\">voc\u00ea pode encontrar aqui.<\/a><\/p>\n","protected":false},"excerpt":{"rendered":"<p>O novo escrit\u00f3rio do Ministry of Design em Cingapura, conhecido como MOD Workshop, \u00e9 um espa\u00e7o inovador que prioriza a colabora\u00e7\u00e3o e a criatividade, refletindo as mudan\u00e7as nas din\u00e2micas de trabalho p\u00f3s-pandemia. Pontos principais do artigo: Espa\u00e7o Compacto: O MOD Workshop \u00e9 significativamente menor que o escrit\u00f3rio anterior, focando em \u00e1reas de colabora\u00e7\u00e3o. Design Funcional: [&hellip;]<\/p>\n","protected":false},"author":102,"featured_media":125377,"comment_status":"closed","ping_status":"closed","sticky":false,"template":"","format":"standard","meta":{"footnotes":""},"categories":[144],"tags":[],"class_list":["post-125383","post","type-post","status-publish","format-standard","has-post-thumbnail","category-mundo-arquitetura"],"_wp_attached_file":null,"_wp_attachment_metadata":null,"_wp_attachment_context":null,"_wp_attachment_is_custom_header":null,"geo_longitude":null,"geo_public":null,"geo_latitude":null,"_publicize_done_external":null,"_wpas_done_3897181":null,"publicize_twitter_user":null,"_wpas_done_3897175":null,"_wpas_skip_3897181":null,"_wpas_skip_3897175":null,"_wpas_skip_3924723":null,"_wpas_mess":null,"_wpas_done_3924723":null,"wps_subtitle":"","_links":{"self":[{"href":"https:\/\/www.aarquiteta.com.br\/blog\/wp-json\/wp\/v2\/posts\/125383","targetHints":{"allow":["GET"]}}],"collection":[{"href":"https:\/\/www.aarquiteta.com.br\/blog\/wp-json\/wp\/v2\/posts"}],"about":[{"href":"https:\/\/www.aarquiteta.com.br\/blog\/wp-json\/wp\/v2\/types\/post"}],"author":[{"embeddable":true,"href":"https:\/\/www.aarquiteta.com.br\/blog\/wp-json\/wp\/v2\/users\/102"}],"replies":[{"embeddable":true,"href":"https:\/\/www.aarquiteta.com.br\/blog\/wp-json\/wp\/v2\/comments?post=125383"}],"version-history":[{"count":0,"href":"https:\/\/www.aarquiteta.com.br\/blog\/wp-json\/wp\/v2\/posts\/125383\/revisions"}],"wp:featuredmedia":[{"embeddable":true,"href":"https:\/\/www.aarquiteta.com.br\/blog\/wp-json\/wp\/v2\/media\/125377"}],"wp:attachment":[{"href":"https:\/\/www.aarquiteta.com.br\/blog\/wp-json\/wp\/v2\/media?parent=125383"}],"wp:term":[{"taxonomy":"category","embeddable":true,"href":"https:\/\/www.aarquiteta.com.br\/blog\/wp-json\/wp\/v2\/categories?post=125383"},{"taxonomy":"post_tag","embeddable":true,"href":"https:\/\/www.aarquiteta.com.br\/blog\/wp-json\/wp\/v2\/tags?post=125383"}],"curies":[{"name":"wp","href":"https:\/\/api.w.org\/{rel}","templated":true}]}}