{"id":125231,"date":"2024-08-17T14:19:46","date_gmt":"2024-08-17T17:19:46","guid":{"rendered":"https:\/\/www.aarquiteta.com.br\/blog\/marie-alexandre-assumem-apartamento-cite-radieuse\/"},"modified":"2024-08-17T14:19:46","modified_gmt":"2024-08-17T17:19:46","slug":"marie-alexandre-assumem-apartamento-cite-radieuse","status":"publish","type":"post","link":"https:\/\/www.aarquiteta.com.br\/blog\/marie-alexandre-assumem-apartamento-cite-radieuse\/","title":{"rendered":"Design inovador transforma apartamento ic\u00f4nico de Le Corbusier."},"content":{"rendered":"<p>Os designers franceses Marie Cornil e Alexandre Willaume transformaram um apartamento ic\u00f4nico em Marseille, trazendo \u00e0 vida um espa\u00e7o que reflete a ess\u00eancia do trabalho de Le Corbusier, com m\u00f3veis personalizados que contam hist\u00f3rias e evocam mem\u00f3rias.<\/p>\n<h2>O Encontro de Design e Hist\u00f3ria<\/h2>\n<h3>Um Legado de Criatividade<\/h3>\n<figure style=\"width: 1024px\" class=\"wp-caption aligncenter\"><img decoding=\"async\" src=\"https:\/\/www.aarquiteta.com.br\/blog\/wp-content\/uploads\/2024\/08\/hero-appartement-50-cite-radieuse-marie-et-alexandre_dezeen_2364_col_0-1-1200x675.jpg\" alt=\"Design inovador transforma apartamento ic\u00f4nico de Le Corbusier.\" width=\"1024\" height=\"1024\" title=\"\"><figcaption class=\"wp-caption-text\">Source: <a href=\"https:\/\/www.dezeen.com\/2024\/08\/12\/marie-et-alexandre-appartement-n50-le-corbusiers-cite-radieuse\/\" target=\"_blank\" rel=\"noopener\"><\/a><\/figcaption><\/figure>\n<p>O apartamento N\u00b050, localizado na famosa <b>Cit\u00e9 Radieuse<\/b>, \u00e9 mais do que apenas um espa\u00e7o; \u00e9 um <b>testemunho<\/b> da hist\u00f3ria do design. Desde sua conclus\u00e3o em 1952, o local tem sido um ponto de encontro para criadores e inovadores. Recentemente, os propriet\u00e1rios Jean-Marc Drut e Patrick Blauwart decidiram restaurar o apartamento \u00e0 sua condi\u00e7\u00e3o original, permitindo que novos designers, como Marie e Alexandre, deixassem sua marca. Essa iniciativa n\u00e3o s\u00f3 preserva a hist\u00f3ria, mas tamb\u00e9m a <b>renova<\/b>, trazendo novas perspectivas ao espa\u00e7o.<\/p>\n<h3>Uma Exposi\u00e7\u00e3o que Fala<\/h3>\n<p>A exposi\u00e7\u00e3o atual, que ficar\u00e1 em cartaz at\u00e9 15 de agosto, \u00e9 uma verdadeira <b>celebra\u00e7\u00e3o<\/b> do design contempor\u00e2neo. Marie e Alexandre, influenciados pelos sal\u00f5es criativos da antiga moradora Lilette Ripert, criaram pe\u00e7as que n\u00e3o apenas decoram, mas tamb\u00e9m <b>dialogam<\/b> com o passado. Cada m\u00f3vel, desde a cadeira de couro e metal at\u00e9 a mesa de vidro, \u00e9 uma pe\u00e7a de arte que reflete a vis\u00e3o de Le Corbusier sobre a harmonia e a funcionalidade.<\/p>\n<h3>Materiais que Contam Hist\u00f3rias<\/h3>\n<figure style=\"width: 1024px\" class=\"wp-caption aligncenter\"><img decoding=\"async\" src=\"https:\/\/www.aarquiteta.com.br\/blog\/wp-content\/uploads\/2024\/08\/appartement-50-cite-radieuse-marie-et-alexandre_dezeen_2364_col_7-852x1130.jpg\" alt=\"Cadeira de bra\u00e7o em couro e metal, influenciada pelo trabalho de Le Corbusier, apresentada na exposi\u00e7\u00e3o.\" width=\"1024\" height=\"1024\" title=\"\"><figcaption class=\"wp-caption-text\">Cadeira de bra\u00e7o em couro e metal, influenciada pelo trabalho de Le Corbusier, apresentada na exposi\u00e7\u00e3o.<\/figcaption><\/figure>\n<p>Os designers s\u00e3o conhecidos por suas colabora\u00e7\u00f5es com produtores artesanais, e isso se reflete em cada pe\u00e7a criada. A <b>pesquisa<\/b> sobre materiais e processos de fabrica\u00e7\u00e3o \u00e9 evidente, especialmente na mesa de alum\u00ednio ajust\u00e1vel, que se adapta ao espa\u00e7o limitado da cozinha. Essa aten\u00e7\u00e3o aos detalhes n\u00e3o s\u00f3 demonstra a habilidade dos designers, mas tamb\u00e9m a <b>import\u00e2ncia<\/b> de respeitar as tradi\u00e7\u00f5es enquanto se inova.<\/p>\n<h3>Um Olhar para o Futuro<\/h3>\n<figure style=\"width: 1024px\" class=\"wp-caption aligncenter\"><img decoding=\"async\" src=\"https:\/\/www.aarquiteta.com.br\/blog\/wp-content\/uploads\/2024\/08\/appartement-50-cite-radieuse-marie-et-alexandre_dezeen_2364_col_10-852x1075.jpg\" alt=\"Mesa de escrit\u00f3rio de pl\u00e1stico transparente, mostrando a versatilidade e inova\u00e7\u00e3o da dupla.\" width=\"1024\" height=\"1024\" title=\"\"><figcaption class=\"wp-caption-text\">Mesa de escrit\u00f3rio de pl\u00e1stico transparente, mostrando a versatilidade e inova\u00e7\u00e3o da dupla.<\/figcaption><\/figure>\n<p>Marie e Alexandre n\u00e3o est\u00e3o apenas olhando para o passado; eles tamb\u00e9m est\u00e3o moldando o futuro do design. Durante uma resid\u00eancia na academia Lyc\u00e9e Jean Monnet, eles experimentaram novas t\u00e9cnicas, como a forja de metais, resultando em uma cadeira que \u00e9 tanto funcional quanto esteticamente agrad\u00e1vel. Essa abordagem <b>experimental<\/b> \u00e9 o que torna seu trabalho t\u00e3o relevante e emocionante.<\/p>\n<h3>Intera\u00e7\u00e3o com o P\u00fablico<\/h3>\n<figure style=\"width: 1024px\" class=\"wp-caption aligncenter\"><img decoding=\"async\" src=\"https:\/\/www.aarquiteta.com.br\/blog\/wp-content\/uploads\/2024\/08\/appartement-50-cite-radieuse-marie-et-alexandre_dezeen_2364_col_1-852x1277-801x1200.jpg\" alt=\"Estante formada por caixas de vidro empilhadas, com um design modular e criativo.\" width=\"1024\" height=\"1024\" title=\"\"><figcaption class=\"wp-caption-text\">Estante formada por caixas de vidro empilhadas, com um design modular e criativo.<\/figcaption><\/figure>\n<p>O espa\u00e7o foi aberto ao p\u00fablico, permitindo que visitantes experimentem a sensa\u00e7\u00e3o de estar em um apartamento habitado. Essa intera\u00e7\u00e3o \u00e9 fundamental, pois transforma a exposi\u00e7\u00e3o em uma <b>experi\u00eancia<\/b> sensorial. Os visitantes n\u00e3o apenas observam as pe\u00e7as, mas tamb\u00e9m se conectam com a hist\u00f3ria e a ess\u00eancia do lugar, criando uma mem\u00f3ria que perdura.<\/p>\n<h3>Um Legado em Evolu\u00e7\u00e3o<\/h3>\n<h3>Assista agora a minha recomenda\u00e7\u00e3o de video abaixo sobre o tema que estamos tratando neste artigo: <\/h3>\n<p>https:\/\/www.youtube.com\/watch?v=<\/p>\n<p>Marie e Alexandre s\u00e3o apenas os mais recentes de uma longa linha de designers que deixaram sua marca no apartamento N\u00b050. Com cada nova exposi\u00e7\u00e3o, o espa\u00e7o se transforma, evoluindo e se adaptando \u00e0s novas ideias e tend\u00eancias. Isso n\u00e3o s\u00f3 mant\u00e9m o legado de Le Corbusier vivo, mas tamb\u00e9m <b>enriquece<\/b> a narrativa do design contempor\u00e2neo.<\/p>\n<h2>Conclus\u00e3o<\/h2>\n<p>O trabalho de Marie Cornil e Alexandre Willaume no apartamento N\u00b050 \u00e9 um exemplo brilhante de como o design pode <b>unir passado e futuro<\/b>. Ao criar pe\u00e7as que respeitam a hist\u00f3ria enquanto abra\u00e7am a inova\u00e7\u00e3o, eles n\u00e3o apenas homenageiam Le Corbusier, mas tamb\u00e9m inspiram uma nova gera\u00e7\u00e3o de designers. A exposi\u00e7\u00e3o \u00e9 uma oportunidade imperd\u00edvel para todos que desejam entender a interse\u00e7\u00e3o entre design, hist\u00f3ria e criatividade.<\/p>\n<p>Para mais informa\u00e7\u00f5es sobre a exposi\u00e7\u00e3o e outros eventos de design, visite o site oficial da Cit\u00e9 Radieuse.<\/p>\n<p>Fonte: <a href=\"https:\/\/www.dezeen.com\/2024\/08\/12\/marie-et-alexandre-appartement-n50-le-corbusiers-cite-radieuse\/\" target=\"_blank\" rel=\"noopener\">Dezeen<\/a><\/p>\n<p>Muito obrigado por ler este artigo! Algumas  inspira\u00e7\u00f5es e fontes para a cria\u00e7\u00e3o deste artigo <a href=\"https:\/\/www.dezeen.com\/2024\/08\/12\/marie-et-alexandre-appartement-n50-le-corbusiers-cite-radieuse\/\" target=\"_blank\" rel=\"noopener\">voc\u00ea pode encontrar aqui.<\/a><\/p>\n","protected":false},"excerpt":{"rendered":"<p>Os designers franceses Marie Cornil e Alexandre Willaume transformaram um apartamento ic\u00f4nico em Marseille, trazendo \u00e0 vida um espa\u00e7o que reflete a ess\u00eancia do trabalho de Le Corbusier, com m\u00f3veis personalizados que contam hist\u00f3rias e evocam mem\u00f3rias. O Encontro de Design e Hist\u00f3ria Um Legado de Criatividade O apartamento N\u00b050, localizado na famosa Cit\u00e9 Radieuse, [&hellip;]<\/p>\n","protected":false},"author":102,"featured_media":125226,"comment_status":"closed","ping_status":"closed","sticky":false,"template":"","format":"standard","meta":{"footnotes":""},"categories":[144],"tags":[],"class_list":["post-125231","post","type-post","status-publish","format-standard","has-post-thumbnail","category-mundo-arquitetura"],"_wp_attached_file":null,"_wp_attachment_metadata":null,"_wp_attachment_context":null,"_wp_attachment_is_custom_header":null,"geo_longitude":null,"geo_public":null,"geo_latitude":null,"_publicize_done_external":null,"_wpas_done_3897181":null,"publicize_twitter_user":null,"_wpas_done_3897175":null,"_wpas_skip_3897181":null,"_wpas_skip_3897175":null,"_wpas_skip_3924723":null,"_wpas_mess":null,"_wpas_done_3924723":null,"wps_subtitle":"","_links":{"self":[{"href":"https:\/\/www.aarquiteta.com.br\/blog\/wp-json\/wp\/v2\/posts\/125231","targetHints":{"allow":["GET"]}}],"collection":[{"href":"https:\/\/www.aarquiteta.com.br\/blog\/wp-json\/wp\/v2\/posts"}],"about":[{"href":"https:\/\/www.aarquiteta.com.br\/blog\/wp-json\/wp\/v2\/types\/post"}],"author":[{"embeddable":true,"href":"https:\/\/www.aarquiteta.com.br\/blog\/wp-json\/wp\/v2\/users\/102"}],"replies":[{"embeddable":true,"href":"https:\/\/www.aarquiteta.com.br\/blog\/wp-json\/wp\/v2\/comments?post=125231"}],"version-history":[{"count":0,"href":"https:\/\/www.aarquiteta.com.br\/blog\/wp-json\/wp\/v2\/posts\/125231\/revisions"}],"wp:featuredmedia":[{"embeddable":true,"href":"https:\/\/www.aarquiteta.com.br\/blog\/wp-json\/wp\/v2\/media\/125226"}],"wp:attachment":[{"href":"https:\/\/www.aarquiteta.com.br\/blog\/wp-json\/wp\/v2\/media?parent=125231"}],"wp:term":[{"taxonomy":"category","embeddable":true,"href":"https:\/\/www.aarquiteta.com.br\/blog\/wp-json\/wp\/v2\/categories?post=125231"},{"taxonomy":"post_tag","embeddable":true,"href":"https:\/\/www.aarquiteta.com.br\/blog\/wp-json\/wp\/v2\/tags?post=125231"}],"curies":[{"name":"wp","href":"https:\/\/api.w.org\/{rel}","templated":true}]}}