{"id":124555,"date":"2024-08-10T22:19:36","date_gmt":"2024-08-11T01:19:36","guid":{"rendered":"https:\/\/www.aarquiteta.com.br\/blog\/co-adaptive-reforma-casa-queens-padroes-passive-house\/"},"modified":"2024-08-10T22:19:36","modified_gmt":"2024-08-11T01:19:36","slug":"co-adaptive-reforma-casa-queens-padroes-passive-house","status":"publish","type":"post","link":"https:\/\/www.aarquiteta.com.br\/blog\/co-adaptive-reforma-casa-queens-padroes-passive-house\/","title":{"rendered":"5 solu\u00e7\u00f5es criativas para reformar casas seguindo padr\u00f5es Passivhaus."},"content":{"rendered":"<p>O est\u00fadio CO Adaptive, localizado no Brooklyn, transformou uma casa em Queens, Nova York, em um exemplo de efici\u00eancia energ\u00e9tica, atendendo aos padr\u00f5es da Casa Passiva. A reforma cuidadosa priorizou a reutiliza\u00e7\u00e3o de materiais, resultando em um lar sustent\u00e1vel e moderno.<\/p>\n<h2>Pontos principais do artigo:<\/h2>\n<ul>\n<li><b>Reforma Sustent\u00e1vel:<\/b> A casa foi reformada com foco na efici\u00eancia energ\u00e9tica, utilizando t\u00e9cnicas de constru\u00e7\u00e3o que minimizam o desperd\u00edcio.<\/li>\n<li><b>Reutiliza\u00e7\u00e3o de Materiais:<\/b> Todos os materiais removidos foram separados e enviados para novos usos, evitando a demoli\u00e7\u00e3o desnecess\u00e1ria.<\/li>\n<li><b>Efici\u00eancia Energ\u00e9tica:<\/b> A casa agora \u00e9 totalmente eletrificada e possui um sistema de energia solar que cobre suas necessidades energ\u00e9ticas.<\/li>\n<li><b>Design Moderno:<\/b> A reforma incluiu janelas maiores e um layout otimizado, trazendo mais luz natural para os ambientes.<\/li>\n<li><b>Materiais Naturais:<\/b> O uso de materiais como gesso \u00e0 base de cal e madeira recuperada destaca a preocupa\u00e7\u00e3o com a sustentabilidade.<\/li>\n<li><b>Futuro da Constru\u00e7\u00e3o:<\/b> A CO Adaptive acredita que a constru\u00e7\u00e3o seguindo os padr\u00f5es da Casa Passiva \u00e9 o caminho para a resili\u00eancia urbana.<\/li>\n<\/ul>\n<h2>A Revolu\u00e7\u00e3o da Casa Passiva<\/h2>\n<p>Quando se fala em sustentabilidade, a <b>CO Adaptive<\/b> n\u00e3o est\u00e1 apenas seguindo uma tend\u00eancia; eles est\u00e3o moldando o futuro da constru\u00e7\u00e3o. A reforma de uma casa de tijolos de 1945 em Queens \u00e9 um exemplo brilhante de como a efici\u00eancia energ\u00e9tica pode ser alcan\u00e7ada sem comprometer o estilo ou a funcionalidade. A equipe de arquitetos e engenheiros trabalhou em conjunto para garantir que cada aspecto da casa n\u00e3o apenas atendesse aos padr\u00f5es da Casa Passiva, mas tamb\u00e9m fosse um reflexo do compromisso com o meio ambiente.<\/p>\n<h3>Um Olhar Detalhado na Reforma<\/h3>\n<p>A reforma foi marcada por um processo de <b>deconstru\u00e7\u00e3o<\/b> meticuloso. Em vez de simplesmente demolir, a equipe separou os materiais removidos por tipo, garantindo que cada pe\u00e7a tivesse um novo prop\u00f3sito. Essa abordagem n\u00e3o s\u00f3 reduz o desperd\u00edcio, mas tamb\u00e9m promove uma economia circular, onde os materiais s\u00e3o reutilizados em vez de descartados. A CO Adaptive acredita que essa \u00e9 a chave para um futuro mais sustent\u00e1vel nas cidades.<\/p>\n<h3>Efici\u00eancia Energ\u00e9tica em Primeiro Lugar<\/h3>\n<figure style=\"width: 1024px\" class=\"wp-caption aligncenter\"><img decoding=\"async\" src=\"https:\/\/www.aarquiteta.com.br\/blog\/wp-content\/uploads\/2024\/08\/tiny-queens-passive-house-_co-adaptive_dezeen_hero1-1200x675.jpg\" alt=\"5 solu\u00e7\u00f5es criativas para reformar casas seguindo padr\u00f5es Passivhaus.\" width=\"1024\" height=\"1024\" title=\"\"><figcaption class=\"wp-caption-text\">Source: <a href=\"https:\/\/www.dezeen.com\/2024\/08\/03\/co-adaptive-tiny-queens-passive-house-renovation\/\" target=\"_blank\" rel=\"noopener\"><\/a><\/figcaption><\/figure>\n<p>O que realmente se destaca na reforma \u00e9 a transforma\u00e7\u00e3o da casa em um espa\u00e7o <b>net positive<\/b>, ou seja, que gera mais energia do que consome. Com a instala\u00e7\u00e3o de um <b>canopy solar<\/b> no telhado, a casa agora \u00e9 capaz de atender a todas as suas necessidades energ\u00e9ticas, desde o aquecimento de \u00e1gua at\u00e9 o carregamento de ve\u00edculos el\u00e9tricos. Essa mudan\u00e7a n\u00e3o s\u00f3 reduz a conta de energia, mas tamb\u00e9m diminui a pegada de carbono da resid\u00eancia.<\/p>\n<h3>Um Design que Brilha<\/h3>\n<figure style=\"width: 1024px\" class=\"wp-caption aligncenter\"><img decoding=\"async\" src=\"https:\/\/www.aarquiteta.com.br\/blog\/wp-content\/uploads\/2024\/08\/tiny-queens-passive-house-_co-adaptive_dezeen_2364_col_13-852x1084.jpg\" alt=\"Interior da casa reformada, mostrando o piso removido para instala\u00e7\u00e3o de uma membrana.\" width=\"1024\" height=\"1024\" title=\"\"><figcaption class=\"wp-caption-text\">Interior da casa reformada, mostrando o piso removido para instala\u00e7\u00e3o de uma membrana.<\/figcaption><\/figure>\n<p>Al\u00e9m da efici\u00eancia, a est\u00e9tica da casa foi cuidadosamente considerada. Janelas maiores foram instaladas para maximizar a luz natural, criando um ambiente acolhedor e convidativo. O novo deck nos fundos da casa oferece um espa\u00e7o perfeito para relaxar e aproveitar o ar livre. A escolha de <b>materiais naturais<\/b>, como o piso de carvalho recuperado e o gesso \u00e0 base de cal, n\u00e3o s\u00f3 contribui para a sustentabilidade, mas tamb\u00e9m adiciona um toque de eleg\u00e2ncia ao design.<\/p>\n<h3>O Papel da Tecnologia<\/h3>\n<figure style=\"width: 1024px\" class=\"wp-caption aligncenter\"><img decoding=\"async\" src=\"https:\/\/www.aarquiteta.com.br\/blog\/wp-content\/uploads\/2024\/08\/tiny-queens-passive-house-_co-adaptive_dezeen_2364_col_12-852x1084.jpg\" alt=\"Bancada e backsplash da cozinha feitos de porcelanato azul com speckles coloridas.\" width=\"1024\" height=\"1024\" title=\"\"><figcaption class=\"wp-caption-text\">Bancada e backsplash da cozinha feitos de porcelanato azul com speckles coloridas.<\/figcaption><\/figure>\n<p>A tecnologia desempenha um papel crucial na efici\u00eancia da casa. O sistema de ventila\u00e7\u00e3o de recupera\u00e7\u00e3o de energia substitui as antigas unidades de ar condicionado, controlando a umidade interna e melhorando a qualidade do ar. Essa inova\u00e7\u00e3o \u00e9 um exemplo de como a tecnologia pode ser utilizada para criar ambientes mais saud\u00e1veis e confort\u00e1veis, sem sacrificar a efici\u00eancia energ\u00e9tica.<\/p>\n<h3>Um Futuro Brilhante para a Constru\u00e7\u00e3o<\/h3>\n<figure style=\"width: 1024px\" class=\"wp-caption aligncenter\"><img decoding=\"async\" src=\"https:\/\/www.aarquiteta.com.br\/blog\/wp-content\/uploads\/2024\/08\/tiny-queens-passive-house-_co-adaptive_dezeen_2364_col_16-852x1084.jpg\" alt=\"Porta de vidro com moldura azul brilhante que se abre para um interior.\" width=\"1024\" height=\"1024\" title=\"\"><figcaption class=\"wp-caption-text\">Porta de vidro com moldura azul brilhante que se abre para um interior.<\/figcaption><\/figure>\n<p>Ruth Mandl, co-principal da CO Adaptive, expressa a vis\u00e3o da empresa: &#8220;Acreditamos que construir seguindo os padr\u00f5es da Casa Passiva \u00e9 o futuro para garantir a resili\u00eancia de nossas cidades.&#8221; Essa declara\u00e7\u00e3o ressoa com a crescente necessidade de solu\u00e7\u00f5es habitacionais que n\u00e3o apenas atendam \u00e0s necessidades atuais, mas que tamb\u00e9m sejam sustent\u00e1veis a longo prazo. A CO Adaptive est\u00e1 na vanguarda dessa mudan\u00e7a, mostrando que \u00e9 poss\u00edvel unir design, funcionalidade e responsabilidade ambiental.<\/p>\n<h2>Conclus\u00e3o<\/h2>\n<p>O projeto da CO Adaptive em Queens \u00e9 mais do que uma simples reforma; \u00e9 um <b>exemplo inspirador<\/b> de como a constru\u00e7\u00e3o sustent\u00e1vel pode ser realizada de maneira eficaz e est\u00e9tica. Ao priorizar a reutiliza\u00e7\u00e3o de materiais e a efici\u00eancia energ\u00e9tica, a equipe n\u00e3o apenas transformou uma casa antiga, mas tamb\u00e9m lan\u00e7ou as bases para um futuro mais verde e sustent\u00e1vel. Com iniciativas como essa, a esperan\u00e7a \u00e9 que mais projetos sigam o mesmo caminho, contribuindo para cidades mais resilientes e habit\u00e1veis.<\/p>\n<h3>Assista agora a minha recomenda\u00e7\u00e3o de video abaixo sobre o tema que estamos tratando neste artigo: <\/h3>\n<p><div class=\"youtube-embed\" data-video_id=\"wN34zF7e4J8\"><iframe title=\"Retrofitting to Passive House standards\" width=\"696\" height=\"392\" src=\"https:\/\/www.youtube.com\/embed\/wN34zF7e4J8?feature=oembed&#038;enablejsapi=1\" frameborder=\"0\" allow=\"accelerometer; autoplay; clipboard-write; encrypted-media; gyroscope; picture-in-picture; web-share\" referrerpolicy=\"strict-origin-when-cross-origin\" allowfullscreen><\/iframe><\/div>\n<\/p>\n<p>Muito obrigado por ler este artigo! Algumas  inspira\u00e7\u00f5es e fontes para a cria\u00e7\u00e3o deste artigo <a href=\"https:\/\/www.dezeen.com\/2024\/08\/03\/co-adaptive-tiny-queens-passive-house-renovation\/\" target=\"_blank\" rel=\"noopener\">voc\u00ea pode encontrar aqui.<\/a><\/p>\n","protected":false},"excerpt":{"rendered":"<p>O est\u00fadio CO Adaptive, localizado no Brooklyn, transformou uma casa em Queens, Nova York, em um exemplo de efici\u00eancia energ\u00e9tica, atendendo aos padr\u00f5es da Casa Passiva. A reforma cuidadosa priorizou a reutiliza\u00e7\u00e3o de materiais, resultando em um lar sustent\u00e1vel e moderno. Pontos principais do artigo: Reforma Sustent\u00e1vel: A casa foi reformada com foco na efici\u00eancia [&hellip;]<\/p>\n","protected":false},"author":102,"featured_media":124551,"comment_status":"closed","ping_status":"closed","sticky":false,"template":"","format":"standard","meta":{"footnotes":""},"categories":[144],"tags":[],"class_list":["post-124555","post","type-post","status-publish","format-standard","has-post-thumbnail","category-mundo-arquitetura"],"_wp_attached_file":null,"_wp_attachment_metadata":null,"_wp_attachment_context":null,"_wp_attachment_is_custom_header":null,"geo_longitude":null,"geo_public":null,"geo_latitude":null,"_publicize_done_external":null,"_wpas_done_3897181":null,"publicize_twitter_user":null,"_wpas_done_3897175":null,"_wpas_skip_3897181":null,"_wpas_skip_3897175":null,"_wpas_skip_3924723":null,"_wpas_mess":null,"_wpas_done_3924723":null,"wps_subtitle":"","_links":{"self":[{"href":"https:\/\/www.aarquiteta.com.br\/blog\/wp-json\/wp\/v2\/posts\/124555","targetHints":{"allow":["GET"]}}],"collection":[{"href":"https:\/\/www.aarquiteta.com.br\/blog\/wp-json\/wp\/v2\/posts"}],"about":[{"href":"https:\/\/www.aarquiteta.com.br\/blog\/wp-json\/wp\/v2\/types\/post"}],"author":[{"embeddable":true,"href":"https:\/\/www.aarquiteta.com.br\/blog\/wp-json\/wp\/v2\/users\/102"}],"replies":[{"embeddable":true,"href":"https:\/\/www.aarquiteta.com.br\/blog\/wp-json\/wp\/v2\/comments?post=124555"}],"version-history":[{"count":0,"href":"https:\/\/www.aarquiteta.com.br\/blog\/wp-json\/wp\/v2\/posts\/124555\/revisions"}],"wp:featuredmedia":[{"embeddable":true,"href":"https:\/\/www.aarquiteta.com.br\/blog\/wp-json\/wp\/v2\/media\/124551"}],"wp:attachment":[{"href":"https:\/\/www.aarquiteta.com.br\/blog\/wp-json\/wp\/v2\/media?parent=124555"}],"wp:term":[{"taxonomy":"category","embeddable":true,"href":"https:\/\/www.aarquiteta.com.br\/blog\/wp-json\/wp\/v2\/categories?post=124555"},{"taxonomy":"post_tag","embeddable":true,"href":"https:\/\/www.aarquiteta.com.br\/blog\/wp-json\/wp\/v2\/tags?post=124555"}],"curies":[{"name":"wp","href":"https:\/\/api.w.org\/{rel}","templated":true}]}}