{"id":124508,"date":"2024-08-10T14:37:35","date_gmt":"2024-08-10T17:37:35","guid":{"rendered":"https:\/\/www.aarquiteta.com.br\/blog\/mansao-de-madeira-casa-pedro-barros-florianopolis\/"},"modified":"2024-08-10T14:37:35","modified_gmt":"2024-08-10T17:37:35","slug":"mansao-de-madeira-casa-pedro-barros-florianopolis","status":"publish","type":"post","link":"https:\/\/www.aarquiteta.com.br\/blog\/mansao-de-madeira-casa-pedro-barros-florianopolis\/","title":{"rendered":"5 raz\u00f5es para conhecer a incr\u00edvel mans\u00e3o de madeira de Pedro Barros."},"content":{"rendered":"<p>Pedro Barros, skatista de renome, vive em uma mans\u00e3o de madeira em Florian\u00f3polis, cercada pela exuberante Mata Atl\u00e2ntica. A casa, que se camufla na paisagem, \u00e9 um verdadeiro ref\u00fagio para os amantes da natureza e do skate, refletindo a paix\u00e3o do atleta pelo esporte e pela sua terra natal.<\/p>\n<h2>Um Ref\u00fagio Natural em Florian\u00f3polis<\/h2>\n<h3>Localiza\u00e7\u00e3o Estrat\u00e9gica<\/h3>\n<p>A mans\u00e3o de <b>Pedro Barros<\/b> est\u00e1 situada em um morro do Rio Tavares, em Florian\u00f3polis, onde a natureza se faz presente em cada canto. A localiza\u00e7\u00e3o \u00e9 perfeita, pois fica pr\u00f3xima das famosas praias do Campeche e da Joaquina, atraindo surfistas e skatistas que buscam aventura. O arquiteto Fernando Peixe, respons\u00e1vel pelo projeto, destaca que a casa \u00e9 t\u00e3o bem integrada \u00e0 natureza que nem mesmo o sinal de celular chega at\u00e9 l\u00e1. \u00c9 como se a casa quisesse manter seus moradores longe da agita\u00e7\u00e3o do mundo exterior.<\/p>\n<h3>Uma Casa que Respira Skate<\/h3>\n<figure style=\"width: 1024px\" class=\"wp-caption aligncenter\"><img decoding=\"async\" src=\"https:\/\/www.aarquiteta.com.br\/blog\/wp-content\/uploads\/2024\/08\/casa-pedro-barros-1200x601.jpg\" alt=\"5 raz\u00f5es para conhecer a incr\u00edvel mans\u00e3o de madeira de Pedro Barros.\" width=\"1024\" height=\"1024\" title=\"\"><figcaption class=\"wp-caption-text\">Source: <a href=\"https:\/\/ndmais.com.br\/arquitetura-e-decoracao\/mansao-de-madeira-conheca-a-casa-do-skatista-pedro-barros-cravada-na-mata-em-florianopolis\/\" target=\"_blank\" rel=\"noopener\">NDMAIS<\/a><\/figcaption><\/figure>\n<p>O skatista n\u00e3o apenas vive em sua mans\u00e3o, mas tamb\u00e9m a transformou em um <b>centro de esportes<\/b>. Com um skate park no quintal, Pedro criou um espa\u00e7o que incentiva a pr\u00e1tica do esporte em Florian\u00f3polis. O bowl, que se assemelha a uma piscina gigante sem \u00e1gua, e o halfpipe, tradicional pista em forma de \u201cU\u201d, s\u00e3o os principais atrativos. Essa estrutura n\u00e3o s\u00f3 serve para treinos, mas tamb\u00e9m para competi\u00e7\u00f5es, como a Red Bull Skate Generation, que aconteceu em 2021, onde mulheres competiram pela primeira vez.<\/p>\n<h3>Uma Fam\u00edlia de Pioneiros<\/h3>\n<p>Pedro Barros \u00e9 parte de uma <b>fam\u00edlia que sempre esteve \u00e0 frente<\/b> no mundo do skate em Florian\u00f3polis. Seu pai, Andr\u00e9 Barros, e seus amigos, Rafael Bandarra e L\u00e9o Kakinho, foram os respons\u00e1veis por transformar a regi\u00e3o em um polo do skate, comprando terrenos na d\u00e9cada de 90 e construindo bowls para atrair skatistas. Desde pequeno, Pedro foi ensinado a andar de skate, e essa paix\u00e3o se tornou parte de sua identidade.<\/p>\n<h3>Contribui\u00e7\u00f5es para a Comunidade<\/h3>\n<h3>Assista agora a minha recomenda\u00e7\u00e3o de video abaixo sobre o tema que estamos tratando neste artigo: <\/h3>\n<p><iframe title=\"YouTube video player\" src=\"https:\/\/www.youtube.com\/embed\/OOVoA9ueuN0?si=Njbyr7kfOJaDmLLw\" width=\"560\" height=\"315\" frameborder=\"0\" allowfullscreen=\"allowfullscreen\"><\/iframe><\/p>\n<p>Al\u00e9m de ser um atleta de destaque, Pedro Barros tamb\u00e9m se preocupa com a comunidade. Em 2012, ele e sua fam\u00edlia fundaram a <b>Layback Beer<\/b>, uma marca de cerveja artesanal que se tornou um espa\u00e7o de conviv\u00eancia, com bar, comida e, claro, uma pista de skate. Esse local se tornou um ponto de encontro para jovens, promovendo o contato com o esporte e a cultura do skate.<\/p>\n<h3>Reconhecimento e Homenagens<\/h3>\n<p>As conquistas de Pedro Barros n\u00e3o passaram despercebidas. Em 2024, sua trajet\u00f3ria foi homenageada pela <b>Uni\u00e3o da Ilha da Magia<\/b>, uma tradicional escola de samba de Florian\u00f3polis, que fez do skatista o enredo do seu Carnaval. Em cima de um trio el\u00e9trico, Pedro conquistou o t\u00edtulo de campe\u00e3o do Carnaval, um reconhecimento que vai al\u00e9m do esporte, celebrando sua influ\u00eancia na cultura local.<\/p>\n<h3>Desafios nas Olimp\u00edadas<\/h3>\n<p>Recentemente, Pedro Barros participou das Olimp\u00edadas de Paris 2024, onde ficou em 4\u00ba lugar na final do skate park masculino. Apesar de n\u00e3o ter trazido uma medalha para casa, sua participa\u00e7\u00e3o foi motivo de orgulho para muitos. Seu pai, Andr\u00e9 Barros, expressou a <b>decep\u00e7\u00e3o<\/b> com a falta de op\u00e7\u00f5es de alimenta\u00e7\u00e3o de qualidade durante o evento, mas destacou a import\u00e2ncia da experi\u00eancia para o crescimento do filho como atleta.<\/p>\n<h2>Conclus\u00e3o<\/h2>\n<p>A mans\u00e3o de madeira de Pedro Barros em Florian\u00f3polis \u00e9 mais do que uma casa; \u00e9 um s\u00edmbolo de sua paix\u00e3o pelo skate e pela natureza. Com um skate park em seu quintal e uma fam\u00edlia que sempre apoiou o esporte, Pedro se tornou uma refer\u00eancia n\u00e3o apenas no Brasil, mas tamb\u00e9m no mundo do skate. Sua hist\u00f3ria \u00e9 um lembrete de que, com dedica\u00e7\u00e3o e amor pelo que se faz, \u00e9 poss\u00edvel transformar sonhos em realidade.<\/p>\n<p>Pedro Barros continua a inspirar jovens skatistas e a promover o esporte em sua comunidade, mostrando que a verdadeira vit\u00f3ria vai al\u00e9m das medalhas e trof\u00e9us.<\/p>\n","protected":false},"excerpt":{"rendered":"<p>Pedro Barros, skatista de renome, vive em uma mans\u00e3o de madeira em Florian\u00f3polis, cercada pela exuberante Mata Atl\u00e2ntica. A casa, que se camufla na paisagem, \u00e9 um verdadeiro ref\u00fagio para os amantes da natureza e do skate, refletindo a paix\u00e3o do atleta pelo esporte e pela sua terra natal. Um Ref\u00fagio Natural em Florian\u00f3polis Localiza\u00e7\u00e3o [&hellip;]<\/p>\n","protected":false},"author":102,"featured_media":124507,"comment_status":"closed","ping_status":"closed","sticky":false,"template":"","format":"standard","meta":{"footnotes":""},"categories":[249,19127],"tags":[],"class_list":["post-124508","post","type-post","status-publish","format-standard","has-post-thumbnail","category-engenharia-e-construcao-civil","category-reforma-e-manutencao"],"_wp_attached_file":null,"_wp_attachment_metadata":null,"_wp_attachment_context":null,"_wp_attachment_is_custom_header":null,"geo_longitude":null,"geo_public":null,"geo_latitude":null,"_publicize_done_external":null,"_wpas_done_3897181":null,"publicize_twitter_user":null,"_wpas_done_3897175":null,"_wpas_skip_3897181":null,"_wpas_skip_3897175":null,"_wpas_skip_3924723":null,"_wpas_mess":null,"_wpas_done_3924723":null,"wps_subtitle":"","_links":{"self":[{"href":"https:\/\/www.aarquiteta.com.br\/blog\/wp-json\/wp\/v2\/posts\/124508","targetHints":{"allow":["GET"]}}],"collection":[{"href":"https:\/\/www.aarquiteta.com.br\/blog\/wp-json\/wp\/v2\/posts"}],"about":[{"href":"https:\/\/www.aarquiteta.com.br\/blog\/wp-json\/wp\/v2\/types\/post"}],"author":[{"embeddable":true,"href":"https:\/\/www.aarquiteta.com.br\/blog\/wp-json\/wp\/v2\/users\/102"}],"replies":[{"embeddable":true,"href":"https:\/\/www.aarquiteta.com.br\/blog\/wp-json\/wp\/v2\/comments?post=124508"}],"version-history":[{"count":0,"href":"https:\/\/www.aarquiteta.com.br\/blog\/wp-json\/wp\/v2\/posts\/124508\/revisions"}],"wp:featuredmedia":[{"embeddable":true,"href":"https:\/\/www.aarquiteta.com.br\/blog\/wp-json\/wp\/v2\/media\/124507"}],"wp:attachment":[{"href":"https:\/\/www.aarquiteta.com.br\/blog\/wp-json\/wp\/v2\/media?parent=124508"}],"wp:term":[{"taxonomy":"category","embeddable":true,"href":"https:\/\/www.aarquiteta.com.br\/blog\/wp-json\/wp\/v2\/categories?post=124508"},{"taxonomy":"post_tag","embeddable":true,"href":"https:\/\/www.aarquiteta.com.br\/blog\/wp-json\/wp\/v2\/tags?post=124508"}],"curies":[{"name":"wp","href":"https:\/\/api.w.org\/{rel}","templated":true}]}}