{"id":124392,"date":"2024-08-09T18:18:14","date_gmt":"2024-08-09T21:18:14","guid":{"rendered":"https:\/\/www.aarquiteta.com.br\/blog\/eames-institute-renova-edificio-industrial-anos-90\/"},"modified":"2024-08-09T18:18:14","modified_gmt":"2024-08-09T21:18:14","slug":"eames-institute-renova-edificio-industrial-anos-90","status":"publish","type":"post","link":"https:\/\/www.aarquiteta.com.br\/blog\/eames-institute-renova-edificio-industrial-anos-90\/","title":{"rendered":"5 solu\u00e7\u00f5es criativas para a renova\u00e7\u00e3o do Eames Institute."},"content":{"rendered":"<p>O Eames Institute of Infinite Curiosity, localizado na Calif\u00f3rnia, passou por uma reforma significativa em um edif\u00edcio industrial, transformando-o na sede da organiza\u00e7\u00e3o e em um arquivo com 40.000 objetos. Este espa\u00e7o n\u00e3o s\u00f3 preserva o legado de Ray e Charles Eames, mas tamb\u00e9m oferece um ambiente de trabalho inovador e colaborativo.<\/p>\n<h2>Transforma\u00e7\u00e3o do Espa\u00e7o<\/h2>\n<h3>Um Novo Olhar para o Antigo<\/h3>\n<p>O edif\u00edcio, que antes abrigava escrit\u00f3rios privados desatualizados, agora brilha com uma nova vida. A equipe de design do Eames Institute reconheceu o <b>valor intr\u00ednseco<\/b> do projeto original de Jim Jennings, que data de 1997. Com um corpo em forma de dente de serra e um lobby de vidro, o espa\u00e7o foi reimaginado para se adequar \u00e0s necessidades contempor\u00e2neas, mantendo sua ess\u00eancia arquitet\u00f4nica.<\/p>\n<h3>Espa\u00e7os que Inspiram<\/h3>\n<figure style=\"width: 1024px\" class=\"wp-caption aligncenter\"><img decoding=\"async\" src=\"https:\/\/www.aarquiteta.com.br\/blog\/wp-content\/uploads\/2024\/08\/eames-institute-jim-jennings-california_dezeen_2364_hero-1200x675.jpg\" alt=\"5 solu\u00e7\u00f5es criativas para a renova\u00e7\u00e3o do Eames Institute.\" width=\"1024\" height=\"1024\" title=\"\"><figcaption class=\"wp-caption-text\">Source: <a href=\"https:\/\/www.dezeen.com\/2024\/08\/01\/eames-institute-headquarters-archive-california\/\" target=\"_blank\" rel=\"noopener\"><\/a><\/figcaption><\/figure>\n<p>O novo layout do escrit\u00f3rio \u00e9 um verdadeiro <b>reflexo da criatividade<\/b> que os Eames sempre representaram. Com 2.755 p\u00e9s quadrados no primeiro andar e 4.793 no segundo, o espa\u00e7o foi projetado para promover a colabora\u00e7\u00e3o e a inova\u00e7\u00e3o. Diferentes arranjos de assentos, como \u00e1reas de lounge e um bar de madeira, foram incorporados para atender a diversas din\u00e2micas de trabalho.<\/p>\n<h3>Um Arquivo de Tesouros<\/h3>\n<figure style=\"width: 1024px\" class=\"wp-caption aligncenter\"><img decoding=\"async\" src=\"https:\/\/www.aarquiteta.com.br\/blog\/wp-content\/uploads\/2024\/08\/eames-institute-jim-jennings-california_dezeen_2364_col_12-852x639.jpg\" alt=\"Sof\u00e1 laranja na sede do Eames Institute, mostrando um ambiente colorido e acolhedor, projetado com m\u00f3veis vintage.\" width=\"1024\" height=\"1024\" title=\"\"><figcaption class=\"wp-caption-text\">Sof\u00e1 laranja na sede do Eames Institute, mostrando um ambiente colorido e acolhedor, projetado com m\u00f3veis vintage.<\/figcaption><\/figure>\n<p>O arquivo do Eames Institute \u00e9 um verdadeiro <b>ba\u00fa de tesouros<\/b>, contendo dezenas de milhares de artefatos, desde m\u00f3veis ic\u00f4nicos at\u00e9 objetos de design. Organizados em prateleiras, esses itens n\u00e3o s\u00e3o apenas rel\u00edquias, mas tamb\u00e9m fontes de inspira\u00e7\u00e3o para futuras gera\u00e7\u00f5es de designers. A abertura deste arquivo coincide com a reforma do espa\u00e7o, simbolizando a uni\u00e3o entre passado e futuro.<\/p>\n<h2>Design e Funcionalidade<\/h2>\n<h3>Um Estilo que Fala por Si<\/h3>\n<figure style=\"width: 1024px\" class=\"wp-caption aligncenter\"><img decoding=\"async\" src=\"https:\/\/www.aarquiteta.com.br\/blog\/wp-content\/uploads\/2024\/08\/eames-institute-jim-jennings-california_dezeen_2364_col_20-852x639.jpg\" alt=\"Imagem que destaca os escrit\u00f3rios na sede do Eames Institute, com estrutura exposta e um interior vibrante, repleto de m\u00f3veis de design.\" width=\"1024\" height=\"1024\" title=\"\"><figcaption class=\"wp-caption-text\">Imagem que destaca os escrit\u00f3rios na sede do Eames Institute, com estrutura exposta e um interior vibrante, repleto de m\u00f3veis de design.<\/figcaption><\/figure>\n<p>O interior do novo espa\u00e7o \u00e9 uma ode ao design, com uma paleta de cores prim\u00e1rias que remete ao trabalho dos Eames. <b>M\u00f3veis vintage<\/b>, ilumina\u00e7\u00e3o de Isamu Noguchi e t\u00eaxteis de Alexander Girard se misturam para criar um ambiente que \u00e9 ao mesmo tempo funcional e esteticamente agrad\u00e1vel. Cada elemento foi escolhido para contar uma hist\u00f3ria, refletindo a rica heran\u00e7a da dupla de designers.<\/p>\n<h3>Um Espa\u00e7o para Todos<\/h3>\n<figure style=\"width: 1024px\" class=\"wp-caption aligncenter\"><img decoding=\"async\" src=\"https:\/\/www.aarquiteta.com.br\/blog\/wp-content\/uploads\/2024\/08\/eames-institute-jim-jennings-california_dezeen_2364_col_8-852x639.jpg\" alt=\"Nook pequeno no escrit\u00f3rio, oferecendo um ambiente \u00edntimo e inspirador para trabalho e criatividade.\" width=\"1024\" height=\"1024\" title=\"\"><figcaption class=\"wp-caption-text\">Nook pequeno no escrit\u00f3rio, oferecendo um ambiente \u00edntimo e inspirador para trabalho e criatividade.<\/figcaption><\/figure>\n<p>O Eames Institute n\u00e3o \u00e9 apenas um local de trabalho; \u00e9 um espa\u00e7o que promove a <b>diversidade de ideias<\/b> e a colabora\u00e7\u00e3o. Com \u00e1reas projetadas para tarefas individuais e atividades em grupo, o ambiente \u00e9 flex\u00edvel e adapt\u00e1vel. A equipe de design se esfor\u00e7ou para criar um espa\u00e7o que n\u00e3o apenas atenda \u00e0s necessidades funcionais, mas que tamb\u00e9m inspire a criatividade e a inova\u00e7\u00e3o.<\/p>\n<h3>Iniciativas Sustent\u00e1veis<\/h3>\n<p>Al\u00e9m de preservar o legado dos Eames, o instituto tamb\u00e9m se dedica \u00e0 <b>sustentabilidade<\/b>. O Eames Ranch, uma propriedade em Sonoma County, est\u00e1 sendo renovado para promover a restaura\u00e7\u00e3o de habitats e pr\u00e1ticas agr\u00edcolas sustent\u00e1veis. Essa iniciativa demonstra o compromisso da organiza\u00e7\u00e3o com a preserva\u00e7\u00e3o do meio ambiente, alinhando-se aos valores dos Eames.<\/p>\n<h2>Conclus\u00e3o<\/h2>\n<p>O Eames Institute of Infinite Curiosity \u00e9 mais do que um espa\u00e7o de trabalho; \u00e9 um <b>centro de inova\u00e7\u00e3o<\/b> que honra o legado de Ray e Charles Eames enquanto olha para o futuro. Com um design que inspira e um compromisso com a sustentabilidade, o instituto se posiciona como um farol de criatividade e colabora\u00e7\u00e3o no mundo do design. Ao abrir suas portas, ele convida todos a explorar e se inspirar na rica tape\u00e7aria do design que os Eames ajudaram a tecer.<\/p>\n<p>Muito obrigado por ler este artigo! Algumas  inspira\u00e7\u00f5es e fontes para a cria\u00e7\u00e3o deste artigo <a href=\"https:\/\/www.dezeen.com\/2024\/08\/01\/eames-institute-headquarters-archive-california\/\" target=\"_blank\" rel=\"noopener\">voc\u00ea pode encontrar aqui.<\/a><\/p>\n","protected":false},"excerpt":{"rendered":"<p>O Eames Institute of Infinite Curiosity, localizado na Calif\u00f3rnia, passou por uma reforma significativa em um edif\u00edcio industrial, transformando-o na sede da organiza\u00e7\u00e3o e em um arquivo com 40.000 objetos. Este espa\u00e7o n\u00e3o s\u00f3 preserva o legado de Ray e Charles Eames, mas tamb\u00e9m oferece um ambiente de trabalho inovador e colaborativo. Transforma\u00e7\u00e3o do Espa\u00e7o [&hellip;]<\/p>\n","protected":false},"author":102,"featured_media":124388,"comment_status":"closed","ping_status":"closed","sticky":false,"template":"","format":"standard","meta":{"footnotes":""},"categories":[144],"tags":[],"class_list":["post-124392","post","type-post","status-publish","format-standard","has-post-thumbnail","category-mundo-arquitetura"],"_wp_attached_file":null,"_wp_attachment_metadata":null,"_wp_attachment_context":null,"_wp_attachment_is_custom_header":null,"geo_longitude":null,"geo_public":null,"geo_latitude":null,"_publicize_done_external":null,"_wpas_done_3897181":null,"publicize_twitter_user":null,"_wpas_done_3897175":null,"_wpas_skip_3897181":null,"_wpas_skip_3897175":null,"_wpas_skip_3924723":null,"_wpas_mess":null,"_wpas_done_3924723":null,"wps_subtitle":"","_links":{"self":[{"href":"https:\/\/www.aarquiteta.com.br\/blog\/wp-json\/wp\/v2\/posts\/124392","targetHints":{"allow":["GET"]}}],"collection":[{"href":"https:\/\/www.aarquiteta.com.br\/blog\/wp-json\/wp\/v2\/posts"}],"about":[{"href":"https:\/\/www.aarquiteta.com.br\/blog\/wp-json\/wp\/v2\/types\/post"}],"author":[{"embeddable":true,"href":"https:\/\/www.aarquiteta.com.br\/blog\/wp-json\/wp\/v2\/users\/102"}],"replies":[{"embeddable":true,"href":"https:\/\/www.aarquiteta.com.br\/blog\/wp-json\/wp\/v2\/comments?post=124392"}],"version-history":[{"count":0,"href":"https:\/\/www.aarquiteta.com.br\/blog\/wp-json\/wp\/v2\/posts\/124392\/revisions"}],"wp:featuredmedia":[{"embeddable":true,"href":"https:\/\/www.aarquiteta.com.br\/blog\/wp-json\/wp\/v2\/media\/124388"}],"wp:attachment":[{"href":"https:\/\/www.aarquiteta.com.br\/blog\/wp-json\/wp\/v2\/media?parent=124392"}],"wp:term":[{"taxonomy":"category","embeddable":true,"href":"https:\/\/www.aarquiteta.com.br\/blog\/wp-json\/wp\/v2\/categories?post=124392"},{"taxonomy":"post_tag","embeddable":true,"href":"https:\/\/www.aarquiteta.com.br\/blog\/wp-json\/wp\/v2\/tags?post=124392"}],"curies":[{"name":"wp","href":"https:\/\/api.w.org\/{rel}","templated":true}]}}