{"id":124203,"date":"2024-08-09T08:14:15","date_gmt":"2024-08-09T11:14:15","guid":{"rendered":"https:\/\/www.aarquiteta.com.br\/blog\/5-dicas-para-escolher-sofa-retratil-e-modelos-inspiradores\/"},"modified":"2024-08-09T08:14:15","modified_gmt":"2024-08-09T11:14:15","slug":"5-dicas-para-escolher-sofa-retratil-e-modelos-inspiradores","status":"publish","type":"post","link":"https:\/\/www.aarquiteta.com.br\/blog\/5-dicas-para-escolher-sofa-retratil-e-modelos-inspiradores\/","title":{"rendered":"5 Dicas para Escolher Sof\u00e1 Retr\u00e1til e Modelos Inspiradores"},"content":{"rendered":"<p>Escolher o sof\u00e1 retr\u00e1til ideal pode parecer uma tarefa intimidante, mas n\u00e3o se preocupe, estou aqui para ajud\u00e1-lo! Como arquiteto experiente, posso dizer que este tipo de m\u00f3vel \u00e9 uma \u00f3tima op\u00e7\u00e3o para quem busca funcionalidade e conforto em um \u00fanico lugar. Vamos mergulhar neste mundo e descobrir como voc\u00ea pode encontrar o sof\u00e1 perfeito para a sua casa.<\/p>\n<p><b>Pontos principais:<\/b><\/p>\n<ul>\n<li>Entenda os benef\u00edcios de ter um sof\u00e1 retr\u00e1til e porque ele pode ser a escolha ideal para voc\u00ea.<\/li>\n<li>Aprenda os fatores-chave a considerar na hora de comprar um sof\u00e1 retr\u00e1til, como preenchimento, estrutura, revestimento e combina\u00e7\u00e3o de cores.<\/li>\n<li>Descubra dicas valiosas para garantir que o seu novo sof\u00e1 seja dur\u00e1vel e confort\u00e1vel por muito tempo.<\/li>\n<\/ul>\n<h2>Por que escolher um sof\u00e1 retr\u00e1til?<\/h2>\n<p>Olha, eu sei que a vida moderna pode ser um verdadeiro desafio quando se trata de espa\u00e7o. Mas calma, o sof\u00e1 retr\u00e1til \u00e9 aqui para salvar o dia! <b>Esse tipo de m\u00f3vel \u00e9 uma solu\u00e7\u00e3o brilhante<\/b> para quem quer aproveitar ao m\u00e1ximo o seu cantinho. Al\u00e9m de oferecer toda a comodidade de um sof\u00e1 convencional, ele tamb\u00e9m pode se transformar em uma confort\u00e1vel cama quando precisar. Imagina s\u00f3, voc\u00ea pode ter o melhor dos dois mundos sem precisar de muito espa\u00e7o! E olha que legal, ainda d\u00e1 pra aproveitar para receber os amigos ou fazer uma sonequinha da boa. Ent\u00e3o, se voc\u00ea est\u00e1 procurando uma pe\u00e7a que seja vers\u00e1til e pr\u00e1tica, o sof\u00e1 retr\u00e1til \u00e9 definitivamente uma \u00f3tima escolha.<\/p>\n<figure style=\"width: 1024px\" class=\"wp-caption aligncenter\"><img decoding=\"async\" src=\"https:\/\/www.aarquiteta.com.br\/blog\/wp-content\/uploads\/2024\/08\/sofa-retratil-9.jpg\" alt=\"Sof\u00e1 retr\u00e1til \u00e9 pr\u00e1tico e se adapta a diferentes necessidades \u2013 Projeto: Mandril Arquitetura | Foto: @diegowicfoto\" width=\"1024\" height=\"1024\" title=\"\"><figcaption class=\"wp-caption-text\">Sof\u00e1 retr\u00e1til \u00e9 pr\u00e1tico e se adapta a diferentes necessidades \u2013 Projeto: Mandril Arquitetura | Foto: @diegowicfoto<\/figcaption><\/figure>\n<h2>Como escolher um sof\u00e1 retr\u00e1til?<\/h2>\n<p>Agora que voc\u00ea j\u00e1 entendeu os benef\u00edcios de ter um sof\u00e1 retr\u00e1til, \u00e9 hora de descobrir como escolher o melhor para a sua casa. Vamos l\u00e1, vou te dar algumas dicas importantes para voc\u00ea ficar por dentro do assunto.<\/p>\n<figure style=\"width: 1024px\" class=\"wp-caption aligncenter\"><img decoding=\"async\" src=\"https:\/\/www.aarquiteta.com.br\/blog\/wp-content\/uploads\/2024\/08\/sofa-retratil-2-1024x682.jpg\" alt=\"Alguns sof\u00e1s retr\u00e1teis podem se transformar em cama \u2013 Foto: Shutterstock\" width=\"1024\" height=\"1024\" title=\"\"><figcaption class=\"wp-caption-text\">Alguns sof\u00e1s retr\u00e1teis podem se transformar em cama \u2013 Foto: Shutterstock<\/figcaption><\/figure>\n<h3>Confira o preenchimento do sof\u00e1 retr\u00e1til<\/h3>\n<p>O <b>preenchimento<\/b> do seu sof\u00e1 retr\u00e1til \u00e9 super importante para garantir o conforto. Voc\u00ea pode encontrar op\u00e7\u00f5es com espuma de alta densidade, fibra siliconada ou at\u00e9 mesmo com molas ensacadas. Cada um desses materiais tem suas vantagens, ent\u00e3o fique de olho neles e escolha o que mais combinar com o seu estilo de vida.<\/p>\n<figure style=\"width: 1024px\" class=\"wp-caption aligncenter\"><img decoding=\"async\" src=\"https:\/\/www.aarquiteta.com.br\/blog\/wp-content\/uploads\/2024\/08\/sofa-retratil-3.jpg\" alt=\"Conferir a estrutura e o preenchimento do sof\u00e1 retr\u00e1til s\u00e3o etapas essenciais para escolher o modelo certo \u2013 Projeto: Mandril Arquitetura | Foto: @marianaorsifotografia\" width=\"1024\" height=\"1024\" title=\"\"><figcaption class=\"wp-caption-text\">Conferir a estrutura e o preenchimento do sof\u00e1 retr\u00e1til s\u00e3o etapas essenciais para escolher o modelo certo \u2013 Projeto: Mandril Arquitetura | Foto: @marianaorsifotografia<\/figcaption><\/figure>\n<h3>Considere a estrutura<\/h3>\n<p>A <b>estrutura<\/b> do sof\u00e1 retr\u00e1til tamb\u00e9m \u00e9 um fator crucial. Voc\u00ea quer algo que seja resistente o suficiente para aguentar o vai e vem do dia a dia, n\u00e3o \u00e9 mesmo? Ent\u00e3o fique atento \u00e0 qualidade dos materiais usados, como madeira maci\u00e7a ou metal refor\u00e7ado. Isso vai te garantir que o seu sof\u00e1 aguente firme e forte por muito tempo.<\/p>\n<figure style=\"width: 1024px\" class=\"wp-caption aligncenter\"><img decoding=\"async\" src=\"https:\/\/www.aarquiteta.com.br\/blog\/wp-content\/uploads\/2024\/08\/sofa-retratil-4.1-1024x862.jpg\" alt=\"As densidades D28 e D33 s\u00e3o as mais indicadas para evitar dores nas costas \u2013 Projeto: Studio Marlene Ricci\" width=\"1024\" height=\"1024\" title=\"\"><figcaption class=\"wp-caption-text\">As densidades D28 e D33 s\u00e3o as mais indicadas para evitar dores nas costas \u2013 Projeto: Studio Marlene Ricci<\/figcaption><\/figure>\n<h3>Verifique a qualidade do revestimento sof\u00e1<\/h3>\n<p>O <b>revestimento<\/b> \u00e9 outro ponto importante a se considerar. Voc\u00ea pode encontrar op\u00e7\u00f5es em tecido, couro ou at\u00e9 mesmo em veludo. Cada um deles tem suas caracter\u00edsticas, ent\u00e3o escolha aquele que melhor combina com o seu estilo e que seja f\u00e1cil de limpar. Afinal, a gente quer um sof\u00e1 que seja bonito e pr\u00e1tico, n\u00e3o \u00e9 mesmo?<\/p>\n<figure style=\"width: 1024px\" class=\"wp-caption aligncenter\"><img decoding=\"async\" src=\"https:\/\/www.aarquiteta.com.br\/blog\/wp-content\/uploads\/2024\/08\/sofa-retratil-5.jpg\" alt=\"Busque um sof\u00e1 retr\u00e1til com bons materiais, como madeira de eucalipto e percintas italianas \u2013 Projeto: Mageste &#038; Blinovas Arquitetura | Foto: Henrique Hansmann\" width=\"1024\" height=\"1024\" title=\"\"><figcaption class=\"wp-caption-text\">Busque um sof\u00e1 retr\u00e1til com bons materiais, como madeira de eucalipto e percintas italianas \u2013 Projeto: Mageste &#038; Blinovas Arquitetura | Foto: Henrique Hansmann<\/figcaption><\/figure>\n<h2>Como combinar o sof\u00e1 retr\u00e1til com as cores da parede?<\/h2>\n<p>Ah, essa \u00e9 a minha parte favorita! <b>Combinar o sof\u00e1 retr\u00e1til com as cores da parede<\/b> \u00e9 uma verdadeira arte. Mas n\u00e3o se preocupe, eu vou te dar umas dicas preciosas. Uma dica importante \u00e9 escolher tons neutros, como bege, cinza ou preto, que combinam com praticamente qualquer decora\u00e7\u00e3o. Assim, voc\u00ea pode brincar com as cores das paredes e ter um resultado lindo e harmonioso. Outra op\u00e7\u00e3o \u00e9 ir de cores complementares, como azul e laranja ou verde e vermelho. Isso vai criar um contraste incr\u00edvel e deixar o seu ambiente super estiloso. Ent\u00e3o, fique de olho nessas dicas e deixe a sua criatividade fluir!<\/p>\n<figure style=\"width: 1024px\" class=\"wp-caption aligncenter\"><img decoding=\"async\" src=\"https:\/\/www.aarquiteta.com.br\/blog\/wp-content\/uploads\/2024\/08\/sofa-retratil-6-1024x550.jpg\" alt=\"Battuto SGR Nat foi especificado para o ch\u00e3o desta sala de estar \u2013 Foto: Ceusa\" width=\"1024\" height=\"1024\" title=\"\"><figcaption class=\"wp-caption-text\">Battuto SGR Nat foi especificado para o ch\u00e3o desta sala de estar \u2013 Foto: Ceusa<\/figcaption><\/figure>\n<h2>Conclus\u00e3o<\/h2>\n<p>Ent\u00e3o, o que voc\u00ea achou dessas dicas? Espero que elas tenham ajudado a esclarecer tudo sobre a escolha do sof\u00e1 retr\u00e1til perfeito. Lembre-se, \u00e9 importante levar em conta o preenchimento, a estrutura, o revestimento e a combina\u00e7\u00e3o de cores para garantir que voc\u00ea encontre o m\u00f3vel ideal para a sua casa. E n\u00e3o se esque\u00e7a, um pouco de humor e descontra\u00e7\u00e3o tamb\u00e9m \u00e9 sempre bem-vindo, afinal, a gente quer um lar aconchegante e feliz, n\u00e3o \u00e9 mesmo?<\/p>\n<figure style=\"width: 1024px\" class=\"wp-caption aligncenter\"><img decoding=\"async\" src=\"https:\/\/www.aarquiteta.com.br\/blog\/wp-content\/uploads\/2024\/08\/sofa-retratil-7.1.jpg\" alt=\"O azulejo Drapeado Branco na parede + Toronto Polido no piso \u2013 Foto: Ceusa\" width=\"1024\" height=\"1024\" title=\"\"><figcaption class=\"wp-caption-text\">O azulejo Drapeado Branco na parede + Toronto Polido no piso \u2013 Foto: Ceusa<\/figcaption><\/figure>\n<p>Veja mais algumas ideias e inspira\u00e7\u00f5es sobre o assunto abaixo e descubra qual deles mais lhe agrada!<\/p>\n<figure style=\"width: 1024px\" class=\"wp-caption aligncenter\"><img decoding=\"async\" src=\"https:\/\/www.aarquiteta.com.br\/blog\/wp-content\/uploads\/2024\/08\/sofa-retratil-8-1024x409.jpg\" alt=\"Paralelo Wood aplicado no painel de TV desta sala \u2013 Foto: Ceusa\" width=\"1024\" height=\"1024\" title=\"\"><figcaption class=\"wp-caption-text\">Paralelo Wood aplicado no painel de TV desta sala \u2013 Foto: Ceusa<\/figcaption><\/figure>\n<img decoding=\"async\" src=\"\" alt=\"\" width=\"1024\" height=\"1024\" title=\"\">\n<img decoding=\"async\" src=\"\" alt=\"\" width=\"1024\" height=\"1024\" title=\"\">\n<h3>Assista agora a minha recomenda\u00e7\u00e3o de video abaixo sobre o tema que estamos tratando neste artigo: <\/h3>\n<p><div class=\"youtube-embed\" data-video_id=\"0knQu_TFsrQ\"><iframe title=\"SOF\u00c1 | COMO ESCOLHER O MELHOR MODELO PARA SUA CASA\" width=\"696\" height=\"392\" src=\"https:\/\/www.youtube.com\/embed\/0knQu_TFsrQ?feature=oembed&#038;enablejsapi=1\" frameborder=\"0\" allow=\"accelerometer; autoplay; clipboard-write; encrypted-media; gyroscope; picture-in-picture; web-share\" referrerpolicy=\"strict-origin-when-cross-origin\" allowfullscreen><\/iframe><\/div><\/p>\n","protected":false},"excerpt":{"rendered":"<p>Aprenda 5 dicas para escolher sof\u00e1 retr\u00e1til e veja modelos inspiradores. Confira agora!<\/p>\n","protected":false},"author":102,"featured_media":124195,"comment_status":"closed","ping_status":"closed","sticky":false,"template":"","format":"standard","meta":{"footnotes":""},"categories":[1484],"tags":[],"class_list":["post-124203","post","type-post","status-publish","format-standard","has-post-thumbnail","category-decoracao"],"_wp_attached_file":null,"_wp_attachment_metadata":null,"_wp_attachment_context":null,"_wp_attachment_is_custom_header":null,"geo_longitude":null,"geo_public":null,"geo_latitude":null,"_publicize_done_external":null,"_wpas_done_3897181":null,"publicize_twitter_user":null,"_wpas_done_3897175":null,"_wpas_skip_3897181":null,"_wpas_skip_3897175":null,"_wpas_skip_3924723":null,"_wpas_mess":null,"_wpas_done_3924723":null,"wps_subtitle":"","_links":{"self":[{"href":"https:\/\/www.aarquiteta.com.br\/blog\/wp-json\/wp\/v2\/posts\/124203","targetHints":{"allow":["GET"]}}],"collection":[{"href":"https:\/\/www.aarquiteta.com.br\/blog\/wp-json\/wp\/v2\/posts"}],"about":[{"href":"https:\/\/www.aarquiteta.com.br\/blog\/wp-json\/wp\/v2\/types\/post"}],"author":[{"embeddable":true,"href":"https:\/\/www.aarquiteta.com.br\/blog\/wp-json\/wp\/v2\/users\/102"}],"replies":[{"embeddable":true,"href":"https:\/\/www.aarquiteta.com.br\/blog\/wp-json\/wp\/v2\/comments?post=124203"}],"version-history":[{"count":0,"href":"https:\/\/www.aarquiteta.com.br\/blog\/wp-json\/wp\/v2\/posts\/124203\/revisions"}],"wp:featuredmedia":[{"embeddable":true,"href":"https:\/\/www.aarquiteta.com.br\/blog\/wp-json\/wp\/v2\/media\/124195"}],"wp:attachment":[{"href":"https:\/\/www.aarquiteta.com.br\/blog\/wp-json\/wp\/v2\/media?parent=124203"}],"wp:term":[{"taxonomy":"category","embeddable":true,"href":"https:\/\/www.aarquiteta.com.br\/blog\/wp-json\/wp\/v2\/categories?post=124203"},{"taxonomy":"post_tag","embeddable":true,"href":"https:\/\/www.aarquiteta.com.br\/blog\/wp-json\/wp\/v2\/tags?post=124203"}],"curies":[{"name":"wp","href":"https:\/\/api.w.org\/{rel}","templated":true}]}}