{"id":124188,"date":"2024-08-09T02:15:27","date_gmt":"2024-08-09T05:15:27","guid":{"rendered":"https:\/\/www.aarquiteta.com.br\/blog\/projeto-de-cafeteria\/"},"modified":"2024-08-09T09:02:18","modified_gmt":"2024-08-09T12:02:18","slug":"projeto-de-cafeteria","status":"publish","type":"post","link":"https:\/\/www.aarquiteta.com.br\/blog\/projeto-de-cafeteria\/","title":{"rendered":"Projeto de cafeteria: como fazer e inspira\u00e7\u00f5es reais."},"content":{"rendered":"<p>Ol\u00e1, meus amigos! Voc\u00ea j\u00e1 imaginou transformar um pequeno espa\u00e7o em um caf\u00e9 charmoso e acolhedor? Bem, eu sou um <a href=\"https:\/\/www.aarquiteta.com.br\/blog\/?s=ARQUITETO\">arquiteto<\/a> com uma paix\u00e3o por projetos de cafeterias e hoje vou compartilhar com voc\u00eas 20 exemplos inspiradores que v\u00e3o te deixar de boca aberta. Vamos mergulhar nesse mundo encantador?<\/p><h2>Pontos principais:<\/h2><ul><li><b>Equilibrar m\u00e1quinas e espa\u00e7o<\/b> \u00e9 um dos principais desafios para criar caf\u00e9s pequenos, mas cheios de personalidade.<\/li><li><b>Desenvolver experi\u00eancias memor\u00e1veis<\/b> \u00e9 essencial para transformar uma simples x\u00edcara de caf\u00e9 em um momento inesquec\u00edvel.<\/li><li>As <b>solu\u00e7\u00f5es criativas<\/b> apresentadas neste artigo oferecem inspira\u00e7\u00e3o para otimizar o uso do espa\u00e7o e criar <a href=\"https:\/\/www.aarquiteta.com.br\/blog\/decoracao\/ambientes-na-decoracao\/\" class=\"ilj-generated-link\">ambientes<\/a> acolhedores.<\/li><\/ul><h2>Desafios de Design em Pequenos Caf\u00e9s<\/h2><h3>Equilibrando M\u00e1quinas e Espa\u00e7o<\/h3><p>Projetar um caf\u00e9 em um espa\u00e7o reduzido pode ser um verdadeiro desafio, n\u00e3o \u00e9 mesmo? Afinal, precisamos encontrar um equil\u00edbrio entre acomodar todas as m\u00e1quinas e equipamentos necess\u00e1rios, e ainda criar um ambiente agrad\u00e1vel e convidativo para os clientes. Mas, acreditem, \u00e9 poss\u00edvel!<\/p><figure style=\"width: 1024px\" class=\"wp-caption aligncenter\"><img decoding=\"async\" src=\"https:\/\/www.aarquiteta.com.br\/blog\/wp-content\/uploads\/2024\/08\/04._Blue_Bottle_-_Takumi_Ota.jpg\" alt=\"Projetos de pequenos caf\u00e9s: 20 exemplos com plantas e cortes - Imagem 1 de 89\" width=\"1024\" height=\"1024\" title=\"\"><figcaption class=\"wp-caption-text\">Projetos de pequenos caf\u00e9s: inspira\u00e7\u00f5es reais. Donte: Archdaily<\/figcaption><\/figure><h3>Criando Experi\u00eancias Memor\u00e1veis<\/h3><p>Olha, eu acredito que um bom caf\u00e9 vai muito al\u00e9m do simples ato de tomar uma bebida. \u00c9 sobre criar uma experi\u00eancia completa, que envolva todos os sentidos do cliente. Imaginem um ambiente aconchegante, com uma decora\u00e7\u00e3o cuidadosa, m\u00fasica suave e o aroma inebriante do caf\u00e9 rec\u00e9m-mo\u00eddo. Pois \u00e9, esse \u00e9 o tipo de experi\u00eancia que torna uma visita ao caf\u00e9 inesquec\u00edvel.<\/p><figure style=\"width: 1024px\" class=\"wp-caption aligncenter\"><img decoding=\"async\" src=\"https:\/\/www.aarquiteta.com.br\/blog\/wp-content\/uploads\/2024\/08\/01._Poppolo_-_Ema_Blom.jpg\" alt=\"Projetos de pequenos caf\u00e9s: 20 exemplos com plantas e cortes - Imagem 2 de 89\" width=\"1024\" height=\"1024\" title=\"\"><figcaption class=\"wp-caption-text\">Projetos de pequenos caf\u00e9s: inspira\u00e7\u00f5es reais. Donte: Archdaily<\/figcaption><\/figure><h2>Projetos Inspiradores de Pequenos Caf\u00e9s<\/h2><h3>Exemplos Selecionados<\/h3><p>Agora que j\u00e1 conhecemos alguns dos principais desafios, chegou a hora de ver os projetos em a\u00e7\u00e3o! Selecionei alguns exemplos incr\u00edveis de caf\u00e9s pequenos, cada um com sua pr\u00f3pria personalidade \u00fanica. Prepare-se para ficar fascinado(a)!<\/p><figure style=\"width: 1024px\" class=\"wp-caption aligncenter\"><img decoding=\"async\" src=\"https:\/\/www.aarquiteta.com.br\/blog\/wp-content\/uploads\/2024\/08\/08._CUUN_-_Soulgraph_Photography.jpg\" alt=\"Projetos de pequenos caf\u00e9s: 20 exemplos com plantas e cortes - Imagem 3 de 89\" width=\"1024\" height=\"1024\" title=\"\"><figcaption class=\"wp-caption-text\">Projetos de pequenos caf\u00e9s: inspira\u00e7\u00f5es reais. Donte: Archdaily<\/figcaption><\/figure><h3>Plantas e Cortes Detalhados<\/h3><p>Para que voc\u00ea possa realmente se inspirar, cada <a href=\"https:\/\/www.aarquiteta.com.br\/blog\/?s=PROJETO\">projeto<\/a> vem acompanhado de plantas e cortes detalhados. Dessa forma, voc\u00ea poder\u00e1 visualizar como cada detalhe foi planejado e como poderia adaptar essas solu\u00e7\u00f5es em seu pr\u00f3prio empreendimento.<\/p><figure style=\"width: 1024px\" class=\"wp-caption aligncenter\"><img decoding=\"async\" src=\"https:\/\/www.aarquiteta.com.br\/blog\/wp-content\/uploads\/2024\/08\/07._Cafe_7_YAD_-_Texture_on_Texture.jpg\" alt=\"Projetos de pequenos caf\u00e9s: 20 exemplos com plantas e cortes - Imagem 4 de 89\" width=\"1024\" height=\"1024\" title=\"\"><figcaption class=\"wp-caption-text\">Projetos de pequenos caf\u00e9s: inspira\u00e7\u00f5es reais. Donte: Archdaily<\/figcaption><\/figure><h2>Conclus\u00e3o<\/h2><p>Ent\u00e3o, o que voc\u00ea achou desses projetos inspiradores? Aposto que voc\u00ea j\u00e1 est\u00e1 com a cabe\u00e7a cheia de ideias e solu\u00e7\u00f5es criativas para transformar seu pequeno espa\u00e7o em um caf\u00e9 cheio de personalidade, n\u00e3o \u00e9? Lembre-se, o mais importante \u00e9 criar uma experi\u00eancia memor\u00e1vel para os seus clientes. Ent\u00e3o, v\u00e1 em frente, deixe sua marca e se divirta no processo!<\/p><figure style=\"width: 1024px\" class=\"wp-caption aligncenter\"><img decoding=\"async\" src=\"https:\/\/www.aarquiteta.com.br\/blog\/wp-content\/uploads\/2024\/08\/Danyi_BalaCC81zs.jpg\" alt=\"Projetos de pequenos caf\u00e9s: 20 exemplos com plantas e cortes - Imagem 5 de 89\" width=\"1024\" height=\"1024\" title=\"\"><figcaption class=\"wp-caption-text\">Projetos de pequenos caf\u00e9s: inspira\u00e7\u00f5es reais. Donte: Archdaily<\/figcaption><\/figure><p>Veja mais algumas ideias e inspira\u00e7\u00f5es sobre o assunto abaixo e descubra qual deles mais lhe agrada!<\/p><figure style=\"width: 1024px\" class=\"wp-caption aligncenter\"><img decoding=\"async\" src=\"https:\/\/www.aarquiteta.com.br\/blog\/wp-content\/uploads\/2024\/08\/02._Renovation_of_Largo_-_Chao_Zhang.jpg\" alt=\"Projetos de pequenos caf\u00e9s: 20 exemplos com plantas e cortes - Imagem 6 de 89\" width=\"1024\" height=\"1024\" title=\"\"><figcaption class=\"wp-caption-text\">Projetos de pequenos caf\u00e9s: inspira\u00e7\u00f5es reais. Donte: Archdaily<\/figcaption><\/figure><figure style=\"width: 1024px\" class=\"wp-caption aligncenter\"><img decoding=\"async\" src=\"https:\/\/www.aarquiteta.com.br\/blog\/wp-content\/uploads\/2024\/08\/03._Arabica_-_Kobe.jpg\" alt=\"Projetos de pequenos caf\u00e9s: 20 exemplos com plantas e cortes - Imagem 7 de 89\" width=\"1024\" height=\"1024\" title=\"\"><figcaption class=\"wp-caption-text\">Projetos de pequenos caf\u00e9s: inspira\u00e7\u00f5es reais. Donte: Archdaily<\/figcaption><\/figure><figure style=\"width: 1024px\" class=\"wp-caption aligncenter\"><img decoding=\"async\" src=\"https:\/\/www.aarquiteta.com.br\/blog\/wp-content\/uploads\/2024\/08\/04._Blue_Bottle_-_Takumi_Ota2.jpg\" alt=\"Projetos de pequenos caf\u00e9s: 20 exemplos com plantas e cortes - Imagem 8 de 89\" width=\"1024\" height=\"1024\" title=\"\"><figcaption class=\"wp-caption-text\">Projetos de pequenos caf\u00e9s: inspira\u00e7\u00f5es reais. Donte: Archdaily<\/figcaption><\/figure><figure style=\"width: 1024px\" class=\"wp-caption aligncenter\"><img decoding=\"async\" src=\"https:\/\/www.aarquiteta.com.br\/blog\/wp-content\/uploads\/2024\/08\/05._Felix_CafeCC81_-_Carlos_Molina.jpg\" alt=\"Projetos de pequenos caf\u00e9s: 20 exemplos com plantas e cortes - Imagem 9 de 89\" width=\"1024\" height=\"1024\" title=\"\"><figcaption class=\"wp-caption-text\">Projetos de pequenos caf\u00e9s: inspira\u00e7\u00f5es reais. Donte: Archdaily<\/figcaption><\/figure><figure style=\"width: 1024px\" class=\"wp-caption aligncenter\"><img decoding=\"async\" src=\"https:\/\/www.aarquiteta.com.br\/blog\/wp-content\/uploads\/2024\/08\/06._Grounds_-_Alex_Shoots_Buildings.jpg\" alt=\"Projetos de pequenos caf\u00e9s: 20 exemplos com plantas e cortes - Imagem 10 de 89\" width=\"1024\" height=\"1024\" title=\"\"><figcaption class=\"wp-caption-text\">Projetos de pequenos caf\u00e9s: inspira\u00e7\u00f5es reais. Donte: Archdaily<\/figcaption><\/figure><h3>Assista agora a minha recomenda\u00e7\u00e3o de video abaixo sobre o tema que estamos tratando neste artigo:<\/h3><div class=\"youtube-embed\" data-video_id=\"dic8zpFsw0A\"><iframe title=\"PROJETO CAFETERIA\" width=\"696\" height=\"392\" src=\"https:\/\/www.youtube.com\/embed\/dic8zpFsw0A?feature=oembed&#038;enablejsapi=1\" frameborder=\"0\" allow=\"accelerometer; autoplay; clipboard-write; encrypted-media; gyroscope; picture-in-picture; web-share\" referrerpolicy=\"strict-origin-when-cross-origin\" allowfullscreen><\/iframe><\/div>","protected":false},"excerpt":{"rendered":"<p>Aprenda a criar um projeto de cafeteria encantador com nosso guia pr\u00e1tico. Explore inspira\u00e7\u00f5es reais, dicas de design e conselhos de especialistas para desenvolver um espa\u00e7o acolhedor e funcional que atraia clientes e destaque sua marca no competitivo mercado de cafeterias.<\/p>\n","protected":false},"author":102,"featured_media":124178,"comment_status":"closed","ping_status":"closed","sticky":false,"template":"","format":"standard","meta":{"footnotes":""},"categories":[1484],"tags":[],"class_list":["post-124188","post","type-post","status-publish","format-standard","has-post-thumbnail","category-decoracao"],"_wp_attached_file":null,"_wp_attachment_metadata":null,"_wp_attachment_context":null,"_wp_attachment_is_custom_header":null,"geo_longitude":null,"geo_public":null,"geo_latitude":null,"_publicize_done_external":null,"_wpas_done_3897181":null,"publicize_twitter_user":null,"_wpas_done_3897175":null,"_wpas_skip_3897181":null,"_wpas_skip_3897175":null,"_wpas_skip_3924723":null,"_wpas_mess":null,"_wpas_done_3924723":null,"wps_subtitle":"","_links":{"self":[{"href":"https:\/\/www.aarquiteta.com.br\/blog\/wp-json\/wp\/v2\/posts\/124188","targetHints":{"allow":["GET"]}}],"collection":[{"href":"https:\/\/www.aarquiteta.com.br\/blog\/wp-json\/wp\/v2\/posts"}],"about":[{"href":"https:\/\/www.aarquiteta.com.br\/blog\/wp-json\/wp\/v2\/types\/post"}],"author":[{"embeddable":true,"href":"https:\/\/www.aarquiteta.com.br\/blog\/wp-json\/wp\/v2\/users\/102"}],"replies":[{"embeddable":true,"href":"https:\/\/www.aarquiteta.com.br\/blog\/wp-json\/wp\/v2\/comments?post=124188"}],"version-history":[{"count":0,"href":"https:\/\/www.aarquiteta.com.br\/blog\/wp-json\/wp\/v2\/posts\/124188\/revisions"}],"wp:featuredmedia":[{"embeddable":true,"href":"https:\/\/www.aarquiteta.com.br\/blog\/wp-json\/wp\/v2\/media\/124178"}],"wp:attachment":[{"href":"https:\/\/www.aarquiteta.com.br\/blog\/wp-json\/wp\/v2\/media?parent=124188"}],"wp:term":[{"taxonomy":"category","embeddable":true,"href":"https:\/\/www.aarquiteta.com.br\/blog\/wp-json\/wp\/v2\/categories?post=124188"},{"taxonomy":"post_tag","embeddable":true,"href":"https:\/\/www.aarquiteta.com.br\/blog\/wp-json\/wp\/v2\/tags?post=124188"}],"curies":[{"name":"wp","href":"https:\/\/api.w.org\/{rel}","templated":true}]}}