{"id":124148,"date":"2024-08-08T20:14:23","date_gmt":"2024-08-08T23:14:23","guid":{"rendered":"https:\/\/www.aarquiteta.com.br\/blog\/7-ideias-de-muros-de-casas-para-se-inspirar\/"},"modified":"2024-08-08T20:14:23","modified_gmt":"2024-08-08T23:14:23","slug":"7-ideias-de-muros-de-casas-para-se-inspirar","status":"publish","type":"post","link":"https:\/\/www.aarquiteta.com.br\/blog\/7-ideias-de-muros-de-casas-para-se-inspirar\/","title":{"rendered":"7 Ideias de Muros de Casas para se Inspirar"},"content":{"rendered":"<p>Ah, os muros de casas! Esses belos elementos de design, que servem tanto para a seguran\u00e7a quanto para a privacidade e valoriza\u00e7\u00e3o da propriedade. Eu, como arquiteto experiente, adoro explorar as infinitas possibilidades desses muros que tanto complementam a beleza e o estilo de uma casa.<\/p><h2>Pontos principais:<\/h2><ul><li><b>Escolha o material certo<\/b> para o seu muro, seja ele de pedra, concreto, tijolos ou at\u00e9 mesmo op\u00e7\u00f5es modernas como o vidro.<\/li><li><b>O design do seu muro<\/b> pode incluir elementos decorativos, cores e texturas incr\u00edveis, al\u00e9m de considerar a altura e sistemas de seguran\u00e7a.<\/li><li>N\u00e3o esque\u00e7a de <b>verificar a legisla\u00e7\u00e3o local<\/b> quanto a regulamenta\u00e7\u00f5es sobre altura, dist\u00e2ncia da cal\u00e7ada e estilos permitidos.<\/li><\/ul><h2>Escolha o material perfeito<\/h2><p>Quando se trata de muros de casas, a escolha do material certo \u00e9 fundamental. Os cl\u00e1ssicos muros de pedra, concreto e tijolos sempre ser\u00e3o op\u00e7\u00f5es fant\u00e1sticas, com sua durabilidade e versatilidade em termos de design. Mas, para aqueles que buscam algo mais moderno e diferente, existem op\u00e7\u00f5es interessantes, como o vidro, que pode trazer uma eleg\u00e2ncia surpreendente para a sua propriedade.<\/p><figure style=\"width: 1024px\" class=\"wp-caption aligncenter\"><img decoding=\"async\" src=\"https:\/\/www.aarquiteta.com.br\/blog\/wp-content\/uploads\/2024\/08\/imagem_2024-03-06_170345730.png\" alt=\"Ecobrick Grezzo Capuccino, da Castellato, \u00e9 um concreto arquitet\u00f4nico r\u00fastico e elegante \u2013 Projeto: Ana Paula Ferreira | Foto: Rodrigo Vieira\" width=\"1024\" height=\"1024\" title=\"\"><figcaption class=\"wp-caption-text\">Ecobrick Grezzo Capuccino, da Castellato, \u00e9 um concreto arquitet\u00f4nico r\u00fastico e elegante \u2013 Projeto: Ana Paula Ferreira | Foto: Rodrigo Vieira<\/figcaption><\/figure><h3>Muros de pedra, concreto e tijolos<\/h3><p>Esses materiais tradicionais s\u00e3o uma escolha segura e confi\u00e1vel, <b>oferecem resist\u00eancia e longevidade<\/b> que dificilmente ser\u00e3o superadas. Al\u00e9m disso, <b>permitem uma infinidade de designs e acabamentos<\/b>, desde um look r\u00fastico e acolhedor at\u00e9 um estilo mais sofisticado e contempor\u00e2neo.<\/p><figure style=\"width: 1024px\" class=\"wp-caption aligncenter\"><img decoding=\"async\" src=\"https:\/\/www.aarquiteta.com.br\/blog\/wp-content\/uploads\/2024\/08\/imagem_2024-03-06_170358308.png\" alt=\"Muros de casas de pedras s\u00e3o robustos e t\u00eam visual cl\u00e1ssico \u2013 Projeto: Maj\u00f3 Arquitetura | Foto: Carol Mossim\" width=\"1024\" height=\"1024\" title=\"\"><figcaption class=\"wp-caption-text\">Muros de casas de pedras s\u00e3o robustos e t\u00eam visual cl\u00e1ssico \u2013 Projeto: Maj\u00f3 Arquitetura | Foto: Carol Mossim<\/figcaption><\/figure><h3>Op\u00e7\u00f5es modernas como vidro<\/h3><p>Se voc\u00ea est\u00e1 procurando algo fora do comum, o vidro pode ser uma op\u00e7\u00e3o fascinante. <b>Essa material traz uma sensa\u00e7\u00e3o de leveza e transpar\u00eancia<\/b> que pode ser uma \u00f3tima escolha para quem deseja um muro mais minimalista e elegante. Claro, \u00e9 importante considerar a quest\u00e3o da seguran\u00e7a, mas com os devidos cuidados, o vidro pode se tornar um elemento de design verdadeiramente impressionante.<\/p><figure style=\"width: 1024px\" class=\"wp-caption aligncenter\"><img decoding=\"async\" src=\"https:\/\/www.aarquiteta.com.br\/blog\/wp-content\/uploads\/2024\/08\/imagem_2024-03-06_170410790.png\" alt=\"Cores e texturas podem ser escolhidas para real\u00e7ar os muros de casas \u2013 Projeto: Rodrigo Baleeiro \u2013 Dbale Arquitetura\" width=\"1024\" height=\"1024\" title=\"\"><figcaption class=\"wp-caption-text\">Cores e texturas podem ser escolhidas para real\u00e7ar os muros de casas \u2013 Projeto: Rodrigo Baleeiro \u2013 Dbale Arquitetura<\/figcaption><\/figure><h2>Considere o design perfeito<\/h2><p>Depois de escolher o material, \u00e9 hora de se concentrar no design do seu muro. <b>Elementos decorativos, cores e texturas podem transformar um muro simples em uma verdadeira obra de arte<\/b>. E n\u00e3o se esque\u00e7a de pensar na altura do muro e nos sistemas de seguran\u00e7a, pois esses detalhes tamb\u00e9m s\u00e3o cruciais.<\/p><figure style=\"width: 1024px\" class=\"wp-caption aligncenter\"><img decoding=\"async\" src=\"https:\/\/www.aarquiteta.com.br\/blog\/wp-content\/uploads\/2024\/08\/imagem_2024-03-06_170422223.png\" alt=\"Ilumina\u00e7\u00e3o embutida \u00e9 perfeita para destacar os detalhes arquitet\u00f4nicos dos muros de casas \u2013 Projeto: Studio Marlene Ricci | Foto: Daniel Sorrentino\" width=\"1024\" height=\"1024\" title=\"\"><figcaption class=\"wp-caption-text\">Ilumina\u00e7\u00e3o embutida \u00e9 perfeita para destacar os detalhes arquitet\u00f4nicos dos muros de casas \u2013 Projeto: Studio Marlene Ricci | Foto: Daniel Sorrentino<\/figcaption><\/figure><h3>Elementos decorativos, cores e texturas<\/h3><p>Imagine um muro de tijolos com belos detalhes em pedra, ou um muro de concreto com uma textura r\u00fastica e atraente. <b>Jogando com diferentes cores e materiais, voc\u00ea pode criar um visual \u00fanico e personalizado<\/b> que se integrar\u00e1 perfeitamente ao estilo da sua casa.<\/p><figure style=\"width: 1024px\" class=\"wp-caption aligncenter\"><img decoding=\"async\" src=\"https:\/\/www.aarquiteta.com.br\/blog\/wp-content\/uploads\/2024\/08\/imagem_2024-03-06_170433255.png\" alt=\"Verificar as regulamenta\u00e7\u00f5es locais \u00e9 essencial antes de erguer muros de casas \u2013 Projeto: Studio Marlene Ricci | Foto: Fot\u00f3grafo R.R.Rufino\" width=\"1024\" height=\"1024\" title=\"\"><figcaption class=\"wp-caption-text\">Verificar as regulamenta\u00e7\u00f5es locais \u00e9 essencial antes de erguer muros de casas \u2013 Projeto: Studio Marlene Ricci | Foto: Fot\u00f3grafo R.R.Rufino<\/figcaption><\/figure><h3>Altura do muro e sistemas de seguran\u00e7a<\/h3><p>A altura do seu muro \u00e9 uma considera\u00e7\u00e3o importante, tanto por raz\u00f5es de seguran\u00e7a quanto de apar\u00eancia. <b>Muros mais altos podem oferecer mais privacidade e prote\u00e7\u00e3o<\/b>, enquanto muros menores podem trazer uma sensa\u00e7\u00e3o de acolhimento e integra\u00e7\u00e3o com o entorno. E, claro, n\u00e3o se esque\u00e7a de incluir sistemas de seguran\u00e7a, como c\u00e2meras ou alarmes, se for o caso.<\/p><figure style=\"width: 1024px\" class=\"wp-caption aligncenter\"><img decoding=\"async\" src=\"https:\/\/www.aarquiteta.com.br\/blog\/wp-content\/uploads\/2024\/08\/imagem_2024-03-06_170447349.png\" alt=\"O concreto arquitet\u00f4nico Shou Sugi Ban Nero, da Castelatto, \u00e9 inspirado em uma antiga t\u00e9cnica japonesa que tem como objetivo proteger a madeira por meio da queima de suas camadas superficiais \u2013 Projeto: Escrit\u00f3rio Haus Arquitetura e Incorpora\u00e7\u00e3o | Foto: Favaro Jr.\" width=\"1024\" height=\"1024\" title=\"\"><figcaption class=\"wp-caption-text\">O concreto arquitet\u00f4nico Shou Sugi Ban Nero, da Castelatto, \u00e9 inspirado em uma antiga t\u00e9cnica japonesa que tem como objetivo proteger a madeira por meio da queima de suas camadas superficiais \u2013 Projeto: Escrit\u00f3rio Haus Arquitetura e Incorpora\u00e7\u00e3o | Foto: Favaro Jr.<\/figcaption><\/figure><h2>Legisla\u00e7\u00e3o local<\/h2><p>Antes de come\u00e7ar qualquer projeto, \u00e9 essencial verificar a legisla\u00e7\u00e3o local sobre muros de casas. <b>Existem regulamenta\u00e7\u00f5es quanto \u00e0 altura, dist\u00e2ncia da cal\u00e7ada e estilos permitidos<\/b>, que variam de munic\u00edpio para munic\u00edpio. Certifique-se de estar em conformidade com todas as exig\u00eancias para evitar problemas futuros.<\/p><figure style=\"width: 1024px\" class=\"wp-caption aligncenter\"><img decoding=\"async\" src=\"https:\/\/www.aarquiteta.com.br\/blog\/wp-content\/uploads\/2024\/08\/imagem_2024-03-06_170504689.png\" alt=\"Suvinil Prote\u00e7\u00e3o Total tem garantia de oito anos e protege muros de casas de mofo, fungos e corros\u00e3o causada pela maresia \u2013 Foto: Suvinil\" width=\"1024\" height=\"1024\" title=\"\"><figcaption class=\"wp-caption-text\">Suvinil Prote\u00e7\u00e3o Total tem garantia de oito anos e protege muros de casas de mofo, fungos e corros\u00e3o causada pela maresia \u2013 Foto: Suvinil<\/figcaption><\/figure><h3>Regulamenta\u00e7\u00f5es quanto \u00e0 altura, dist\u00e2ncia da cal\u00e7ada e estilos permitidos<\/h3><p>Algumas cidades podem ter restri\u00e7\u00f5es espec\u00edficas sobre a altura m\u00e1xima do seu muro, a dist\u00e2ncia que ele deve manter da cal\u00e7ada e at\u00e9 mesmo os estilos de design permitidos. <b>\u00c9 importante ficar atento a essas regras para garantir que seu projeto esteja de acordo com a legisla\u00e7\u00e3o local<\/b>. Afinal, ningu\u00e9m quer ter problemas com a <a href=\"https:\/\/www.aarquiteta.com.br\/blog\/carreira-de-arquitetura\/desenvolvimento-de-projetos-de-arquitetura\/projetos-de-prefeitura-arquitetura-como-fazer\/\" class=\"ilj-generated-link\">prefeitura<\/a>, certo?<\/p><figure style=\"width: 1024px\" class=\"wp-caption aligncenter\"><img decoding=\"async\" src=\"https:\/\/www.aarquiteta.com.br\/blog\/wp-content\/uploads\/2024\/08\/imagem_2024-03-06_170520711.png\" alt=\"Tons de cinza s\u00e3o perfeitos para quem gosta de cores neutras e que combinam com tudo \u2013 Projeto: Mageste &#038; Blinovas Arquitetura | Foto: Renato Navarro\" width=\"1024\" height=\"1024\" title=\"\"><figcaption class=\"wp-caption-text\">Tons de cinza s\u00e3o perfeitos para quem gosta de cores neutras e que combinam com tudo \u2013 Projeto: Mageste &#038; Blinovas Arquitetura | Foto: Renato Navarro<\/figcaption><\/figure><h2>Conclus\u00e3o<\/h2><p>Ent\u00e3o, meus amigos, agora que voc\u00ea j\u00e1 sabe os principais aspectos a considerar na hora de escolher o muro ideal para a sua casa, <b>\u00e9 hora de colocar a m\u00e3o na massa e transformar sua propriedade em um verdadeiro o\u00e1sis de beleza e seguran\u00e7a<\/b>. Lembre-se: o muro certo pode fazer toda a diferen\u00e7a, tanto na valoriza\u00e7\u00e3o do seu im\u00f3vel quanto na sua pr\u00f3pria satisfa\u00e7\u00e3o di\u00e1ria.<\/p><figure style=\"width: 1024px\" class=\"wp-caption aligncenter\"><img decoding=\"async\" src=\"https:\/\/www.aarquiteta.com.br\/blog\/wp-content\/uploads\/2024\/08\/imagem_2024-03-06_170544304.png\" alt=\"Mescla Garda foi especificado para o muro desta casa \u2013 Foto: Ceusa\" width=\"1024\" height=\"1024\" title=\"\"><figcaption class=\"wp-caption-text\">Mescla Garda foi especificado para o muro desta casa \u2013 Foto: Ceusa<\/figcaption><\/figure><p>Veja mais algumas ideias e inspira\u00e7\u00f5es sobre o assunto abaixo e descubra qual deles mais lhe agrada!<\/p><figure style=\"width: 1024px\" class=\"wp-caption aligncenter\"><img decoding=\"async\" src=\"https:\/\/www.aarquiteta.com.br\/blog\/wp-content\/uploads\/2024\/08\/imagem_2024-03-06_170602060.png\" alt=\"Eiffel DBW NAT \u00e9 um porcelanato com colora\u00e7\u00e3o bronze que combina com m\u00e1rmores e madeiras \u2013 Foto: Portinari\" width=\"1024\" height=\"1024\" title=\"\"><figcaption class=\"wp-caption-text\">Eiffel DBW NAT \u00e9 um porcelanato com colora\u00e7\u00e3o bronze que combina com m\u00e1rmores e madeiras \u2013 Foto: Portinari<\/figcaption><\/figure><h3>Assista agora a minha recomenda\u00e7\u00e3o de video abaixo sobre o tema que estamos tratando neste artigo: <\/h3><p><div class=\"youtube-embed\" data-video_id=\"JG2Obr-aoho\"><iframe title=\"Fachadas de Casas \/ IDEIAS INSPIRADORAS\" width=\"696\" height=\"392\" src=\"https:\/\/www.youtube.com\/embed\/JG2Obr-aoho?feature=oembed&#038;enablejsapi=1\" frameborder=\"0\" allow=\"accelerometer; autoplay; clipboard-write; encrypted-media; gyroscope; picture-in-picture; web-share\" referrerpolicy=\"strict-origin-when-cross-origin\" allowfullscreen><\/iframe><\/div><\/p>","protected":false},"excerpt":{"rendered":"<p>Inspire-se com 7 ideias de muros de casas. Veja modelos e dicas para escolher o seu!<\/p>\n","protected":false},"author":102,"featured_media":124138,"comment_status":"closed","ping_status":"closed","sticky":false,"template":"","format":"standard","meta":{"footnotes":""},"categories":[1484],"tags":[],"class_list":["post-124148","post","type-post","status-publish","format-standard","has-post-thumbnail","category-decoracao"],"_wp_attached_file":null,"_wp_attachment_metadata":null,"_wp_attachment_context":null,"_wp_attachment_is_custom_header":null,"geo_longitude":null,"geo_public":null,"geo_latitude":null,"_publicize_done_external":null,"_wpas_done_3897181":null,"publicize_twitter_user":null,"_wpas_done_3897175":null,"_wpas_skip_3897181":null,"_wpas_skip_3897175":null,"_wpas_skip_3924723":null,"_wpas_mess":null,"_wpas_done_3924723":null,"wps_subtitle":"","_links":{"self":[{"href":"https:\/\/www.aarquiteta.com.br\/blog\/wp-json\/wp\/v2\/posts\/124148","targetHints":{"allow":["GET"]}}],"collection":[{"href":"https:\/\/www.aarquiteta.com.br\/blog\/wp-json\/wp\/v2\/posts"}],"about":[{"href":"https:\/\/www.aarquiteta.com.br\/blog\/wp-json\/wp\/v2\/types\/post"}],"author":[{"embeddable":true,"href":"https:\/\/www.aarquiteta.com.br\/blog\/wp-json\/wp\/v2\/users\/102"}],"replies":[{"embeddable":true,"href":"https:\/\/www.aarquiteta.com.br\/blog\/wp-json\/wp\/v2\/comments?post=124148"}],"version-history":[{"count":0,"href":"https:\/\/www.aarquiteta.com.br\/blog\/wp-json\/wp\/v2\/posts\/124148\/revisions"}],"wp:featuredmedia":[{"embeddable":true,"href":"https:\/\/www.aarquiteta.com.br\/blog\/wp-json\/wp\/v2\/media\/124138"}],"wp:attachment":[{"href":"https:\/\/www.aarquiteta.com.br\/blog\/wp-json\/wp\/v2\/media?parent=124148"}],"wp:term":[{"taxonomy":"category","embeddable":true,"href":"https:\/\/www.aarquiteta.com.br\/blog\/wp-json\/wp\/v2\/categories?post=124148"},{"taxonomy":"post_tag","embeddable":true,"href":"https:\/\/www.aarquiteta.com.br\/blog\/wp-json\/wp\/v2\/tags?post=124148"}],"curies":[{"name":"wp","href":"https:\/\/api.w.org\/{rel}","templated":true}]}}