{"id":1238,"date":"2022-02-04T14:04:20","date_gmt":"2022-02-04T17:04:20","guid":{"rendered":"http:\/\/aarquiteta.com.br\/?p=1238"},"modified":"2024-09-04T17:15:34","modified_gmt":"2024-09-04T20:15:34","slug":"habite-se","status":"publish","type":"post","link":"https:\/\/www.aarquiteta.com.br\/blog\/habite-se\/","title":{"rendered":"Habite-se &#8211; Guia de solicita\u00e7\u00e3o em Prefeitura Municipal"},"content":{"rendered":"<p style=\"text-align: justify;\">Voc\u00ea sabe o que \u00e9 o habite-se?\u00a0Habite-se \u00e9 a sua permiss\u00e3o para morar, residir em uma edifica\u00e7\u00e3o nova!\u00a0N\u00e3o basta aprovar o <a href=\"https:\/\/www.aarquiteta.com.br\/blog\/?s=PROJETO\">projeto<\/a> e edific\u00e1-lo!<\/p><p style=\"text-align: justify;\">Ap\u00f3s a conclus\u00e3o da <a href=\"https:\/\/www.aarquiteta.com.br\/blog\/cursos-de-arquitetura-e-decoracao\/curso-de-gerenciamento-de-obras\">obra<\/a>, o morador deve pedir o habite-se para al\u00e9m de ter a permiss\u00e3o para morar, comprovar que a edifica\u00e7\u00e3o foi feita respeitando o projeto de constru\u00e7\u00e3o!<\/p><p style=\"text-align: justify;\">Para \u00a0solicita\u00e7\u00e3o de Habite-se o propriet\u00e1rio deve contratar um profissional. <a href=\"https:\/\/www.aarquiteta.com.br\/blog\/?s=ARQUITETO\">Arquiteto<\/a> ou Engenheiro, e n\u00e3o precisa ser necessariamente quem construiu a casa ou ainda foi o respons\u00e1vel t\u00e9cnico! Pode ser um terceiro profissional!<\/p><p style=\"text-align: justify;\">O que importa \u00e9 que esse <a href=\"https:\/\/www.aarquiteta.com.br\/blog\/carreira-de-arquitetura\/\" class=\"ilj-generated-link\">profissional<\/a> deve ser registrado na prefeitura para poder fazer o requerimento.<\/p><p style=\"text-align: justify;\">N\u00f3s profissionais devemos estar em dia com o registro da nossa situa\u00e7\u00e3o profissional, com todas as taxas pagas de ISS e etc. para podermos trabalhar na prefeitura, caso contrario ser\u00e1 imposs\u00edvel dar entrada na papelada! (<a href=\"https:\/\/amzn.to\/3t5eMtT\" target=\"_blank\" rel=\"noopener\">No e-book<\/a> tem mais detalhes!)<\/p><p style=\"text-align: justify;\">Na Prefeitura de Osasco temos alguns documentos que fazem parte do check-in que \u00a0precisam ser anexados ao processo j\u00e1 na primeira protocolada, sem eles nem adiantam, pois, n\u00e3o vai rolar\u2026 o atentende vai te solicitar os documentos faltantes e voc\u00ea vai perder seu tempo.<\/p><h3>Como conseguir c\u00f3pia do habite-se?<\/h3><p>Se voc\u00ea comprou um im\u00f3vel e n\u00e3o tem documenta\u00e7\u00e3o, voc\u00ea precisar\u00e1 se inscrever no departamento de planejamento municipal de sua cidade.<\/p><p>Ap\u00f3s concluir a obra e apresentar os documentos exigidos, dever\u00e1 solicitar uma vistoria do im\u00f3vel para ocupa\u00e7\u00e3o.<\/p><h3>Como conseguir 2 via do habite-se?<\/h3><p>Utilizando o n\u00famero de registo do im\u00f3vel, dever\u00e1 dirigir-se \u00e0 conservat\u00f3ria do registo predial onde o im\u00f3vel est\u00e1 registado e solicitar uma certid\u00e3o de conte\u00fado completa, que dever\u00e1 conter a confirma\u00e7\u00e3o dos documentos de ocupa\u00e7\u00e3o.<\/p><h3>Qual o valor do metro quadrado do habite-se?<\/h3><p>O ISS resultante da obten\u00e7\u00e3o do Habite-se ser\u00e1 recolhido pela prefeitura local. Valor estimado de ISS em 2022 para a cidade de Campinas SP: 57,84 reais\/m\u00b2. Os pagamentos s\u00e3o permitidos no prazo m\u00e1ximo de 60 meses.<\/p><h3>Que problemas podem surgir com a falta de Habite-se?<\/h3><p>Por se tratar de um documento t\u00e3o importante, se voc\u00ea esquecer ou n\u00e3o fizer um pedido de vistoria que resultar\u00e1 na emiss\u00e3o de um Habite-se, as consequ\u00eancias ser\u00e3o m\u00faltiplas.<\/p><p>Muitos acreditam que as propriedades estruturadas, com \u00e1gua, luz e telefones, est\u00e3o prontas.<\/p><p>No entanto, estes n\u00e3o garantem a regulariza\u00e7\u00e3o dos im\u00f3veis \u00e0 vista da cidade, al\u00e9m de dizer que tamb\u00e9m n\u00e3o garante que a moradia seja segura, pois, um erro estrutural pode colocar em risco a vida de todos que ocupam o espa\u00e7o.<\/p><p>Ocupar uma resid\u00eancia sem este certificado de conclus\u00e3o \u00e9 perigoso para voc\u00ea e sua fam\u00edlia, bem como os aspectos financeiros de sua vida, pois voc\u00ea pode ser obrigado a pagar multas por viola\u00e7\u00f5es.<\/p><p>Se a situa\u00e7\u00e3o j\u00e1 \u00e9 dif\u00edcil para as <a href=\"https:\/\/www.aarquiteta.com.br\/blog\/?s=CASAS\">casas<\/a>, \u00e9 ainda mais dif\u00edcil para os apartamentos, sejam casas ou condom\u00ednios, o que pode acarretar multas mais pesadas devido ao perigo de mais vidas.<\/p><p>Outro ponto a ser observado no caso de condom\u00ednios \u00e9 que, por se tratar de um empreendimento imobili\u00e1rio, nenhum Habite-se impedir\u00e1 que seus futuros inquilinos obtenham licen\u00e7a de funcionamento e possam morar l\u00e1.<\/p><p>Este documento \u00e9 \u00fanico para todo o empreendimento, ou seja, n\u00e3o \u00e9 \u00fanico para cada espa\u00e7o.<\/p><p><span style=\"color: #2b2b2b; font-size: 16px;\">Esta personalidade s\u00f3 \u00e9 aplicada no momento do registo. No caso de compra individual, cada morador do ambiente adquirido deve ter acesso ao cadastro do ambiente, pois cada ambiente \u00e9 \u00fanico.<\/span><\/p><p>N\u00e3o se mude para um im\u00f3vel sem este documento. Se voc\u00ea vend\u00ea-lo, \u00e9 necess\u00e1rio informar o comprador de tais viola\u00e7\u00f5es para que ele j\u00e1 esteja ciente disso.<\/p><h3>Quanto custa formalizar um im\u00f3vel?<\/h3><p>Antes de falar de pre\u00e7o, vale dar uma dica b\u00e1sica para evitar surpresas na hora de comprar um im\u00f3vel: procure sempre reservar pelo menos 5% do valor da sua casa para a parte burocr\u00e1tica.<\/p><p>\u00c9 mais importante do que parece, porque o custo de um item \u00e9 mais que apenas compr\u00e1-lo.<\/p><p>\u00c9 f\u00e1cil dizer que para comprar uma casa e finalmente realizar seu sonho, voc\u00ea s\u00f3 precisa pagar o pre\u00e7o, mas n\u00e3o \u00e9.<\/p><p>Dito isso, saiba que o valor de regular integralmente um lar \u00e9 t\u00e3o variado quanto as leis e procedimentos a incidir sobre o Habite-se.<\/p><p>Dito isto, n\u00e3o h\u00e1 como determinar exatamente quanto voc\u00ea gastar\u00e1.<\/p><p>H\u00e1 tantas vari\u00e1veis \u200b\u200ba serem consideradas que a presen\u00e7a de precis\u00e3o \u00e9 ignorada.<\/p><p>Enquanto alguns dados sugerem que pode oscilar entre R$ 1.000,00 e R$ 7.000,00, \u00e9 imposs\u00edvel dizer quando ser\u00e1 mais caro que isso ou quando ser\u00e1 menor que o valor assumido.<\/p><p>O pr\u00f3prio CND mencionado no t\u00f3pico anterior pode ter pre\u00e7o de at\u00e9 R$ 2.000,00 e seu valor pode sofrer altera\u00e7\u00f5es. J\u00e1 as al\u00edquotas de ISS podem variar de 2% a 5% do valor dos servi\u00e7os prestados para emiss\u00e3o de documentos formais.<\/p><p>Por isso, em muitos casos, vale a pena contratar uma empresa especializada no setor imobili\u00e1rio.<\/p><p>Ela se certificar\u00e1 de fornecer todos os documentos necess\u00e1rios e garantir\u00e1 que voc\u00ea tire o estresse e trabalhe em sua propriedade.<\/p><h2 style=\"text-align: justify;\">Documentos necess\u00e1rios para a solicita\u00e7\u00e3o de Habite-se:<\/h2><ul><li style=\"text-align: left;\">&#8211; Requerimento padr\u00e3o! \u00a0Aquele que preenchido on-line que ensinei no post anterior, que voc\u00ea preenche direto no site, aqui neste link:<\/li><li style=\"text-align: left;\">-&gt;\u00a0 https:\/\/www.osasco.sp.gov.br\/habitacao\/requeridus\/requer_alvara.html<\/li><li style=\"text-align: justify;\">&#8211; 02 c\u00f3pias da planta do projeto aprovado (aquele com os carimbos de aprova\u00e7\u00e3o expedido pela prefeitura);<\/li><li style=\"text-align: justify;\">&#8211; 01 c\u00f3pia do alvar\u00e1 de constru\u00e7\u00e3o;<\/li><li style=\"text-align: justify;\">&#8211; Laudo t\u00e9cnico de estabilidade e conclus\u00e3o de obra;<\/li><li style=\"text-align: justify;\">&#8211; A folha de t\u00e9rmino da caderneta de obras;<\/li><li style=\"text-align: justify;\">&#8211; CND: Certid\u00e3o Negativa de Impostos (ver o procedimento no artigo projeto<a title=\"Projetos de Prefeitura: Guia de Aprova\u00e7\u00e3o de Projeto de Regulariza\u00e7\u00e3o\" href=\"https:\/\/www.aarquiteta.com.br\/blog\/projetos-de-prefeitura\/projeto-de-regularizacao\/\" target=\"_blank\" rel=\"noopener\">\u00a0de Prefeitura: Guia de Aprova\u00e7\u00e3o de Projeto de Regulariza\u00e7\u00e3o<\/a>\u00a0 )<\/li><li style=\"text-align: justify;\">&#8211; Guia de recolhimento de emolumentos, ISSQN e taxa de protocolo;<\/li><li style=\"text-align: justify;\">&#8211; Certid\u00e3o de numera\u00e7\u00e3o junto ao emplacamento; (Mencionado no post anterior sobre Projetos de regulariza\u00e7\u00e3o)<\/li><li style=\"text-align: justify;\">&#8211; CPF, RG ou CNPJ da empresa;<\/li><li style=\"text-align: justify;\">&#8211; ART ou RRT do profissional; <a href=\"https:\/\/www.aarquiteta.com.br\/blog\/carreira-profissional\/rrt-cau\/\" target=\"_blank\" rel=\"noopener\">( Saiba como elaborar uma RRT )\u00a0<\/a><\/li><li style=\"text-align: justify;\">&#8211; Copia do Auto de vistoria do corpo de bombeiros;<\/li><li style=\"text-align: justify;\">&#8211; Alvar\u00e1 de instala\u00e7\u00e3o de elevadores (para edifica\u00e7\u00f5es comerciais)<\/li><li style=\"text-align: justify;\">&#8211; Atestado e ART ou RRT referente a instala\u00e7\u00e3o de p\u00e1ra-raios\u00a0(para edifica\u00e7\u00f5es comerciais)<\/li><li style=\"text-align: justify;\">&#8211; Atestado e ART ou RRT de instala\u00e7\u00e3o de g\u00e1s \u00a0GLP\u00a0(para edifica\u00e7\u00f5es comerciais)<\/li><\/ul><p style=\"text-align: justify;\">Obs: Para os pr\u00e9dios com elevadores, dever\u00e1 ser requerido com o processo de habite-se o processo de funcionamento de elevadores que sem o mesmo n\u00e3o ser\u00e1 fornecido o habite-se. (para edifica\u00e7\u00f5es comerciais)<\/p><p style=\"text-align: justify;\">&#8211; TODOS OS DOCUMENTOS DEVEM ESTAR ASSINADOS E DATADOS PELO PROFISSIONAL E PELO PROPRIET\u00c1RIO(os)<\/p><p>Re\u00fana todos esses documentos e dirija-se a Secretaria do Uso do Solo, o DUS e d\u00ea entrada no processo.<\/p><p>O prazo para o primeiro comunique-se \u00e9 de at\u00e9 30 dias!<\/p><p><iframe src=\"https:\/\/www.youtube.com\/embed\/gYl6bPqn3y4\" width=\"560\" height=\"315\" frameborder=\"0\" allowfullscreen=\"allowfullscreen\"><\/iframe><\/p><h3>Certificado de Conclus\u00e3o Residencial e de Demoli\u00e7\u00e3o:<\/h3><p>A demoli\u00e7\u00e3o tamb\u00e9m requer aprova\u00e7\u00e3o do governo para prosseguir. Assim como o Habite-se, este serve para demonstrar que todo o processo de destrui\u00e7\u00e3o foi realizado decisivamente.<\/p><p>No entanto, o que isso tem a ver com certificados de conclus\u00e3o de trabalho? Isso \u00e9 muito simples!<\/p><p>Quando algu\u00e9m adquire uma propriedade, mas est\u00e1 interessado apenas no terreno e na sua localiza\u00e7\u00e3o, essa pessoa naturalmente procurar\u00e1 destruir a habita\u00e7\u00e3o e construir uma nova habita\u00e7\u00e3o em cima da antiga conforme os seus desejos.<\/p><p>No entanto, uma casa antiga adquirida precisa ter todos os documentos atualizados, inclusive de ocupa\u00e7\u00e3o, para poder ser destru\u00edda e uma nova casa constru\u00edda em seu lugar.<\/p><p>Este processo deve constar no registro do im\u00f3vel antigo, necess\u00e1rio o registro no cart\u00f3rio respons\u00e1vel pelo im\u00f3vel abaixo.<\/p><p>Esta ficha deve ser preenchida antes do in\u00edcio da demoli\u00e7\u00e3o, e a autoriza\u00e7\u00e3o de execu\u00e7\u00e3o da demoli\u00e7\u00e3o deve ser trazida ao local; ap\u00f3s isso, deve o pessoal do governo v\u00e1 at\u00e9 o local, fa\u00e7a uma avalia\u00e7\u00e3o e emita um documento se tudo estiver em ordem.<\/p><p>Voc\u00ea percebe como eles s\u00e3o semelhantes, mesmo que seu prop\u00f3sito seja diferente? Al\u00e9m disso, eles s\u00e3o essenciais para manter sua resid\u00eancia regular e evitar quaisquer custos que possam surgir devido a viola\u00e7\u00f5es do governo.<\/p><p>Atenda-o no prazo, aguarde o agendamento da vistoria\u00a0e boa sorte!<\/p><p>Aprenda essas t\u00e9cnicas de aprova\u00e7\u00e3o no meu<a href=\"https:\/\/amzn.to\/3t5eMtT\" target=\"_blank\" rel=\"noopener\"> livro Projetos de Prefeitura<\/a>:<\/p><p><a href=\"https:\/\/amzn.to\/3t5eMtT\" target=\"_blank\" rel=\"noopener\"><img decoding=\"async\" class=\"aligncenter wp-image-11558 size-full\" src=\"https:\/\/www.aarquiteta.com.br\/blog\/wp-content\/uploads\/2013\/09\/livro-o-pequeno-grande-guia-de-projetos-de-prefeitura-gratis-ebook-luciana-paixao-a-arquiteta-650x489.png\" alt=\"\" width=\"650\" height=\"489\" title=\"\" srcset=\"https:\/\/www.aarquiteta.com.br\/blog\/wp-content\/uploads\/2013\/09\/livro-o-pequeno-grande-guia-de-projetos-de-prefeitura-gratis-ebook-luciana-paixao-a-arquiteta-650x489.png 650w, https:\/\/www.aarquiteta.com.br\/blog\/wp-content\/uploads\/2013\/09\/livro-o-pequeno-grande-guia-de-projetos-de-prefeitura-gratis-ebook-luciana-paixao-a-arquiteta-650x489-150x113.png 150w\" sizes=\"(max-width: 650px) 100vw, 650px\" \/><\/a><\/p><p><a href=\"https:\/\/www.aarquiteta.com.br\/curso-autocad-completo\/\" target=\"_blank\" rel=\"noopener\"><img decoding=\"async\" class=\"aligncenter size-full wp-image-2828\" src=\"https:\/\/www.aarquiteta.com.br\/blog\/wp-content\/uploads\/2014\/03\/BAN-cad.jpg\" alt=\"BAN cad\" width=\"656\" height=\"98\" title=\"\" srcset=\"https:\/\/www.aarquiteta.com.br\/blog\/wp-content\/uploads\/2014\/03\/BAN-cad.jpg 656w, https:\/\/www.aarquiteta.com.br\/blog\/wp-content\/uploads\/2014\/03\/BAN-cad-150x22.jpg 150w\" sizes=\"(max-width: 656px) 100vw, 656px\" \/><\/a><\/p><p style=\"text-align: center;\">Quer aprender a fazer os diferentes projetos de prefeitura e ainda aprov\u00e1-los?<\/p><p>&nbsp;<\/p>","protected":false},"excerpt":{"rendered":"<p>Voc\u00ea sabe o que \u00e9 o habite-se?\u00a0Habite-se \u00e9 a sua permiss\u00e3o para morar, residir em uma edifica\u00e7\u00e3o nova!\u00a0N\u00e3o basta aprovar o projeto e edific\u00e1-lo!Ap\u00f3s a conclus\u00e3o da obra, o morador deve pedir o habite-se para al\u00e9m de ter a permiss\u00e3o para morar, comprovar que a edifica\u00e7\u00e3o foi feita respeitando o projeto de constru\u00e7\u00e3o!Para \u00a0solicita\u00e7\u00e3o de [&hellip;]<\/p>\n","protected":false},"author":102,"featured_media":58629,"comment_status":"closed","ping_status":"closed","sticky":false,"template":"","format":"standard","meta":{"footnotes":""},"categories":[1507,16],"tags":[239,238,10184,965],"class_list":["post-1238","post","type-post","status-publish","format-standard","has-post-thumbnail","category-arquitetura","category-projetos-de-prefeitura-arquitetura-como-fazer","tag-como-solicitar-habite-se-na-prefeitura-de-osasco","tag-guia-de-solicitacao-de-habite-se","tag-habite-se","tag-projetos-de-prefeitura"],"_wp_attached_file":null,"_wp_attachment_metadata":null,"_wp_attachment_context":null,"_wp_attachment_is_custom_header":null,"geo_longitude":null,"geo_public":null,"geo_latitude":null,"_publicize_done_external":null,"_wpas_done_3897181":null,"publicize_twitter_user":null,"_wpas_done_3897175":null,"_wpas_skip_3897181":null,"_wpas_skip_3897175":null,"_wpas_skip_3924723":null,"_wpas_mess":null,"_wpas_done_3924723":null,"wps_subtitle":"Adquira todas as informa\u00e7\u00f5es necess\u00e1rias para obert o seu Habite-se com a ajuda deste post. Confira!","_links":{"self":[{"href":"https:\/\/www.aarquiteta.com.br\/blog\/wp-json\/wp\/v2\/posts\/1238","targetHints":{"allow":["GET"]}}],"collection":[{"href":"https:\/\/www.aarquiteta.com.br\/blog\/wp-json\/wp\/v2\/posts"}],"about":[{"href":"https:\/\/www.aarquiteta.com.br\/blog\/wp-json\/wp\/v2\/types\/post"}],"author":[{"embeddable":true,"href":"https:\/\/www.aarquiteta.com.br\/blog\/wp-json\/wp\/v2\/users\/102"}],"replies":[{"embeddable":true,"href":"https:\/\/www.aarquiteta.com.br\/blog\/wp-json\/wp\/v2\/comments?post=1238"}],"version-history":[{"count":0,"href":"https:\/\/www.aarquiteta.com.br\/blog\/wp-json\/wp\/v2\/posts\/1238\/revisions"}],"wp:featuredmedia":[{"embeddable":true,"href":"https:\/\/www.aarquiteta.com.br\/blog\/wp-json\/wp\/v2\/media\/58629"}],"wp:attachment":[{"href":"https:\/\/www.aarquiteta.com.br\/blog\/wp-json\/wp\/v2\/media?parent=1238"}],"wp:term":[{"taxonomy":"category","embeddable":true,"href":"https:\/\/www.aarquiteta.com.br\/blog\/wp-json\/wp\/v2\/categories?post=1238"},{"taxonomy":"post_tag","embeddable":true,"href":"https:\/\/www.aarquiteta.com.br\/blog\/wp-json\/wp\/v2\/tags?post=1238"}],"curies":[{"name":"wp","href":"https:\/\/api.w.org\/{rel}","templated":true}]}}