{"id":123,"date":"2013-06-26T00:00:21","date_gmt":"2013-06-26T03:00:21","guid":{"rendered":"http:\/\/aarquitetadicas.wordpress.com\/?p=123"},"modified":"2026-09-01T16:03:21","modified_gmt":"2026-09-01T19:03:21","slug":"lumion3d","status":"publish","type":"post","link":"https:\/\/www.aarquiteta.com.br\/blog\/lumion3d\/","title":{"rendered":"Lumion 3D: Crie passeios virtuais em minutos!"},"content":{"rendered":"<p style=\"text-align: justify;\">Ol\u00e1 Pessoal!<\/p>\n<p style=\"text-align: justify;\">Na saga dos posts di\u00e1rios, vou compartilhar com voc\u00eas mais uma dica! E a dica de hoje \u00e9 como <a href=\"https:\/\/www.aarquiteta.com.br\/curso-lumion-3d\/\">elaborar apresenta\u00e7\u00f5es em v\u00eddeo 3D de qualidade com fotorealismo<\/a>\u00a0com o programa Lumion.<\/p>\n<p style=\"text-align: justify;\">Se voc\u00ea for como eu, uma pessoa que n\u00e3o pode investir horas do seu dia de cria\u00e7\u00e3o apenas para gerar uma linda imagem 3D do seu projeto para apresentar para os clientes, voc\u00ea vai se apaixonar por essa dica! Essa \u00e9 sem duvidas a melhor solu\u00e7\u00e3o para n\u00f3s!!<\/p>\n<p style=\"text-align: justify;\">Todo mundo sabe que para se <a href=\"https:\/\/www.aarquiteta.com.br\/curso-vray-para-sketchup-3dsmax\/\" target=\"_blank\" rel=\"noopener\">criar imagens 3D<\/a>, independente de ser foto real ou art\u00edstica, leva-se muito tempo, certo?<\/p>\n<p style=\"text-align: justify;\">Pois ent\u00e3o, n\u00f3s arquitetos e os designers at\u00e9 gostar\u00edamos de ter esse tempo para investirmos horas do nosso dia para podermos criar imagens incr\u00edveis que surpreenda o nosso cliente, mas sabemos que infelizmente n\u00e3o \u00e9 assim.<\/p>\n<p style=\"text-align: justify;\">Na verdade o processo \u00e9 longo e abrange muitos outras quest\u00f5es que n\u00e3o conta com a cria\u00e7\u00e3o do projeto completo, a concep\u00e7\u00e3o da ideia, do partido arquitet\u00f4nico, da volumetria, dos materiais a serem utilizados. As pessoas normalmente acham que o projeto surge do nada n\u00e3o \u00e9 verdade?<\/p>\n<p style=\"text-align: justify;\">Agora imagina que al\u00e9m do tempo de cria\u00e7\u00e3o e desenvolvimento de um projeto, precisar\u00edamos ainda ainda investir mais do nosso tempo nas t\u00e9cnicas de renderiza\u00e7\u00e3o para criar essas fant\u00e1sticas<a href=\"https:\/\/www.aarquiteta.com.br\/curso-3ds-max-vray-pos-3d\/\" target=\"_blank\" rel=\"noopener\"> imagens em 3D<\/a>!<\/p>\n<h6><em>\u261e Cart\u00e3o de Cr\u00e9dito Santander SX &#8211; O cart\u00e3o do Estudante Universit\u00e1rio do Brasiiil!<\/em><\/h6>\n<p><em>Se voc\u00ea \u00e9 estudante universit\u00e1rio e est\u00e1 precisando de um <strong>cart\u00e3o de cr\u00e9dito<\/strong> voltado para as suas necessidades financeiras, <strong>sem comprova\u00e7\u00e3o de renda<\/strong> e com possibilidade de conseguir <strong>zero de taxa de anuidade<\/strong>, O Banco Santander tem o cart\u00e3o de cr\u00e9dito ideal para voc\u00ea!<\/em><\/p>\n<figure id=\"attachment_52327\" aria-describedby=\"caption-attachment-52327\" style=\"width: 1200px\" class=\"wp-caption aligncenter\"><a href=\"https:\/\/www.aarquiteta.com.br\/blog\/como-solicitar-cartao-de-credito-santander\/\" target=\"_blank\" rel=\"noopener\"><img decoding=\"async\" class=\"wp-image-52327 size-full\" title=\"Cart\u00e3o de Cr\u00e9dito Santander SX - O Cart\u00e3o do Estudante Universit\u00e1rio!\" src=\"https:\/\/www.aarquiteta.com.br\/blog\/wp-content\/uploads\/2022\/04\/cartao-de-credito-santander-sx.jpg\" alt=\"Cart\u00e3o de Cr\u00e9dito Santander SX - O Cart\u00e3o do Estudante Universit\u00e1rio!\" width=\"1200\" height=\"800\" srcset=\"https:\/\/www.aarquiteta.com.br\/blog\/wp-content\/uploads\/2022\/04\/cartao-de-credito-santander-sx.jpg 1200w, https:\/\/www.aarquiteta.com.br\/blog\/wp-content\/uploads\/2022\/04\/cartao-de-credito-santander-sx-1024x683.jpg 1024w, https:\/\/www.aarquiteta.com.br\/blog\/wp-content\/uploads\/2022\/04\/cartao-de-credito-santander-sx-696x464.jpg 696w, https:\/\/www.aarquiteta.com.br\/blog\/wp-content\/uploads\/2022\/04\/cartao-de-credito-santander-sx-150x100.jpg 150w\" sizes=\"(max-width: 1200px) 100vw, 1200px\" \/><\/a><figcaption id=\"caption-attachment-52327\" class=\"wp-caption-text\">Cart\u00e3o de Cr\u00e9dito Santander SX &#8211; O Cart\u00e3o do Estudante Universit\u00e1rio! <a href=\"https:\/\/www.aarquiteta.com.br\/blog\/como-solicitar-cartao-de-credito-santander\/\">Clique para saber mais!\u00a0<\/a> Veja como \u00e9 f\u00e1cil!<\/figcaption><\/figure>\n<p>&nbsp;<\/p>\n<h2 style=\"text-align: justify;\">Renderizar leva tempo:<\/h2>\n<p style=\"text-align: justify;\">Nada contra, mas renderizar leva muito tempo! E n\u00f3s n\u00e3o temos esse tempo! Renderizar significa que precisamos conhecer as t\u00e9cnicas de ilumina\u00e7\u00e3o diurna e noturna, os diferentes tipos de luzes, t\u00e9cnicas de cria\u00e7\u00e3o e aplica\u00e7\u00e3o de materiais, t\u00e9cnicas de fotografia pra cria\u00e7\u00e3o e melhor posicionamento de c\u00e2meras&#8230; em fim&#8230; n\u00e3o \u00e9 pouca coisa! Isso tudo sem falar no maquin\u00e1rio que voc\u00ea precisa ter pra conseguir renderizar essas imagens com qualidade e com tempo!<\/p>\n<p style=\"text-align: justify;\">Eis que surge ent\u00e3o, um programa que veio pra facilitar a nossa vida! <a href=\"https:\/\/www.aarquiteta.com.br\/curso-lumion-3d\/\" target=\"_blank\" rel=\"noopener\">Lumion 3D<\/a>! Um programa feito para os arquitetos!<\/p>\n<p style=\"text-align: justify;\">[youtube=https:\/\/www.youtube.com\/watch?v=Nxsjya1zlxI]\n<p style=\"text-align: justify;\">A proposta desse programa \u00e9 : A cria\u00e7\u00e3o de apresenta\u00e7\u00f5es arquitet\u00f4nicas em minutos!<\/p>\n<h6><em>\u261e Financiamento Imobili\u00e1rio:<\/em><\/h6>\n<p><em>Casa, apartamento, novo ou usado, a <a href=\"https:\/\/www.caixa.gov.br\/Paginas\/home-caixa.aspx\" target=\"_blank\" rel=\"noopener\">Caixa Econ\u00f4mica<\/a> tem a <strong>linha de cr\u00e9dito<\/strong> ideal para voc\u00ea!\u00a0\u00a0<\/em><em>O Sonho da casa pr\u00f3pria pode estar mais perto de se tornar realidade do que voc\u00ea imagina:<\/em><\/p>\n<figure id=\"attachment_53083\" aria-describedby=\"caption-attachment-53083\" style=\"width: 1920px\" class=\"wp-caption aligncenter\"><a href=\"https:\/\/www.aarquiteta.com.br\/blog\/financiamento-imobiliario-caixa-economica\/\" target=\"_blank\" rel=\"noopener\"><img decoding=\"async\" class=\"wp-image-53083 size-full\" title=\"Financiamento de Im\u00f3vel - Financie sua casa pela Caixa Econ\u00f4mica!\" src=\"https:\/\/www.aarquiteta.com.br\/blog\/wp-content\/uploads\/2022\/04\/financiamento-mobiliario-caixa-economica.jpg\" alt=\"Financiamento de Im\u00f3vel - Financie sua casa pela Caixa Econ\u00f4mica!\" width=\"1920\" height=\"1080\" srcset=\"https:\/\/www.aarquiteta.com.br\/blog\/wp-content\/uploads\/2022\/04\/financiamento-mobiliario-caixa-economica.jpg 1920w, https:\/\/www.aarquiteta.com.br\/blog\/wp-content\/uploads\/2022\/04\/financiamento-mobiliario-caixa-economica-1024x576.jpg 1024w, https:\/\/www.aarquiteta.com.br\/blog\/wp-content\/uploads\/2022\/04\/financiamento-mobiliario-caixa-economica-696x392.jpg 696w, https:\/\/www.aarquiteta.com.br\/blog\/wp-content\/uploads\/2022\/04\/financiamento-mobiliario-caixa-economica-150x84.jpg 150w\" sizes=\"(max-width: 1920px) 100vw, 1920px\" \/><\/a><figcaption id=\"caption-attachment-53083\" class=\"wp-caption-text\"><a href=\"https:\/\/www.aarquiteta.com.br\/blog\/financiamento-imobiliario-caixa-economica\/\" target=\"_blank\" rel=\"noopener\">Financie sua casa pela Caixa Econ\u00f4mica! Clique aqui e veja como \u00e9 f\u00e1cil!<\/a><\/figcaption><\/figure>\n<p><em>\u00c9 de material de constru\u00e7\u00e3o que voc\u00ea precisa? Com o <a href=\"https:\/\/www.aarquiteta.com.br\/blog\/material-de-construcao-com-construcard\/\" target=\"_blank\" rel=\"noopener\">cart\u00e3o Construcard<\/a> a Caixa financia a compra do material para voc\u00ea! <a href=\"https:\/\/www.aarquiteta.com.br\/blog\/material-de-construcao-com-construcard\/\" target=\"_blank\" rel=\"noopener\">Pe\u00e7a j\u00e1 o seu<\/a>!\u00a0\u00a0<\/em><\/p>\n<h2 style=\"text-align: justify;\">Como isso \u00e9 poss\u00edvel?<\/h2>\n<p style=\"text-align: justify;\">Isto \u00e9 poss\u00edvel por se tratar de um poderoso e revolucion\u00e1rio software 3D desenvolvido pela empresa Act-3D, www.lumion3d.com que tem como grande diferencial a capacidade de gerar representa\u00e7\u00f5es tridimensionais de alta qualidade!<\/p>\n<p style=\"text-align: justify;\">E a boa noticia \u00e9 que n\u00e3o importa qual programa estejamos acostumados a trabalhar o <a href=\"https:\/\/www.aarquiteta.com.br\/curso-lumion-3d\/\" target=\"_blank\" rel=\"noopener\">Lumion<\/a> criar\u00e1 uma apresenta\u00e7\u00e3o incr\u00edvel em qualquer um desses softwares!<\/p>\n<p><a href=\"https:\/\/www.aarquiteta.com.br\/blog\/wp-content\/uploads\/2013\/06\/chama-lumion.jpg\"><img decoding=\"async\" class=\"alignleft\" src=\"https:\/\/www.aarquiteta.com.br\/blog\/wp-content\/uploads\/2013\/06\/chama-lumion.jpg?w=300\" alt=\"chama lumion\" width=\"300\" height=\"171\" title=\"\"><\/a><\/p>\n<p>&nbsp;<\/p>\n<p>&nbsp;<\/p>\n<p>&nbsp;<\/p>\n<p>&nbsp;<\/p>\n<p style=\"text-align: justify;\">O <a href=\"https:\/\/www.aarquiteta.com.br\/curso-lumion-3d\/\" target=\"_blank\" rel=\"noopener\">Lumion<\/a> trabalha o cen\u00e1rio, a composi\u00e7\u00e3o de cena, ou seja, voc\u00ea vai continuar a trabalhar o seu projeto 2D e 3D nos seus programas de costume: <a href=\"https:\/\/www.aarquiteta.com.br\/curso-autocad-completo\/\" target=\"_blank\" rel=\"noopener\">AutoCAD<\/a>, <a href=\"https:\/\/www.aarquiteta.com.br\/curso-de-sketchup-pro-render-vray\/\" target=\"_blank\" rel=\"noopener\">Sketchup<\/a>, <a href=\"https:\/\/www.aarquiteta.com.br\/curso-3ds-max-vray-pos-3d\/\" target=\"_blank\" rel=\"noopener\">3DSmax<\/a>. <a href=\"https:\/\/www.aarquiteta.com.br\/curso-revit-projetos-prefeitura\/\" target=\"_blank\" rel=\"noopener\">Revit<\/a> e outros, e depois de pronto, com seu projeto 100% modelado, voc\u00ea apenas o importa as estruturas 3D para dentro do<a href=\"https:\/\/www.aarquiteta.com.br\/curso-lumion-3d\/\" target=\"_blank\" rel=\"noopener\"> Lumion<\/a> criando assim toda apresenta\u00e7\u00e3o final!<\/p>\n<p style=\"text-align: justify;\">\u00c8 s\u00f3 aplicar os materiais, escolher o posicionamento do sol, da lua&#8230; escolhe o volume de nuvens pro dia o pra noite&#8230; tudo ao alcance de simples comandos! Veja a imagem a baixo:<\/p>\n<p><a href=\"https:\/\/www.aarquiteta.com.br\/blog\/wp-content\/uploads\/2013\/06\/configurac3a7c3a3o-geral.jpg\"><img decoding=\"async\" class=\"size-medium wp-image-130 alignleft\" src=\"https:\/\/www.aarquiteta.com.br\/blog\/wp-content\/uploads\/2013\/06\/configurac3a7c3a3o-geral.jpg?w=281\" alt=\"configura\u00e7\u00e3o geral\" width=\"281\" height=\"300\" title=\"\" srcset=\"https:\/\/www.aarquiteta.com.br\/blog\/wp-content\/uploads\/2013\/06\/configurac3a7c3a3o-geral.jpg 598w, https:\/\/www.aarquiteta.com.br\/blog\/wp-content\/uploads\/2013\/06\/configurac3a7c3a3o-geral-150x160.jpg 150w\" sizes=\"(max-width: 281px) 100vw, 281px\" \/><\/a><\/p>\n<p>&nbsp;<\/p>\n<p>&nbsp;<\/p>\n<p>&nbsp;<\/p>\n<p>&nbsp;<\/p>\n<p>&nbsp;<\/p>\n<p>&nbsp;<\/p>\n<p>&nbsp;<\/p>\n<p style=\"text-align: left;\">Muitos dos cen\u00e1rios do <a href=\"https:\/\/www.aarquiteta.com.br\/curso-lumion-3d\/\" target=\"_blank\" rel=\"noopener\">Lumion<\/a> j\u00e1 vem prontos, sem contar que voc\u00ea pode customiza-los ao seu gosto!<\/p>\n<p style=\"text-align: justify;\">Com o <a href=\"https:\/\/www.aarquiteta.com.br\/curso-lumion-3d\/\" target=\"_blank\" rel=\"noopener\">Lumion<\/a> al\u00e9m de voc\u00ea criar imagens 3D super f\u00e1cil e r\u00e1pido, sem haver a necessidade de investir horas de estudos em um programa de renderiza\u00e7\u00e3o mais complexo, ele tamb\u00e9m cria takes, transformando suas apresenta\u00e7\u00f5es finais em pequenos v\u00eddeos, que podem ser assistidos na TV, no notebook, em um tablet, ou at\u00e9 mesmo pelo celular do seu cliente, atrav\u00e9s do YouTube.<\/p>\n<p style=\"text-align: justify;\">Gostou n\u00e9? Pois ent\u00e3o conhe\u00e7a o nosso curso de <a href=\"https:\/\/www.aarquiteta.com.br\/curso-lumion-3d\/\" target=\"_blank\" rel=\"noopener\">Lumion 3D<\/a> e impressione seus clientes! Suas apresenta\u00e7\u00f5es nunca mais ser\u00e3o as mesmas!<\/p>\n<h6><em>\u261e Cart\u00e3o de Cr\u00e9dito Santander SX &#8211; O cart\u00e3o do Estudante Universit\u00e1rio do Brasiiil!<\/em><\/h6>\n<p><em>Se voc\u00ea \u00e9 estudante universit\u00e1rio e est\u00e1 precisando de um <strong>cart\u00e3o de cr\u00e9dito<\/strong> voltado para as suas necessidades financeiras, <strong>sem comprova\u00e7\u00e3o de renda<\/strong> e com possibilidade de conseguir <strong>zero de taxa de anuidade<\/strong>, O Banco Santander tem o cart\u00e3o de cr\u00e9dito ideal para voc\u00ea!<\/em><\/p>\n<figure id=\"attachment_52327-2\" aria-describedby=\"caption-attachment-52327-2\" style=\"width: 1200px\" class=\"wp-caption aligncenter\"><a href=\"https:\/\/www.aarquiteta.com.br\/blog\/como-solicitar-cartao-de-credito-santander\/\" target=\"_blank\" rel=\"noopener\"><img decoding=\"async\" class=\"wp-image-52327 size-full\" title=\"Cart\u00e3o de Cr\u00e9dito Santander SX - O Cart\u00e3o do Estudante Universit\u00e1rio!\" src=\"https:\/\/www.aarquiteta.com.br\/blog\/wp-content\/uploads\/2022\/04\/cartao-de-credito-santander-sx.jpg\" alt=\"Cart\u00e3o de Cr\u00e9dito Santander SX - O Cart\u00e3o do Estudante Universit\u00e1rio!\" width=\"1200\" height=\"800\" srcset=\"https:\/\/www.aarquiteta.com.br\/blog\/wp-content\/uploads\/2022\/04\/cartao-de-credito-santander-sx.jpg 1200w, https:\/\/www.aarquiteta.com.br\/blog\/wp-content\/uploads\/2022\/04\/cartao-de-credito-santander-sx-1024x683.jpg 1024w, https:\/\/www.aarquiteta.com.br\/blog\/wp-content\/uploads\/2022\/04\/cartao-de-credito-santander-sx-696x464.jpg 696w, https:\/\/www.aarquiteta.com.br\/blog\/wp-content\/uploads\/2022\/04\/cartao-de-credito-santander-sx-150x100.jpg 150w\" sizes=\"(max-width: 1200px) 100vw, 1200px\" \/><\/a><figcaption id=\"caption-attachment-52327-2\" class=\"wp-caption-text\">Cart\u00e3o de Cr\u00e9dito Santander SX &#8211; O Cart\u00e3o do Estudante Universit\u00e1rio! <a href=\"https:\/\/www.aarquiteta.com.br\/blog\/como-solicitar-cartao-de-credito-santander\/\">Clique para saber mais!\u00a0<\/a> Veja como \u00e9 f\u00e1cil!<\/figcaption><\/figure>\n<p>&nbsp;<\/p>\n<div style=\"text-align: justify;\">\n<p>Saiba mais em: <a href=\"https:\/\/www.aarquiteta.com.br\/curso-lumion-3d\/\" target=\"_blank\" rel=\"noopener\">https:\/\/www.aarquiteta.com.br\/curso-lumion-3d\/<\/a><\/p>\n<p>Conhe\u00e7a a seguir as aulas deste curso e mude sua maneira de apresentar seus projetos!<\/p>\n<p><span style=\"font-size: 13px; line-height: 19px;\">O curso conta com 10 aulas super did\u00e1ticas!<\/span><\/p>\n<p><strong>CURSO DE LUMION 5.0 com aulas do Lumion 6.0<\/strong><\/p>\n<ul>\n<li>1 &#8211; Introdu\u00e7\u00e3o ao Lumion 5: O que \u00e9 o Lumion? O que ele faz e como ele trabalha;<\/li>\n<li>2 \u2013 Lumion 5 Workspace;<\/li>\n<li>3 &#8211; Importando para o Lumion: .SKT, Revit, Obj, 3dsmax;<\/li>\n<li>4 &#8211; Navegando no Lumion: Uso c\u00e2mera, do mouse, barra de espa\u00e7o, zoom, etc;<\/li>\n<li>5 &#8211; Realocando os modelos 3D que foram importados (move, rotate, scale, lock, reload model, etc);<\/li>\n<li>6 &#8211; Substituindo um modelo 3D importado ( reload model and re apply);<\/li>\n<li>7 &#8211; Organizando o mundo 3D com as layers no Lumion;<\/li>\n<li>8 &#8211; Inserindo conte\u00fado no Lumion (nature library);<\/li>\n<li>9 &#8211; Copiando e removendo os modelos;<\/li>\n<li>10 &#8211; Inserindo modelos no terreno;<\/li>\n<li>11 &#8211; Inserindo m\u00faltiplos objetos 3D;<\/li>\n<li>12 &#8211; Randomizando os tamanhos dos objetos 3ds na cena;<\/li>\n<li>13 &#8211; Configurando os modelos 3D (edit proprieties);<\/li>\n<li>14 &#8211; Inserindo os modelos 3D com maior ajuste ( usando coordenadas XYZ);<\/li>\n<li>15 &#8211; Manipulando e controlando modelos 3D: Selecionando m\u00faltiplos objetos;<\/li>\n<li>16 \u2013 Selecionando objetos de diferentes categorias;<\/li>\n<li>17 \u2013 Orienta\u00e7\u00e3o de qualquer modelo 3D;<\/li>\n<li>18 \u2013 Transforma\u00e7\u00e3o de objetos;<\/li>\n<li>19 \u2013 Criando terreno parte 1;<\/li>\n<li>20 \u2013 Criando terreno parte 2;<br \/>\n21 \u2013 Criando e configurando \u00e1gua;<\/li>\n<li>22 \u2013 Configurando o Sol;<\/li>\n<li>23 \u2013 Trabalhando com sombras (shadows);<\/li>\n<li>24 \u2013 Criando e configurando o Skylight e Nuvens;<\/li>\n<li>25 \u2013 Configurando o Global Ilumination;<\/li>\n<li>26 \u2013 Configurando o Fog ( Neblina) e Rain ( Chuva);<\/li>\n<li>27 \u2013 Criando e configurando Neve e Vento;<\/li>\n<li>28 \u2013 Configurando Materiais parte 1;<\/li>\n<li>29 \u2013 Configurando Materiais parte 2;<\/li>\n<li>30 \u2013 Criando e configurando Fontes, Fogo, Fuma\u00e7a, Neblina e Folhas que voam;<\/li>\n<li>31 \u2013 Inserindo Textos;<\/li>\n<li>32 \u2013 Usando o clip plane;<\/li>\n<li>33 \u2013 Como criar e configurar Spots e ilumina\u00e7\u00e3o;<\/li>\n<li>34 \u2013 Efeito Reflection ( criando vidro e \u00e1gua realistas)<\/li>\n<li>35 \u2013 Efeitos Depth of field e Lens Flare;<\/li>\n<li>36 \u2013 Efeitos Near Clip Plane, Fish eye, Handheld C\u00e2mera, Exposure e Point perspective;<\/li>\n<li>37 \u2013 Efeitos Bloom; Overlay Layer, Sharpness e Selective saturation;<\/li>\n<li>38 \u2013 Efeitos color correction, analog color lab, vignette e noise;<\/li>\n<li>39 \u2013 Efeitos God rays, Chromatic aberrations, bleach, broadcast safe, material high light;<\/li>\n<li>40 \u2013 Efeitos Painting, watercolor, sketch e manga;<\/li>\n<li>41 \u2013 Efeitos Oil painting, blueprint, pastel, sketch;<\/li>\n<li>42 \u2013 Criando e usando o c\u00e2mera path, gerando v\u00eddeo \u2013 parte 01;<\/li>\n<li>43 \u2013 Gerando v\u00eddeo (renderizando) &#8211; parte 02;<\/li>\n<li>44 \u2013 Trabalhando com efeitos em v\u00eddeo;<\/li>\n<li>45 \u2013 Usando o keyframe;<\/li>\n<li>46 \u2013 Animando os modelos 3D (sky drop, move e move advanced);<\/li>\n<li>47 \u2013 Animando os efeitos (Layer e sound);<\/li>\n<li>48 \u2013 Efeito Mass Move<\/li>\n<li>49 \u2013 Efeito motion blur e in out;<\/li>\n<li>50 \u2013 Criando transi\u00e7\u00f5es nos v\u00eddeos e configurando textos;<\/li>\n<\/ul>\n<h6><em>\u261e Financiamento Imobili\u00e1rio:<\/em><\/h6>\n<p><em>Casa, apartamento, novo ou usado, a <a href=\"https:\/\/www.caixa.gov.br\/Paginas\/home-caixa.aspx\" target=\"_blank\" rel=\"noopener\">Caixa Econ\u00f4mica<\/a> tem a <strong>linha de cr\u00e9dito<\/strong> ideal para voc\u00ea!\u00a0\u00a0<\/em><em>O Sonho da casa pr\u00f3pria pode estar mais perto de se tornar realidade do que voc\u00ea imagina:<\/em><\/p>\n<figure id=\"attachment_53083-2\" aria-describedby=\"caption-attachment-53083-2\" style=\"width: 1920px\" class=\"wp-caption aligncenter\"><a href=\"https:\/\/www.aarquiteta.com.br\/blog\/financiamento-imobiliario-caixa-economica\/\" target=\"_blank\" rel=\"noopener\"><img decoding=\"async\" class=\"wp-image-53083 size-full\" title=\"Financiamento de Im\u00f3vel - Financie sua casa pela Caixa Econ\u00f4mica!\" src=\"https:\/\/www.aarquiteta.com.br\/blog\/wp-content\/uploads\/2022\/04\/financiamento-mobiliario-caixa-economica.jpg\" alt=\"Financiamento de Im\u00f3vel - Financie sua casa pela Caixa Econ\u00f4mica!\" width=\"1920\" height=\"1080\" srcset=\"https:\/\/www.aarquiteta.com.br\/blog\/wp-content\/uploads\/2022\/04\/financiamento-mobiliario-caixa-economica.jpg 1920w, https:\/\/www.aarquiteta.com.br\/blog\/wp-content\/uploads\/2022\/04\/financiamento-mobiliario-caixa-economica-1024x576.jpg 1024w, https:\/\/www.aarquiteta.com.br\/blog\/wp-content\/uploads\/2022\/04\/financiamento-mobiliario-caixa-economica-696x392.jpg 696w, https:\/\/www.aarquiteta.com.br\/blog\/wp-content\/uploads\/2022\/04\/financiamento-mobiliario-caixa-economica-150x84.jpg 150w\" sizes=\"(max-width: 1920px) 100vw, 1920px\" \/><\/a><figcaption id=\"caption-attachment-53083-2\" class=\"wp-caption-text\"><a href=\"https:\/\/www.aarquiteta.com.br\/blog\/financiamento-imobiliario-caixa-economica\/\" target=\"_blank\" rel=\"noopener\">Financie sua casa pela Caixa Econ\u00f4mica! Clique aqui e veja como \u00e9 f\u00e1cil!<\/a><\/figcaption><\/figure>\n<p><em>\u00c9 de material de constru\u00e7\u00e3o que voc\u00ea precisa? Com o <a href=\"https:\/\/www.aarquiteta.com.br\/blog\/material-de-construcao-com-construcard\/\" target=\"_blank\" rel=\"noopener\">cart\u00e3o Construcard<\/a> a Caixa financia a compra do material para voc\u00ea! <a href=\"https:\/\/www.aarquiteta.com.br\/blog\/material-de-construcao-com-construcard\/\" target=\"_blank\" rel=\"noopener\">Pe\u00e7a j\u00e1 o seu<\/a>!\u00a0\u00a0<\/em><\/p>\n<p><strong>NOVAS AULAS:<\/strong><\/p>\n<p><strong>MODULO 01: NOVIDADES E ATUALIZA\u00c7\u00d5ES DO LUMION 6.0:<\/strong><\/p>\n<ul>\n<li>51- \u00a0ASFALTO MOLHADO<\/li>\n<li>52 &#8211; EFEITO ISOPOR<\/li>\n<li>53 &#8211; \u00a0PURE GLASS<\/li>\n<li>54 &#8211; \u00a0SILHUETAS<\/li>\n<li>55 &#8211; \u00a0EFEITO OUTONO<\/li>\n<li>56 &#8211; \u00a0ANIMA\u00c7\u00c3O DE LUZES COLORIDAS<\/li>\n<li>57 &#8211; \u00a0HYPERLIGHT 2<\/li>\n<li>58 &#8211; \u00a0MOVE MASS<\/li>\n<li>59 &#8211; AUMENTANDO BIBLIOTECAS<\/li>\n<\/ul>\n<p><strong>MODULO 02: DO SKETCHUP COM VRAY PARA O\u00a0LUMION 6.0:<\/strong><\/p>\n<p><iframe src=\"https:\/\/www.youtube.com\/embed\/1qqxsseJl7E?list=PLcMgaiIXNiVqMNvGpjIKuMkD8Q0y2ynTO\" width=\"560\" height=\"315\" frameborder=\"0\" allowfullscreen=\"allowfullscreen\" data-mce-fragment=\"1\"><\/iframe><\/p>\n<ul>\n<li>60 &#8211; \u00a0IMPORTANDO SUA MODELAGEM DO SKECHUP &#8211; VRAY PARA O LUMION 6 PARTE 01<\/li>\n<li>61 &#8211; \u00a0IMPORTANDO SUA MODELAGEM DO SKECHUP &#8211; VRAY PARA O LUMION 6 PARTE 02<\/li>\n<li>62 &#8211; \u00a0IMPORTANDO SUA MODELAGEM DO SKECHUP &#8211; VRAY PARA O LUMION 6 PARTE 03<\/li>\n<li>63 &#8211; \u00a0IMPORTANDO SUA MODELAGEM DO SKECHUP &#8211; VRAY PARA O LUMION 6 PARTE 04<\/li>\n<li>64 &#8211; \u00a0IMPORTANDO SUA MODELAGEM DO SKECHUP &#8211; VRAY PARA O LUMION 6 PARTE 05<\/li>\n<\/ul>\n<p>S\u00e3o aulas te\u00f3ricas e pr\u00e1ticas que levam a voc\u00ea a produzir imagens como esta:<\/p>\n<p><a href=\"https:\/\/www.aarquiteta.com.br\/blog\/wp-content\/uploads\/2013\/06\/externa-lumion-final.jpg\"><img decoding=\"async\" src=\"https:\/\/www.aarquiteta.com.br\/blog\/wp-content\/uploads\/2013\/06\/externa-lumion-final.jpg?w=300\" alt=\"externa-Lumion-final\" width=\"300\" height=\"167\" title=\"\"><\/a>\u00a0<a href=\"https:\/\/www.aarquiteta.com.br\/blog\/wp-content\/uploads\/2013\/06\/externa-take-2.jpg\"><img decoding=\"async\" src=\"https:\/\/www.aarquiteta.com.br\/blog\/wp-content\/uploads\/2013\/06\/externa-take-2.jpg?w=300\" alt=\"externa-take-2\" width=\"300\" height=\"168\" title=\"\"><\/a><\/p>\n<p>Imagens \u00a0de Cenas Externas produzidas por n\u00f3s durante o curso.<\/p>\n<p><a href=\"https:\/\/www.aarquiteta.com.br\/blog\/wp-content\/uploads\/2013\/06\/interna3dlumion.jpg\"><img decoding=\"async\" src=\"https:\/\/www.aarquiteta.com.br\/blog\/wp-content\/uploads\/2013\/06\/interna3dlumion.jpg?w=300\" alt=\"interna3dlumion\" width=\"300\" height=\"152\" title=\"\"><\/a><\/p>\n<p>Imagens \u00a0de Cenas Internas produzidas por n\u00f3s durante o curso.<\/p>\n<p><a href=\"https:\/\/www.aarquiteta.com.br\/blog\/wp-content\/uploads\/2013\/07\/area-piscina.jpg\"><img decoding=\"async\" class=\"alignnone size-medium wp-image-407\" src=\"https:\/\/www.aarquiteta.com.br\/blog\/wp-content\/uploads\/2013\/07\/area-piscina.jpg?w=300\" alt=\"area piscina\" width=\"300\" height=\"168\" title=\"\" srcset=\"https:\/\/www.aarquiteta.com.br\/blog\/wp-content\/uploads\/2013\/07\/area-piscina.jpg 1280w, https:\/\/www.aarquiteta.com.br\/blog\/wp-content\/uploads\/2013\/07\/area-piscina-1024x576.jpg 1024w, https:\/\/www.aarquiteta.com.br\/blog\/wp-content\/uploads\/2013\/07\/area-piscina-696x392.jpg 696w, https:\/\/www.aarquiteta.com.br\/blog\/wp-content\/uploads\/2013\/07\/area-piscina-150x84.jpg 150w\" sizes=\"(max-width: 300px) 100vw, 300px\" \/><\/a><\/p>\n<p>Imagens \u00a0de Cenas Externas produzidas por n\u00f3s durante o curso.<\/p>\n<p><a href=\"https:\/\/www.aarquiteta.com.br\/blog\/wp-content\/uploads\/2013\/06\/alessandro.jpg\"><img decoding=\"async\" src=\"https:\/\/www.aarquiteta.com.br\/blog\/wp-content\/uploads\/2013\/06\/alessandro.jpg?w=300\" alt=\"ALESSANDRO\" width=\"300\" height=\"247\" title=\"\"><\/a><\/p>\n<p>Imagem do nosso aluno Alesssandro Flores<\/p>\n<p><a href=\"https:\/\/www.aarquiteta.com.br\/blog\/wp-content\/uploads\/2013\/06\/lumion1.jpg\"><img decoding=\"async\" class=\"alignnone size-medium wp-image-305\" src=\"https:\/\/www.aarquiteta.com.br\/blog\/wp-content\/uploads\/2013\/06\/lumion1.jpg?w=300\" alt=\"lumion1\" width=\"300\" height=\"168\" title=\"\" srcset=\"https:\/\/www.aarquiteta.com.br\/blog\/wp-content\/uploads\/2013\/06\/lumion1.jpg 1920w, https:\/\/www.aarquiteta.com.br\/blog\/wp-content\/uploads\/2013\/06\/lumion1-1024x576.jpg 1024w, https:\/\/www.aarquiteta.com.br\/blog\/wp-content\/uploads\/2013\/06\/lumion1-696x392.jpg 696w, https:\/\/www.aarquiteta.com.br\/blog\/wp-content\/uploads\/2013\/06\/lumion1-150x84.jpg 150w\" sizes=\"(max-width: 300px) 100vw, 300px\" \/><\/a> <a href=\"https:\/\/www.aarquiteta.com.br\/blog\/wp-content\/uploads\/2013\/06\/lumion2.jpg\"><img decoding=\"async\" class=\"alignnone size-medium wp-image-306\" src=\"https:\/\/www.aarquiteta.com.br\/blog\/wp-content\/uploads\/2013\/06\/lumion2.jpg?w=300\" alt=\"lumion2\" width=\"300\" height=\"168\" title=\"\" srcset=\"https:\/\/www.aarquiteta.com.br\/blog\/wp-content\/uploads\/2013\/06\/lumion2.jpg 1920w, https:\/\/www.aarquiteta.com.br\/blog\/wp-content\/uploads\/2013\/06\/lumion2-1024x576.jpg 1024w, https:\/\/www.aarquiteta.com.br\/blog\/wp-content\/uploads\/2013\/06\/lumion2-696x392.jpg 696w, https:\/\/www.aarquiteta.com.br\/blog\/wp-content\/uploads\/2013\/06\/lumion2-150x84.jpg 150w\" sizes=\"(max-width: 300px) 100vw, 300px\" \/><\/a><\/p>\n<p>Imagens oficiais do fabricante<\/p>\n<p><a href=\"https:\/\/www.aarquiteta.com.br\/blog\/wp-content\/uploads\/2013\/06\/lumion3.jpg\"><img decoding=\"async\" class=\"alignnone size-medium wp-image-307\" src=\"https:\/\/www.aarquiteta.com.br\/blog\/wp-content\/uploads\/2013\/06\/lumion3.jpg?w=300\" alt=\"lumion3\" width=\"300\" height=\"168\" title=\"\" srcset=\"https:\/\/www.aarquiteta.com.br\/blog\/wp-content\/uploads\/2013\/06\/lumion3.jpg 1600w, https:\/\/www.aarquiteta.com.br\/blog\/wp-content\/uploads\/2013\/06\/lumion3-1024x576.jpg 1024w, https:\/\/www.aarquiteta.com.br\/blog\/wp-content\/uploads\/2013\/06\/lumion3-696x392.jpg 696w, https:\/\/www.aarquiteta.com.br\/blog\/wp-content\/uploads\/2013\/06\/lumion3-150x84.jpg 150w\" sizes=\"(max-width: 300px) 100vw, 300px\" \/><\/a> <a href=\"https:\/\/www.aarquiteta.com.br\/blog\/wp-content\/uploads\/2013\/06\/lumion5.jpg\"><img decoding=\"async\" class=\"alignnone size-medium wp-image-308\" src=\"https:\/\/www.aarquiteta.com.br\/blog\/wp-content\/uploads\/2013\/06\/lumion5.jpg?w=300\" alt=\"lumion5\" width=\"300\" height=\"168\" title=\"\" srcset=\"https:\/\/www.aarquiteta.com.br\/blog\/wp-content\/uploads\/2013\/06\/lumion5.jpg 790w, https:\/\/www.aarquiteta.com.br\/blog\/wp-content\/uploads\/2013\/06\/lumion5-696x391.jpg 696w, https:\/\/www.aarquiteta.com.br\/blog\/wp-content\/uploads\/2013\/06\/lumion5-150x84.jpg 150w\" sizes=\"(max-width: 300px) 100vw, 300px\" \/><\/a><\/p>\n<p><span style=\"font-size: 13px; line-height: 19px;\">Imagens oficiais do fabricante<\/span><\/p>\n<p><a href=\"https:\/\/www.aarquiteta.com.br\/blog\/wp-content\/uploads\/2013\/06\/lumion7.jpg\"><img decoding=\"async\" class=\"alignnone size-medium wp-image-309\" src=\"https:\/\/www.aarquiteta.com.br\/blog\/wp-content\/uploads\/2013\/06\/lumion7.jpg?w=300\" alt=\"lumion7\" width=\"300\" height=\"168\" title=\"\" srcset=\"https:\/\/www.aarquiteta.com.br\/blog\/wp-content\/uploads\/2013\/06\/lumion7.jpg 1920w, https:\/\/www.aarquiteta.com.br\/blog\/wp-content\/uploads\/2013\/06\/lumion7-1024x576.jpg 1024w, https:\/\/www.aarquiteta.com.br\/blog\/wp-content\/uploads\/2013\/06\/lumion7-696x392.jpg 696w, https:\/\/www.aarquiteta.com.br\/blog\/wp-content\/uploads\/2013\/06\/lumion7-150x84.jpg 150w\" sizes=\"(max-width: 300px) 100vw, 300px\" \/><\/a> \u00a0<a href=\"https:\/\/www.aarquiteta.com.br\/blog\/wp-content\/uploads\/2013\/06\/lumion9.jpg\"><img decoding=\"async\" class=\"alignnone size-medium wp-image-311\" src=\"https:\/\/www.aarquiteta.com.br\/blog\/wp-content\/uploads\/2013\/06\/lumion9.jpg?w=300\" alt=\"lumion9\" width=\"300\" height=\"178\" title=\"\" srcset=\"https:\/\/www.aarquiteta.com.br\/blog\/wp-content\/uploads\/2013\/06\/lumion9.jpg 854w, https:\/\/www.aarquiteta.com.br\/blog\/wp-content\/uploads\/2013\/06\/lumion9-696x414.jpg 696w, https:\/\/www.aarquiteta.com.br\/blog\/wp-content\/uploads\/2013\/06\/lumion9-150x89.jpg 150w\" sizes=\"(max-width: 300px) 100vw, 300px\" \/><\/a><\/p>\n<p>Imagens oficiais do fabricante<\/p>\n<p><a href=\"https:\/\/www.aarquiteta.com.br\/blog\/wp-content\/uploads\/2013\/06\/lumion10.jpg\"><img decoding=\"async\" class=\"alignnone size-medium wp-image-312\" src=\"https:\/\/www.aarquiteta.com.br\/blog\/wp-content\/uploads\/2013\/06\/lumion10.jpg?w=300\" alt=\"lumion10\" width=\"300\" height=\"168\" title=\"\" srcset=\"https:\/\/www.aarquiteta.com.br\/blog\/wp-content\/uploads\/2013\/06\/lumion10.jpg 1280w, https:\/\/www.aarquiteta.com.br\/blog\/wp-content\/uploads\/2013\/06\/lumion10-1024x576.jpg 1024w, https:\/\/www.aarquiteta.com.br\/blog\/wp-content\/uploads\/2013\/06\/lumion10-696x392.jpg 696w, https:\/\/www.aarquiteta.com.br\/blog\/wp-content\/uploads\/2013\/06\/lumion10-150x84.jpg 150w\" sizes=\"(max-width: 300px) 100vw, 300px\" \/><\/a> <a href=\"https:\/\/www.aarquiteta.com.br\/blog\/wp-content\/uploads\/2013\/06\/lumion11.jpg\"><img decoding=\"async\" class=\"alignnone size-medium wp-image-313\" src=\"https:\/\/www.aarquiteta.com.br\/blog\/wp-content\/uploads\/2013\/06\/lumion11.jpg?w=300\" alt=\"lumion11\" width=\"300\" height=\"168\" title=\"\" srcset=\"https:\/\/www.aarquiteta.com.br\/blog\/wp-content\/uploads\/2013\/06\/lumion11.jpg 1600w, https:\/\/www.aarquiteta.com.br\/blog\/wp-content\/uploads\/2013\/06\/lumion11-1024x576.jpg 1024w, https:\/\/www.aarquiteta.com.br\/blog\/wp-content\/uploads\/2013\/06\/lumion11-696x392.jpg 696w, https:\/\/www.aarquiteta.com.br\/blog\/wp-content\/uploads\/2013\/06\/lumion11-150x84.jpg 150w\" sizes=\"(max-width: 300px) 100vw, 300px\" \/><\/a><\/p>\n<p>Imagens oficiais do fabricante<\/p>\n<p><a href=\"https:\/\/www.aarquiteta.com.br\/blog\/wp-content\/uploads\/2013\/06\/lumion12.jpg\"><img decoding=\"async\" class=\"alignnone size-medium wp-image-314\" src=\"https:\/\/www.aarquiteta.com.br\/blog\/wp-content\/uploads\/2013\/06\/lumion12.jpg?w=300\" alt=\"lumion12\" width=\"300\" height=\"168\" title=\"\" srcset=\"https:\/\/www.aarquiteta.com.br\/blog\/wp-content\/uploads\/2013\/06\/lumion12.jpg 1024w, https:\/\/www.aarquiteta.com.br\/blog\/wp-content\/uploads\/2013\/06\/lumion12-696x392.jpg 696w, https:\/\/www.aarquiteta.com.br\/blog\/wp-content\/uploads\/2013\/06\/lumion12-150x84.jpg 150w\" sizes=\"(max-width: 300px) 100vw, 300px\" \/><\/a> <a href=\"https:\/\/www.aarquiteta.com.br\/blog\/wp-content\/uploads\/2013\/06\/lumion13.jpg\"><img decoding=\"async\" class=\"alignnone size-medium wp-image-315\" src=\"https:\/\/www.aarquiteta.com.br\/blog\/wp-content\/uploads\/2013\/06\/lumion13.jpg?w=300\" alt=\"lumion13\" width=\"300\" height=\"152\" title=\"\" srcset=\"https:\/\/www.aarquiteta.com.br\/blog\/wp-content\/uploads\/2013\/06\/lumion13.jpg 315w, https:\/\/www.aarquiteta.com.br\/blog\/wp-content\/uploads\/2013\/06\/lumion13-150x76.jpg 150w\" sizes=\"(max-width: 300px) 100vw, 300px\" \/><\/a><\/p>\n<p>Imagens oficiais do fabricante<\/p>\n<p><a href=\"https:\/\/www.aarquiteta.com.br\/blog\/wp-content\/uploads\/2013\/06\/lumion8jpg.jpg\"><img decoding=\"async\" src=\"https:\/\/www.aarquiteta.com.br\/blog\/wp-content\/uploads\/2013\/06\/lumion8jpg.jpg?w=300\" alt=\"lumion8jpg\" width=\"300\" height=\"252\" title=\"\"><\/a><\/p>\n<p>Imagem oficial do fabricante<\/p>\n<\/div>\n<div style=\"text-align: justify;\">Assista ao v\u00eddeo que produzimos durante o curso e veja o que voc\u00ea pode fazer para apresentar o seu projeto para o seu cliente e at\u00e9 mesmo professor da faculdade! N\u00e3o tem como ele n\u00e3o entender o seu projeto, fala a verdade?<\/div>\n<div style=\"text-align: justify;\"><\/div>\n<div style=\"text-align: justify;\">E o melhor disso tudo \u00e9 que voc\u00ea pode aprend\u00ea-lo facilmente! De plataforma muito simples e intuitiva voc\u00ea aprende como se estivesse brincando!<\/div>\n<div><\/div>\n<div>[youtube=https:\/\/www.youtube.com\/watch?v=tehPSJZFi1g]<\/div>\n<div><\/div>\n<p style=\"text-align: justify;\"><span style=\"font-size: 13px; line-height: 19px;\">Esque\u00e7a as horas de renderiza\u00e7\u00f5es! <a href=\"https:\/\/www.aarquiteta.com.br\/curso-lumion-3d\/\" target=\"_blank\" rel=\"noopener\">Com o Lumion voc\u00ea cria imagens em 3D em tempo rea<\/a>l!<\/span><\/p>\n<p style=\"text-align: justify;\"><span style=\"font-size: 13px; line-height: 19px;\">Em tempo real? Mas o que \u00e9 tempo real? <\/span><\/p>\n<p style=\"text-align: justify;\"><span style=\"font-size: 13px; line-height: 19px;\">Se durante o processo de cria\u00e7\u00e3o da sua maquete voc\u00ea n\u00e3o gostou de algum resultado, como por exemplo a cor de um material, voc\u00ea n\u00e3o precisa renderizar novamente, voc\u00ea simplesmente altera e ele atualiza na hora!!!! Isso n\u00e3o \u00e9 o m\u00e1ximo???<\/span><\/p>\n<p style=\"text-align: left;\">O Lumion est\u00e1 dispon\u00edvel em 2 vers\u00f5es: Free e a Pro <strong><a href=\"https:\/\/www.lumion3d.com\/\" target=\"_blank\" rel=\"noopener\">www.lumion3d.com<\/a>.<\/strong><\/p>\n<p style=\"text-align: justify;\">Com a vers\u00e3o free voc\u00ea consegue trabalhar tranquilamente, pois o que diferencia a vers\u00e3o Free da Pro \u00e9 o numero de componentes da biblioteca interna que j\u00e1 vem no download!<\/p>\n<p><a href=\"https:\/\/www.aarquiteta.com.br\/blog\/wp-content\/uploads\/2013\/06\/models_02.jpg\"><img decoding=\"async\" class=\"size-medium wp-image-135 alignleft\" src=\"https:\/\/www.aarquiteta.com.br\/blog\/wp-content\/uploads\/2013\/06\/models_02.jpg?w=300\" alt=\"Models_02\" width=\"300\" height=\"176\" title=\"\" srcset=\"https:\/\/www.aarquiteta.com.br\/blog\/wp-content\/uploads\/2013\/06\/models_02.jpg 1680w, https:\/\/www.aarquiteta.com.br\/blog\/wp-content\/uploads\/2013\/06\/models_02-1024x602.jpg 1024w, https:\/\/www.aarquiteta.com.br\/blog\/wp-content\/uploads\/2013\/06\/models_02-696x409.jpg 696w, https:\/\/www.aarquiteta.com.br\/blog\/wp-content\/uploads\/2013\/06\/models_02-150x88.jpg 150w\" sizes=\"(max-width: 300px) 100vw, 300px\" \/><\/a><\/p>\n<p style=\"text-align: left;\">Biblioteca vegeta\u00e7\u00e3o free do Lumion 3D<\/p>\n<p style=\"text-align: left;\">Veja no link a baixo alista de componentes da biblioteca completa!<\/p>\n<p style=\"text-align: left;\">Simplesmente MARAVILHOSA!<\/p>\n<p style=\"text-align: left;\">https:\/\/lumion3d.com\/lumion-content\/<\/p>\n<p>Apesar do Lumion n\u00e3o pedir grandes configura\u00e7\u00f5es de hardware fique atento as configura\u00e7\u00f5es de Hardware m\u00ednimas requerido pelo fabricante:<\/p>\n<p>Certifique-se da configura\u00e7\u00e3o m\u00ednimas do PC e placa de v\u00eddeo para execu\u00e7\u00e3o do software, assim voc\u00ea poder\u00e1 instalar e utilizar o programa sem problemas.<\/p>\n<h6><em>\u261e Financiamento Imobili\u00e1rio:<\/em><\/h6>\n<p><em>Casa, apartamento, novo ou usado, a <a href=\"https:\/\/www.caixa.gov.br\/Paginas\/home-caixa.aspx\" target=\"_blank\" rel=\"noopener\">Caixa Econ\u00f4mica<\/a> tem a <strong>linha de cr\u00e9dito<\/strong> ideal para voc\u00ea!\u00a0\u00a0<\/em><em>O Sonho da casa pr\u00f3pria pode estar mais perto de se tornar realidade do que voc\u00ea imagina:<\/em><\/p>\n<figure id=\"attachment_53083-3\" aria-describedby=\"caption-attachment-53083-3\" style=\"width: 1920px\" class=\"wp-caption aligncenter\"><a href=\"https:\/\/www.aarquiteta.com.br\/blog\/financiamento-imobiliario-caixa-economica\/\" target=\"_blank\" rel=\"noopener\"><img decoding=\"async\" class=\"wp-image-53083 size-full\" title=\"Financiamento de Im\u00f3vel - Financie sua casa pela Caixa Econ\u00f4mica!\" src=\"https:\/\/www.aarquiteta.com.br\/blog\/wp-content\/uploads\/2022\/04\/financiamento-mobiliario-caixa-economica.jpg\" alt=\"Financiamento de Im\u00f3vel - Financie sua casa pela Caixa Econ\u00f4mica!\" width=\"1920\" height=\"1080\" srcset=\"https:\/\/www.aarquiteta.com.br\/blog\/wp-content\/uploads\/2022\/04\/financiamento-mobiliario-caixa-economica.jpg 1920w, https:\/\/www.aarquiteta.com.br\/blog\/wp-content\/uploads\/2022\/04\/financiamento-mobiliario-caixa-economica-1024x576.jpg 1024w, https:\/\/www.aarquiteta.com.br\/blog\/wp-content\/uploads\/2022\/04\/financiamento-mobiliario-caixa-economica-696x392.jpg 696w, https:\/\/www.aarquiteta.com.br\/blog\/wp-content\/uploads\/2022\/04\/financiamento-mobiliario-caixa-economica-150x84.jpg 150w\" sizes=\"(max-width: 1920px) 100vw, 1920px\" \/><\/a><figcaption id=\"caption-attachment-53083-3\" class=\"wp-caption-text\"><a href=\"https:\/\/www.aarquiteta.com.br\/blog\/financiamento-imobiliario-caixa-economica\/\" target=\"_blank\" rel=\"noopener\">Financie sua casa pela Caixa Econ\u00f4mica! Clique aqui e veja como \u00e9 f\u00e1cil!<\/a><\/figcaption><\/figure>\n<p><em>\u00c9 de material de constru\u00e7\u00e3o que voc\u00ea precisa? Com o <a href=\"https:\/\/www.aarquiteta.com.br\/blog\/material-de-construcao-com-construcard\/\" target=\"_blank\" rel=\"noopener\">cart\u00e3o Construcard<\/a> a Caixa financia a compra do material para voc\u00ea! <a href=\"https:\/\/www.aarquiteta.com.br\/blog\/material-de-construcao-com-construcard\/\" target=\"_blank\" rel=\"noopener\">Pe\u00e7a j\u00e1 o seu<\/a>!\u00a0\u00a0<\/em><\/p>\n<div style=\"text-align: justify;\">\n<p><strong>M\u00ednimo Requerido 1:<\/strong> Sistema Operacional: Windows XP, Vista, 7, 8 (32- and 64-bit) and DirectX 9.0c or later. Windows 32-bit is only suitable for simple scenes. Memory: 6GB (for simple scenes) Graphics card: NVidia GeForce GTS 450 or ATI\/AMD Radeon HD 4890 (minimum 1,500 PassMark points), with at least 1GB dedicated memory (not shared system memory). Avoid Quadro and FirePro cards. Harddrive: 7.5GB of disk space Using Lumion via Remote Desktop is not supported Lumion 3 requires an internet connection<\/p>\n<p><strong>M\u00ednimo Requerido 2:<\/strong>Sistema Operacional: Windows 7, 8 (64-bit) Memory: At least 12GB Graphics card: NVidia GTX 680 \/ AMD Radeon HD 7970 or faster (minimum 4,000 PassMark points), with at least 2GB dedicated memory (not shared system memory). Avoid Quadro and FirePro cards. Harddrive: 7.5GB of disk space Using Lumion via Remote Desktop is not supported Lumion 3 requires an internet connection<\/p>\n<\/div>\n<div style=\"text-align: justify;\"><\/div>\n<div style=\"text-align: justify;\"><b>Assista as aulas para ter acesso as aulas gr\u00e1tis do nosso canal do youtube <a href=\"https:\/\/www.youtube.com\/user\/lucpaixao\" target=\"_blank\" rel=\"noopener\">https:\/\/www.youtube.com\/user\/lucpaixao<\/a> e conhe\u00e7a detalhes sobre o curso:<\/b><\/div>\n<div style=\"text-align: justify;\"><\/div>\n<div style=\"text-align: justify;\">https:\/\/www.youtube.com\/watch?v=i0hH2MZS9-s<\/div>\n<div style=\"text-align: justify;\"><\/div>\n<div style=\"text-align: justify;\">https:\/\/www.youtube.com\/watch?v=LOUzoLb79QU<\/div>\n<div>\n<h5>Faltou algum ingrediente para a receita?<\/h5>\n<p><em>N\u00e3o se preocupe! Fa\u00e7a suas compras pela internet!<\/em><\/p>\n<p><em>E se voc\u00ea tiver<strong> Cart\u00e3o de Cr\u00e9dito<\/strong> voc\u00ea ainda pode utiliz\u00e1-lo para realizar suas c<strong>ompras pela internet.<\/strong> \u00a0<\/em><\/p>\n<p><em>J\u00e1 conhece o Cart\u00e3o Atacad\u00e3o? Confira o Cart\u00e3o de Cr\u00e9dito da maior rede atacadista de alimentos. Aproveite as<a href=\"https:\/\/www.aarquiteta.com.br\/blog\/como-solicitar-cartao-atacadao\/\" target=\"_blank\" rel=\"noopener\"> vantagens exclusivas<\/a> e pe\u00e7a j\u00e1 o seu!<\/em><\/p>\n<figure id=\"attachment_52493\" aria-describedby=\"caption-attachment-52493\" style=\"width: 1000px\" class=\"wp-caption aligncenter\"><a href=\"https:\/\/www.aarquiteta.com.br\/blog\/como-solicitar-cartao-atacadao\/\" target=\"_blank\" rel=\"noopener\"><img decoding=\"async\" class=\"wp-image-52493 size-full\" title=\"Cart\u00e3o Atacad\u00e3o - Cr\u00e9dito para comprar e prazo para pagar!\" src=\"https:\/\/www.aarquiteta.com.br\/blog\/wp-content\/uploads\/2021\/10\/cartao-atacadao-1.jpg\" alt=\"Cart\u00e3o Atacad\u00e3o - Cr\u00e9dito para comprar e prazo para pagar!\" width=\"1000\" height=\"250\" srcset=\"https:\/\/www.aarquiteta.com.br\/blog\/wp-content\/uploads\/2021\/10\/cartao-atacadao-1.jpg 1000w, https:\/\/www.aarquiteta.com.br\/blog\/wp-content\/uploads\/2021\/10\/cartao-atacadao-1-696x174.jpg 696w, https:\/\/www.aarquiteta.com.br\/blog\/wp-content\/uploads\/2021\/10\/cartao-atacadao-1-150x38.jpg 150w\" sizes=\"(max-width: 1000px) 100vw, 1000px\" \/><\/a><figcaption id=\"caption-attachment-52493\" class=\"wp-caption-text\"><a href=\"https:\/\/www.aarquiteta.com.br\/blog\/como-solicitar-cartao-atacadao\/\" target=\"_blank\" rel=\"noopener\">Cart\u00e3o Atacad\u00e3o &#8211; Cr\u00e9dito para comprar e prazo para pagar! Clique para saber mais!<\/a><\/figcaption><\/figure>\n<\/div>\n<div><\/div>\n<div>E a\u00ed, gostou do artigo?<\/div>\n<div>\n<p>Ent\u00e3o deslize a tela para baixo e<a href=\"https:\/\/br.pinterest.com\/aarquitetapinterest\/_created\/\" target=\"_blank\" rel=\"noopener\"> confira mais dicas<\/a> como esta e n\u00e3o se esque\u00e7a de compartilhar com os amigos!<\/p>\n<p>Quer mais dicas sobre o mundo da Arquitetura e Decora\u00e7\u00e3o, ent\u00e3o confira alguns dos nossos artigos em:<\/p>\n<ul>\n<li><a href=\"https:\/\/www.aarquiteta.com.br\/blog\/paisagismo\/\" target=\"_blank\" rel=\"noopener\">Casa e Jardim<\/a><\/li>\n<li><a href=\"https:\/\/www.aarquiteta.com.br\/blog\/arquitetura\/mundo-arquitetura\/\" target=\"_blank\" rel=\"noopener\">Mundo Arquitetura<\/a><\/li>\n<li><a href=\"https:\/\/www.aarquiteta.com.br\/decoracao\/\" target=\"_blank\" rel=\"noopener\">Decora\u00e7\u00e3o<\/a><\/li>\n<\/ul>\n<\/div>\n<div><\/div>\n<div style=\"text-align: justify;\"><\/div>\n<div style=\"text-align: justify;\"><\/div>\n<div style=\"text-align: justify;\"><\/div>\n","protected":false},"excerpt":{"rendered":"<p>Ol\u00e1 Pessoal! Na saga dos posts di\u00e1rios, vou compartilhar com voc\u00eas mais uma dica! E a dica de hoje \u00e9 como elaborar apresenta\u00e7\u00f5es em v\u00eddeo 3D de qualidade com fotorealismo\u00a0com o programa Lumion. Se voc\u00ea for como eu, uma pessoa que n\u00e3o pode investir horas do seu dia de cria\u00e7\u00e3o apenas para gerar uma linda [&hellip;]<\/p>\n","protected":false},"author":20,"featured_media":924,"comment_status":"open","ping_status":"open","sticky":false,"template":"","format":"standard","meta":{"footnotes":""},"categories":[33397,33407,14],"tags":[],"class_list":["post-123","post","type-post","status-publish","format-standard","has-post-thumbnail","category-cursos-de-arquitetura-e-decoracao","category-lumion-cursos","category-maquete-eletronica"],"_wp_attached_file":null,"_wp_attachment_metadata":null,"_wp_attachment_context":null,"_wp_attachment_is_custom_header":null,"geo_longitude":null,"geo_public":null,"geo_latitude":null,"_publicize_done_external":{"facebook":{"758048921":true}},"_wpas_done_3897181":"1","publicize_twitter_user":"A_Arquiteta","_wpas_done_3897175":"1","_wpas_skip_3897181":"1","_wpas_skip_3897175":"1","_wpas_skip_3924723":"1","_wpas_mess":null,"_wpas_done_3924723":"1","wps_subtitle":"","_links":{"self":[{"href":"https:\/\/www.aarquiteta.com.br\/blog\/wp-json\/wp\/v2\/posts\/123","targetHints":{"allow":["GET"]}}],"collection":[{"href":"https:\/\/www.aarquiteta.com.br\/blog\/wp-json\/wp\/v2\/posts"}],"about":[{"href":"https:\/\/www.aarquiteta.com.br\/blog\/wp-json\/wp\/v2\/types\/post"}],"author":[{"embeddable":true,"href":"https:\/\/www.aarquiteta.com.br\/blog\/wp-json\/wp\/v2\/users\/20"}],"replies":[{"embeddable":true,"href":"https:\/\/www.aarquiteta.com.br\/blog\/wp-json\/wp\/v2\/comments?post=123"}],"version-history":[{"count":1,"href":"https:\/\/www.aarquiteta.com.br\/blog\/wp-json\/wp\/v2\/posts\/123\/revisions"}],"predecessor-version":[{"id":157933,"href":"https:\/\/www.aarquiteta.com.br\/blog\/wp-json\/wp\/v2\/posts\/123\/revisions\/157933"}],"wp:featuredmedia":[{"embeddable":true,"href":"https:\/\/www.aarquiteta.com.br\/blog\/wp-json\/wp\/v2\/media\/924"}],"wp:attachment":[{"href":"https:\/\/www.aarquiteta.com.br\/blog\/wp-json\/wp\/v2\/media?parent=123"}],"wp:term":[{"taxonomy":"category","embeddable":true,"href":"https:\/\/www.aarquiteta.com.br\/blog\/wp-json\/wp\/v2\/categories?post=123"},{"taxonomy":"post_tag","embeddable":true,"href":"https:\/\/www.aarquiteta.com.br\/blog\/wp-json\/wp\/v2\/tags?post=123"}],"curies":[{"name":"wp","href":"https:\/\/api.w.org\/{rel}","templated":true}]}}