{"id":12289,"date":"2016-09-13T10:48:55","date_gmt":"2016-09-13T13:48:55","guid":{"rendered":"\/\/blogdaarquitetura.com\/?p=12289"},"modified":"2024-08-23T10:03:37","modified_gmt":"2024-08-23T13:03:37","slug":"faber-castell-super-soft","status":"publish","type":"post","link":"https:\/\/www.aarquiteta.com.br\/blog\/faber-castell-super-soft\/","title":{"rendered":"Karl Lagerfeld e Faber Castell lan\u00e7am estojo de 9 mil reais &#8211; Veja!"},"content":{"rendered":"<p>Karl Lagerfeld e Faber Castell lan\u00e7am estojo de R$9 mil Reais.<\/p>\n<figure id=\"attachment_12379\" aria-describedby=\"caption-attachment-12379\" style=\"width: 560px\" class=\"wp-caption aligncenter\"><img decoding=\"async\" class=\"wp-image-12379 size-medium\" title=\"Karl Lagerfeld e Faber Castell lan\u00e7am estojo de 9 mil reais \" src=\"\/\/blogdaarquitetura.com\/wp-content\/uploads\/2016\/09\/karl-lagerfeld-blog-da-arquitetura-560x373.jpg\" alt=\"faber castell super soft\" width=\"560\" height=\"373\" \/><figcaption id=\"caption-attachment-12379\" class=\"wp-caption-text\">Cr\u00e9dito: Divulga\u00e7\u00e3o<\/figcaption><\/figure>\n<p>De um lado, uma empresa refer\u00eancia em produzir qualquer material que envolva cor e desenho, com quase 300 anos de tradi\u00e7\u00e3o.<\/p>\n<p>Do outro, o diretor de cria\u00e7\u00e3o da grife Chanel, e um dos maiores designers contempor\u00e2neo.<\/p>\n<p>Quando essas duas enormes pot\u00eancias resolvem se unir,\u00a0o resultado n\u00e3o pode ser outro sen\u00e3o algo brilhante.<\/p>\n<p>A Faber-Castell divulgou uma parceria com o estilista mundialmente conhecido <strong>Karl Lagerfeld<\/strong>.<\/p>\n<p>O projeto teve como produto final um luxuoso estojo de pintura, contendo l\u00e1pis de cor, gizes de cera e outras ferramentas que deixa qualquer desenhista maravilhado.<\/p>\n<h3>Como vem o kit da Faber Castell?<\/h3>\n<p>O kit \u00a0vem com 350 tonalidades de cores diferentes, al\u00e9m de outras 120 sol\u00faveis em \u00e1gua e pertencente a linha\u00a0Albrecht D\u00fcrer, a mesma utilizada e recomendada por Lagerfeld para desenhar os croquis que tanto chamaram aten\u00e7\u00e3o do mundo.<\/p>\n<figure id=\"attachment_12383\" aria-describedby=\"caption-attachment-12383\" style=\"width: 560px\" class=\"wp-caption aligncenter\"><img decoding=\"async\" class=\"wp-image-12383 size-medium\" src=\"\/\/blogdaarquitetura.com\/wp-content\/uploads\/2016\/09\/karlbox-blog-da-arquitetura-1-560x329.jpg\" alt=\"karlbox-blog-da-arquitetura\" width=\"560\" height=\"329\" title=\"\"><figcaption id=\"caption-attachment-12383\" class=\"wp-caption-text\">Cr\u00e9dito: Divulga\u00e7\u00e3o<\/figcaption><\/figure>\n<p>O\u00a0design dos estojos Karlbox, como \u00e9 chamado,\u00a0foi minuciosamente projetado pelo estilista, na cor preta e com uma camada de verniz aplicada. At\u00e9 mesmo a caixa da embalagem ganhou uma decora\u00e7\u00e3o especial, recebendo a denomina\u00e7\u00e3o da linha: &#8220;Colors in Black&#8221;.<\/p>\n<p>O motivo de tanto cuidado e preciosismo com o produto \u00e9 explicado por se tratar de uma linha bastante especial, limitada em apenas 2.500 estojos para o mundo inteiro, fator que causou uma certa histeria aos f\u00e3s da marca, mesmo que o kit completo custe a bagatela de<strong>\u00a0US$ 2.850<\/strong> (ou aproximadamente 9.200 reais).<\/p>\n<h3><span style=\"color: #0000ff;\"><strong>+Pontos de Venda<\/strong><\/span><\/h3>\n<p>Ao menos neste primeiro momento, o conjunto Karlbox \u00e9\u00a0encontrado para compra no site da Faber-Castell, nas lojas oficiais de Karl Lagerfeld e alguns outros pontos bastante espec\u00edficos, dado ao n\u00famero reduzido de unidades dispon\u00edveis.<\/p>\n<p>Aos f\u00e3s brasileiros, uma excelente not\u00edcia: at\u00e9 o final de setembro a maleta j\u00e1 estar\u00e1 dispon\u00edvel na store oficial da Faber Castel em S\u00e3o Paulo, localizada na Av. Paulista.<\/p>\n<pre><em>Fonte: Vogue<\/em><\/pre>\n<p>E a\u00ed, gostou do artigo?<\/p>\n<p>Ent\u00e3o deslize a tela para baixo e<a href=\"https:\/\/br.pinterest.com\/aarquitetapinterest\/_created\/\" target=\"_blank\" rel=\"noopener\"> confira mais dicas<\/a> como esta e n\u00e3o se esque\u00e7a de compartilhar com os amigos!<\/p>\n<p>Quer mais dicas sobre o mundo da Arquitetura e Decora\u00e7\u00e3o, ent\u00e3o confira alguns dos nossos artigos em:<\/p>\n<ul>\n<li><a href=\"https:\/\/www.aarquiteta.com.br\/blog\/paisagismo\/\" target=\"_blank\" rel=\"noopener\">Casa e Jardim<\/a><\/li>\n<li><a href=\"https:\/\/www.aarquiteta.com.br\/blog\/arquitetura\/mundo-arquitetura\/\" target=\"_blank\" rel=\"noopener\">Mundo Arquitetura<\/a><\/li>\n<li><a href=\"https:\/\/www.aarquiteta.com.br\/decoracao\/\" target=\"_blank\" rel=\"noopener\">Decora\u00e7\u00e3o<br \/>\n<\/a><\/li>\n<\/ul>\n","protected":false},"excerpt":{"rendered":"<p>Karl Lagerfeld e Faber Castell lan\u00e7am estojo de R$9 mil Reais. De um lado, uma empresa refer\u00eancia em produzir qualquer material que envolva cor e desenho, com quase 300 anos de tradi\u00e7\u00e3o. Do outro, o diretor de cria\u00e7\u00e3o da grife Chanel, e um dos maiores designers contempor\u00e2neo. Quando essas duas enormes pot\u00eancias resolvem se unir,\u00a0o [&hellip;]<\/p>\n","protected":false},"author":20,"featured_media":63900,"comment_status":"open","ping_status":"open","sticky":false,"template":"","format":"standard","meta":{"footnotes":""},"categories":[1507,6,10005],"tags":[4481,4482,4483,4484],"class_list":["post-12289","post","type-post","status-publish","format-standard","has-post-thumbnail","category-arquitetura","category-carreira-de-arquitetura","category-casa-e-jardim","tag-estojo-faber-castell","tag-faber-castell","tag-karl-lagerfled","tag-karlbox"],"_wp_attached_file":null,"_wp_attachment_metadata":null,"_wp_attachment_context":null,"_wp_attachment_is_custom_header":null,"geo_longitude":null,"geo_public":null,"geo_latitude":null,"_publicize_done_external":null,"_wpas_done_3897181":null,"publicize_twitter_user":null,"_wpas_done_3897175":null,"_wpas_skip_3897181":null,"_wpas_skip_3897175":null,"_wpas_skip_3924723":null,"_wpas_mess":null,"_wpas_done_3924723":null,"wps_subtitle":"","_links":{"self":[{"href":"https:\/\/www.aarquiteta.com.br\/blog\/wp-json\/wp\/v2\/posts\/12289","targetHints":{"allow":["GET"]}}],"collection":[{"href":"https:\/\/www.aarquiteta.com.br\/blog\/wp-json\/wp\/v2\/posts"}],"about":[{"href":"https:\/\/www.aarquiteta.com.br\/blog\/wp-json\/wp\/v2\/types\/post"}],"author":[{"embeddable":true,"href":"https:\/\/www.aarquiteta.com.br\/blog\/wp-json\/wp\/v2\/users\/20"}],"replies":[{"embeddable":true,"href":"https:\/\/www.aarquiteta.com.br\/blog\/wp-json\/wp\/v2\/comments?post=12289"}],"version-history":[{"count":0,"href":"https:\/\/www.aarquiteta.com.br\/blog\/wp-json\/wp\/v2\/posts\/12289\/revisions"}],"wp:featuredmedia":[{"embeddable":true,"href":"https:\/\/www.aarquiteta.com.br\/blog\/wp-json\/wp\/v2\/media\/63900"}],"wp:attachment":[{"href":"https:\/\/www.aarquiteta.com.br\/blog\/wp-json\/wp\/v2\/media?parent=12289"}],"wp:term":[{"taxonomy":"category","embeddable":true,"href":"https:\/\/www.aarquiteta.com.br\/blog\/wp-json\/wp\/v2\/categories?post=12289"},{"taxonomy":"post_tag","embeddable":true,"href":"https:\/\/www.aarquiteta.com.br\/blog\/wp-json\/wp\/v2\/tags?post=12289"}],"curies":[{"name":"wp","href":"https:\/\/api.w.org\/{rel}","templated":true}]}}