{"id":121861,"date":"2024-08-08T08:14:41","date_gmt":"2024-08-08T11:14:41","guid":{"rendered":"https:\/\/www.aarquiteta.com.br\/blog\/7-melhores-cores-para-sala-inspiracoes-e-dicas-de-combinacao\/"},"modified":"2024-08-08T08:14:41","modified_gmt":"2024-08-08T11:14:41","slug":"7-melhores-cores-para-sala-inspiracoes-e-dicas-de-combinacao","status":"publish","type":"post","link":"https:\/\/www.aarquiteta.com.br\/blog\/7-melhores-cores-para-sala-inspiracoes-e-dicas-de-combinacao\/","title":{"rendered":"7 Melhores Cores para Sala: Inspira\u00e7\u00f5es e Dicas de Combina\u00e7\u00e3o"},"content":{"rendered":"<p>Escolher as cores certas para a sua sala de estar pode fazer toda a diferen\u00e7a no ambiente. Esse segredo de decora\u00e7\u00e3o \u00e9 um jogo de alto n\u00edvel e, acredite, pode transformar completamente o visual do seu lar. Felizmente, estou aqui para compartilhar mais de 35 ideias e dicas valiosas para ajud\u00e1-lo a selecionar as melhores cores, desde op\u00e7\u00f5es cl\u00e1ssicas como branco e azul at\u00e9 tons vibrantes como rosa, amarelo e vermelho. Vou revelar como cada cor pode influenciar o estilo e a atmosfera da sua sala. Ent\u00e3o, prepara-se para se tornar um verdadeiro mestre da paleta de cores!<\/p>\n<h3>Branco para um D\u00e9cor Cl\u00e1ssico<\/h3>\n<p>Nada como o <b>branco<\/b> para criar um ambiente clean, elegante e atemporal. Essa cor neutra \u00e9 um verdadeiro curinga na decora\u00e7\u00e3o, pois combina com praticamente tudo e ajuda a ampliar visualmente os espa\u00e7os. Al\u00e9m disso, o branco transmite sensa\u00e7\u00e3o de pureza, leveza e tranquilidade &#8211; perfeito para quem busca um d\u00e9cor sofisticado e sereno.<\/p>\n<figure style=\"width: 1024px\" class=\"wp-caption aligncenter\"><img decoding=\"async\" src=\"https:\/\/www.aarquiteta.com.br\/blog\/wp-content\/uploads\/2024\/08\/imagem_2024-02-06_094029883.png\" alt=\"Cores para sala: branco \u00e9 cl\u00e1ssico e combina com diversos tons \u2013 Projeto: Duda Senna | Foto: Gisele Rampazzo\" width=\"1024\" height=\"1024\" title=\"\"><figcaption class=\"wp-caption-text\">Cores para sala: branco \u00e9 cl\u00e1ssico e combina com diversos tons \u2013 Projeto: Duda Senna | Foto: Gisele Rampazzo<\/figcaption><\/figure>\n<h3>Azul para Calma e Paz<\/h3>\n<p>J\u00e1 pensou em ter uma sala com <b>tons de azul<\/b>? Essa cor \u00e9 conhecida por transmitir sensa\u00e7\u00f5es de calma, serenidade e relaxamento. Vai desde o marinho at\u00e9 o azul-c\u00e9u, passando por varia\u00e7\u00f5es mais claras e escuras. A dica \u00e9 apostar em diferentes tonalidades dessa cor maravilhosa para criar um ambiente aconchegante e tranquilo.<\/p>\n<figure style=\"width: 1024px\" class=\"wp-caption aligncenter\"><img decoding=\"async\" src=\"https:\/\/www.aarquiteta.com.br\/blog\/wp-content\/uploads\/2024\/08\/imagem_2024-02-06_094050528.png\" alt=\"Cores para sala: azul \u00e9 a cor protagonista deste ambiente \u2013 Projeto: Gabriela Padro | Foto: Kadu Lopes\" width=\"1024\" height=\"1024\" title=\"\"><figcaption class=\"wp-caption-text\">Cores para sala: azul \u00e9 a cor protagonista deste ambiente \u2013 Projeto: Gabriela Padro | Foto: Kadu Lopes<\/figcaption><\/figure>\n<h3>Rosa para uma Decora\u00e7\u00e3o Delicada<\/h3>\n<p>Para quem ama uma decora\u00e7\u00e3o mais delicada e feminina, o <b>rosa<\/b> \u00e9 uma \u00f3tima pedida. Essa cor \u00e9 sin\u00f4nimo de suavidade, eleg\u00e2ncia e romantismo. Ela funciona super bem em pequenos detalhes, como almofadas, vasos e quadros, mas tamb\u00e9m pode dominar todo o visual da sala, criando um ambiente encantador e acolhedor.<\/p>\n<figure style=\"width: 1024px\" class=\"wp-caption aligncenter\"><img decoding=\"async\" src=\"https:\/\/www.aarquiteta.com.br\/blog\/wp-content\/uploads\/2024\/08\/imagem_2024-02-06_094109353.png\" alt=\"Cores para sala: rosa + bege em projeto delicado e cheio de significados \u2013 Projeto: Juliana Loffi | Projeto: Lio Simas\/CASACOR\" width=\"1024\" height=\"1024\" title=\"\"><figcaption class=\"wp-caption-text\">Cores para sala: rosa + bege em projeto delicado e cheio de significados \u2013 Projeto: Juliana Loffi | Projeto: Lio Simas\/CASACOR<\/figcaption><\/figure>\n<h2>Cores Vibrantes para Salas<\/h2>\n<h3>Amarelo para Luminosidade<\/h3>\n<p>Quer trazer mais <b>luz<\/b> e energia para a sua sala de estar? Ent\u00e3o o amarelo \u00e9 a sua nova melhor amiga! Essa cor vibrante irradia positividade e alegria, al\u00e9m de dar a sensa\u00e7\u00e3o de calor e luminosidade ao ambiente. Pode ser usado em pequenos detalhes ou ent\u00e3o dominar toda a decora\u00e7\u00e3o, deixando o espa\u00e7o mais alegre e convidativo.<\/p>\n<figure style=\"width: 1024px\" class=\"wp-caption aligncenter\"><img decoding=\"async\" src=\"https:\/\/www.aarquiteta.com.br\/blog\/wp-content\/uploads\/2024\/08\/imagem_2024-02-06_094158212.png\" alt=\"Cores para sala: amarelo \u00e9 perfeito para um toque descontra\u00eddo e energizante \u2013 Foto: Shutterstock\" width=\"1024\" height=\"1024\" title=\"\"><figcaption class=\"wp-caption-text\">Cores para sala: amarelo \u00e9 perfeito para um toque descontra\u00eddo e energizante \u2013 Foto: Shutterstock<\/figcaption><\/figure>\n<h3>Vermelho para um D\u00e9cor Marcante<\/h3>\n<p>Quer um toque de ousadia e personalidade na sua sala? Aposte no <b>vermelho<\/b>! Essa cor intensa e poderosa atrai todos os olhares, criando um ambiente moderno, sofisticado e cheio de personalidade. Basta utiliz\u00e1-la com modera\u00e7\u00e3o, em alguns pontos-chave, para conseguir o equil\u00edbrio perfeito.<\/p>\n<figure style=\"width: 1024px\" class=\"wp-caption aligncenter\"><img decoding=\"async\" src=\"https:\/\/www.aarquiteta.com.br\/blog\/wp-content\/uploads\/2024\/08\/imagem_2024-02-06_094216948.png\" alt=\"Cores para sala: o segredo \u00e9 escolher a tonalidade certa de vermelho e n\u00e3o exagerar para n\u00e3o sobrecarregar o visual \u2013 Projeto: Marcelo Salum | Denilson Machado\/CASACOR\" width=\"1024\" height=\"1024\" title=\"\"><figcaption class=\"wp-caption-text\">Cores para sala: o segredo \u00e9 escolher a tonalidade certa de vermelho e n\u00e3o exagerar para n\u00e3o sobrecarregar o visual \u2013 Projeto: Marcelo Salum | Denilson Machado\/CASACOR<\/figcaption><\/figure>\n<h3>Laranja para um Ambiente Descontra\u00eddo<\/h3>\n<p>Se voc\u00ea quer dar um ar mais <b>descontra\u00eddo<\/b> e descolado para a sua sala de estar, o laranja \u00e9 uma \u00f3tima op\u00e7\u00e3o. Essa cor vibrante e alegre transmite uma sensa\u00e7\u00e3o de energia e positividade, deixando o ambiente mais informal e acolhedor. Experimente usar o laranja em pe\u00e7as de decora\u00e7\u00e3o, como almofadas, tapetes ou at\u00e9 mesmo na parede.<\/p>\n<figure style=\"width: 1024px\" class=\"wp-caption aligncenter\"><img decoding=\"async\" src=\"https:\/\/www.aarquiteta.com.br\/blog\/wp-content\/uploads\/2024\/08\/imagem_2024-02-06_094235357.png\" alt=\"Cores para sala: laranja \u00e9 marcante, mas precisa ser combinada com tons neutros \u2013 Projeto: Chic\u00f4 Gouv\u00eaa | Projeto: Andr\u00e9 Nazareth\/CASACOR\" width=\"1024\" height=\"1024\" title=\"\"><figcaption class=\"wp-caption-text\">Cores para sala: laranja \u00e9 marcante, mas precisa ser combinada com tons neutros \u2013 Projeto: Chic\u00f4 Gouv\u00eaa | Projeto: Andr\u00e9 Nazareth\/CASACOR<\/figcaption><\/figure>\n<h2>Cores Elegantes para Salas<\/h2>\n<h3>Verde para um Toque de Frescor<\/h3>\n<p>Quer conferir um toque de <b>frescor<\/b> e naturalidade para a sua sala? Ent\u00e3o o verde \u00e9 a cor perfeita. Ela remete \u00e0 natureza e transmite sensa\u00e7\u00f5es de tranquilidade e equil\u00edbrio. Pode ser usado em diversos tons, desde o verde-oliva at\u00e9 o verde-esmeralda, criando um ambiente charmoso e sofisticado.<\/p>\n<figure style=\"width: 1024px\" class=\"wp-caption aligncenter\"><img decoding=\"async\" src=\"https:\/\/www.aarquiteta.com.br\/blog\/wp-content\/uploads\/2024\/08\/imagem_2024-02-06_094300689.png\" alt=\"Cores para sala: verde + azul + laranja \u2013 Projeto: Leo Romano | Foto: Andr\u00e9 Nazareth\/CASACOR\" width=\"1024\" height=\"1024\" title=\"\"><figcaption class=\"wp-caption-text\">Cores para sala: verde + azul + laranja \u2013 Projeto: Leo Romano | Foto: Andr\u00e9 Nazareth\/CASACOR<\/figcaption><\/figure>\n<h3>Roxo para Sofistica\u00e7\u00e3o<\/h3>\n<p>Para quem busca um d\u00e9cor mais <b>sofisticado<\/b> e elegante, o roxo \u00e9 uma \u00f3tima op\u00e7\u00e3o. Essa cor transmite mist\u00e9rio, riqueza e luxo, criando um ambiente chique e requintado. Pode ser usado em tons claros e suaves ou em vers\u00f5es mais intensas e marcantes, dependendo do estilo que voc\u00ea deseja.<\/p>\n<figure style=\"width: 1024px\" class=\"wp-caption aligncenter\"><img decoding=\"async\" src=\"https:\/\/www.aarquiteta.com.br\/blog\/wp-content\/uploads\/2024\/08\/imagem_2024-02-06_094312839.png\" alt=\"Cores para sala: parede roxa + janelas pintadas de verde + m\u00f3veis curvos \u2013 Projeto: Laura Carvalho | Foto: Osvaldo Castro\/CASACOR\" width=\"1024\" height=\"1024\" title=\"\"><figcaption class=\"wp-caption-text\">Cores para sala: parede roxa + janelas pintadas de verde + m\u00f3veis curvos \u2013 Projeto: Laura Carvalho | Foto: Osvaldo Castro\/CASACOR<\/figcaption><\/figure>\n<h3>Cinza para uma Decora\u00e7\u00e3o Elegante e Moderna<\/h3>\n<p>N\u00e3o se deixe enganar: o <b>cinza<\/b> \u00e9 muito mais do que apenas uma cor neutra. Ele pode ser a chave para uma decora\u00e7\u00e3o sofisticada e moderna. Al\u00e9m de combinar facilmente com outras cores, o cinza transmite eleg\u00e2ncia, tranquilidade e um toque industrial super estiloso.<\/p>\n<figure style=\"width: 1024px\" class=\"wp-caption aligncenter\"><img decoding=\"async\" src=\"https:\/\/www.aarquiteta.com.br\/blog\/wp-content\/uploads\/2024\/08\/imagem_2024-02-06_094326921.png\" alt=\"Cores para sala: cinza transmite seriedade e combina com tons vibrantes ou s\u00f3brios em salas \u2013 Projeto: Thais Venturelli Chehin | Foto: Thiago Travesso\" width=\"1024\" height=\"1024\" title=\"\"><figcaption class=\"wp-caption-text\">Cores para sala: cinza transmite seriedade e combina com tons vibrantes ou s\u00f3brios em salas \u2013 Projeto: Thais Venturelli Chehin | Foto: Thiago Travesso<\/figcaption><\/figure>\n<h3>Bege para um Ambiente Vers\u00e1til<\/h3>\n<p>Outra cor neutra que merece destaque \u00e9 o <b>bege<\/b>. Essa tonalidade quente e aconchegante cria um ambiente acolhedor e vers\u00e1til, servindo como uma \u00f3tima base para sua decora\u00e7\u00e3o. Voc\u00ea pode us\u00e1-lo como cor predominante ou ent\u00e3o como um toque sutil, em detalhes e acess\u00f3rios.<\/p>\n<figure style=\"width: 1024px\" class=\"wp-caption aligncenter\"><img decoding=\"async\" src=\"https:\/\/www.aarquiteta.com.br\/blog\/wp-content\/uploads\/2024\/08\/imagem_2024-02-06_094347454.png\" alt=\"Cores para sala: bege \u00e9 vers\u00e1til e combina com diversos tons \u2013 Projeto: Lucas Takaoka | Foto: Gabriela Daltro\/CASACOR\" width=\"1024\" height=\"1024\" title=\"\"><figcaption class=\"wp-caption-text\">Cores para sala: bege \u00e9 vers\u00e1til e combina com diversos tons \u2013 Projeto: Lucas Takaoka | Foto: Gabriela Daltro\/CASACOR<\/figcaption><\/figure>\n<h2>Conclus\u00e3o<\/h2>\n<p>Uau, acho que agora voc\u00ea j\u00e1 tem uma vis\u00e3o geral das cores mais incr\u00edveis para transformar a sua sala de estar! Agora \u00e9 s\u00f3 escolher aquela que mais combina com o seu estilo e personalidade. Lembre-se de que as cores t\u00eam o poder de influenciar diretamente a atmosfera do ambiente, ent\u00e3o n\u00e3o tenha medo de experimentar e ousar. Afinal, n\u00e3o existe f\u00f3rmula m\u00e1gica &#8211; o importante \u00e9 descobrir a combina\u00e7\u00e3o perfeita para voc\u00ea!<\/p>\n<h3>Assista agora a minha recomenda\u00e7\u00e3o de video abaixo sobre o tema que estamos tratando neste artigo: <\/h3>\n<p><div class=\"youtube-embed\" data-video_id=\"-PyPxTWn4Nc\"><iframe title=\"12 IDEIAS de CORES para SALA de TV\" width=\"696\" height=\"522\" src=\"https:\/\/www.youtube.com\/embed\/-PyPxTWn4Nc?feature=oembed&#038;enablejsapi=1\" frameborder=\"0\" allow=\"accelerometer; autoplay; clipboard-write; encrypted-media; gyroscope; picture-in-picture; web-share\" referrerpolicy=\"strict-origin-when-cross-origin\" allowfullscreen><\/iframe><\/div><\/p>\n","protected":false},"excerpt":{"rendered":"<p>Descubra as 7 melhores cores para sala e veja dicas de combina\u00e7\u00e3o. Inspire-se e escolha a sua!<\/p>\n","protected":false},"author":102,"featured_media":121851,"comment_status":"closed","ping_status":"closed","sticky":false,"template":"","format":"standard","meta":{"footnotes":""},"categories":[1484],"tags":[],"class_list":["post-121861","post","type-post","status-publish","format-standard","has-post-thumbnail","category-decoracao"],"_wp_attached_file":null,"_wp_attachment_metadata":null,"_wp_attachment_context":null,"_wp_attachment_is_custom_header":null,"geo_longitude":null,"geo_public":null,"geo_latitude":null,"_publicize_done_external":null,"_wpas_done_3897181":null,"publicize_twitter_user":null,"_wpas_done_3897175":null,"_wpas_skip_3897181":null,"_wpas_skip_3897175":null,"_wpas_skip_3924723":null,"_wpas_mess":null,"_wpas_done_3924723":null,"wps_subtitle":"","_links":{"self":[{"href":"https:\/\/www.aarquiteta.com.br\/blog\/wp-json\/wp\/v2\/posts\/121861","targetHints":{"allow":["GET"]}}],"collection":[{"href":"https:\/\/www.aarquiteta.com.br\/blog\/wp-json\/wp\/v2\/posts"}],"about":[{"href":"https:\/\/www.aarquiteta.com.br\/blog\/wp-json\/wp\/v2\/types\/post"}],"author":[{"embeddable":true,"href":"https:\/\/www.aarquiteta.com.br\/blog\/wp-json\/wp\/v2\/users\/102"}],"replies":[{"embeddable":true,"href":"https:\/\/www.aarquiteta.com.br\/blog\/wp-json\/wp\/v2\/comments?post=121861"}],"version-history":[{"count":0,"href":"https:\/\/www.aarquiteta.com.br\/blog\/wp-json\/wp\/v2\/posts\/121861\/revisions"}],"wp:featuredmedia":[{"embeddable":true,"href":"https:\/\/www.aarquiteta.com.br\/blog\/wp-json\/wp\/v2\/media\/121851"}],"wp:attachment":[{"href":"https:\/\/www.aarquiteta.com.br\/blog\/wp-json\/wp\/v2\/media?parent=121861"}],"wp:term":[{"taxonomy":"category","embeddable":true,"href":"https:\/\/www.aarquiteta.com.br\/blog\/wp-json\/wp\/v2\/categories?post=121861"},{"taxonomy":"post_tag","embeddable":true,"href":"https:\/\/www.aarquiteta.com.br\/blog\/wp-json\/wp\/v2\/tags?post=121861"}],"curies":[{"name":"wp","href":"https:\/\/api.w.org\/{rel}","templated":true}]}}