{"id":121833,"date":"2024-08-07T20:14:21","date_gmt":"2024-08-07T23:14:21","guid":{"rendered":"https:\/\/www.aarquiteta.com.br\/blog\/3-ideias-de-revestimento-de-parede-externa-para-valorizar-o-imovel\/"},"modified":"2024-08-07T20:14:21","modified_gmt":"2024-08-07T23:14:21","slug":"3-ideias-de-revestimento-de-parede-externa-para-valorizar-o-imovel","status":"publish","type":"post","link":"https:\/\/www.aarquiteta.com.br\/blog\/3-ideias-de-revestimento-de-parede-externa-para-valorizar-o-imovel\/","title":{"rendered":"3 Ideias de Revestimento de Parede Externa para Valorizar o Im\u00f3vel"},"content":{"rendered":"<p>Ei, pessoal! Voc\u00ea sabia que o revestimento de paredes externas pode fazer toda a diferen\u00e7a na valoriza\u00e7\u00e3o e prote\u00e7\u00e3o do seu im\u00f3vel? Como um arquiteto experiente, <b>posso te garantir que a escolha certa do material pode alavancar o valor do seu lar e at\u00e9 mesmo real\u00e7ar seu estilo pessoal<\/b>. Vamos dar uma conferida nos principais tipos de revestimento e te ajudar a descobrir qual \u00e9 a melhor op\u00e7\u00e3o para o seu projeto.<\/p>\n<h3>Pontos principais:<\/h3>\n<ul>\n<li><b>Conhe\u00e7a os principais tipos de revestimento de parede externa<\/b> e suas caracter\u00edsticas.<\/li>\n<li><b>Aprenda como escolher o melhor material<\/b> de acordo com seu estilo e or\u00e7amento.<\/li>\n<li><b>Descubra como o revestimento pode valorizar seu im\u00f3vel<\/b> e deix\u00e1-lo com uma apar\u00eancia incr\u00edvel.<\/li>\n<\/ul>\n<h2>Principais Tipos de Revestimento de Parede Externa<\/h2>\n<h3>Tijolo \u00e0 Vista<\/h3>\n<p>Ah, o cl\u00e1ssico tijolo \u00e0 vista! <b>Esse material \u00e9 uma \u00f3tima op\u00e7\u00e3o para quem quer um toque r\u00fastico e aconchegante<\/b>. Al\u00e9m de ser super dur\u00e1vel, o tijolo ainda proporciona uma textura super interessante e uma paleta de cores variada, que vai desde o vermelho tradicional at\u00e9 tons mais escuros e neutros. Perfeito para aquele estilo industrial chique ou at\u00e9 mesmo para complementar uma fachada mais moderna.<\/p>\n<figure style=\"width: 1024px\" class=\"wp-caption aligncenter\"><img decoding=\"async\" src=\"https:\/\/www.aarquiteta.com.br\/blog\/wp-content\/uploads\/2024\/08\/imagem_2024-03-14_115638099.png\" alt=\"O revestimento de parede externa protege o im\u00f3vel de intemp\u00e9ries, al\u00e9m de agregar valor \u2013 Projeto: Arquiteta L\u00edvia Turano | Foto: Lucas Di Menezes\" width=\"1024\" height=\"1024\" title=\"\"><figcaption class=\"wp-caption-text\">O revestimento de parede externa protege o im\u00f3vel de intemp\u00e9ries, al\u00e9m de agregar valor \u2013 Projeto: Arquiteta L\u00edvia Turano | Foto: Lucas Di Menezes<\/figcaption><\/figure>\n<h3>Pedra Natural<\/h3>\n<p>Se voc\u00ea curte um visual mais sofisticado e elegante, a pedra natural \u00e9 uma excelente escolha. <b>Existem in\u00fameras op\u00e7\u00f5es, desde o cl\u00e1ssico granito at\u00e9 o m\u00e1rmore e a ard\u00f3sia<\/b>. Cada tipo de pedra tem sua pr\u00f3pria personalidade e transmite uma sensa\u00e7\u00e3o de solidez e impon\u00eancia. Al\u00e9m disso, a pedra natural \u00e9 super dur\u00e1vel e requer pouca manuten\u00e7\u00e3o, o que a torna uma \u00f3tima op\u00e7\u00e3o a longo prazo.<\/p>\n<figure style=\"width: 1024px\" class=\"wp-caption aligncenter\"><img decoding=\"async\" src=\"https:\/\/www.aarquiteta.com.br\/blog\/wp-content\/uploads\/2024\/08\/imagem_2024-03-14_115650410.png\" alt=\"Tijolo \u00e0 vista \u00e9 uma material cl\u00e1ssico para revestimento de parede externa \u2013 Projeto: Mandril Arquitetura | Foto: Mariana Orsi @marianaorsifotografia\" width=\"1024\" height=\"1024\" title=\"\"><figcaption class=\"wp-caption-text\">Tijolo \u00e0 vista \u00e9 uma material cl\u00e1ssico para revestimento de parede externa \u2013 Projeto: Mandril Arquitetura | Foto: Mariana Orsi @marianaorsifotografia<\/figcaption><\/figure>\n<h3>Madeira<\/h3>\n<p>Ah, a madeira! Esse material traz um toque r\u00fastico e acolhedor que conquista qualquer um. <b>Seja em tabuas horizontais, verticais ou at\u00e9 mesmo em formato de ripas, a madeira \u00e9 vers\u00e1til e pode ser adaptada a diferentes estilos de fachada<\/b>. Al\u00e9m de sua beleza natural, a madeira tamb\u00e9m \u00e9 um \u00f3timo isolante t\u00e9rmico e ac\u00fastico, o que pode ajudar a melhorar a efici\u00eancia energ\u00e9tica do seu im\u00f3vel.<\/p>\n<figure style=\"width: 1024px\" class=\"wp-caption aligncenter\"><img decoding=\"async\" src=\"https:\/\/www.aarquiteta.com.br\/blog\/wp-content\/uploads\/2024\/08\/imagem_2024-03-14_115659665.png\" alt=\"Pedras naturais resistem a intemp\u00e9ries com estilo \u2013 Projeto\/Foto: Maj\u00f3 Arquitetura\" width=\"1024\" height=\"1024\" title=\"\"><figcaption class=\"wp-caption-text\">Pedras naturais resistem a intemp\u00e9ries com estilo \u2013 Projeto\/Foto: Maj\u00f3 Arquitetura<\/figcaption><\/figure>\n<h2>Como Escolher o Melhor Revestimento de Parede Externa<\/h2>\n<p>Agora que voc\u00ea j\u00e1 conhece alguns dos principais tipos de revestimento de parede externa, \u00e9 hora de escolher o que mais combina com o seu estilo e or\u00e7amento. <b>Comece avaliando o visual que voc\u00ea deseja para a fachada do seu im\u00f3vel<\/b>. Voc\u00ea prefere algo mais cl\u00e1ssico e elegante ou est\u00e1 buscando um visual mais moderno e arrojado? Tamb\u00e9m \u00e9 importante considerar a durabilidade e a facilidade de manuten\u00e7\u00e3o do material, afinal, ningu\u00e9m quer ficar lidando com reformas a cada pouco tempo, n\u00e9?<\/p>\n<figure style=\"width: 1024px\" class=\"wp-caption aligncenter\"><img decoding=\"async\" src=\"https:\/\/www.aarquiteta.com.br\/blog\/wp-content\/uploads\/2024\/08\/imagem_2024-03-14_115724356.png\" alt=\"A madeira traz aconchego e proximidade com a natureza, mas exige cuidados regulares contra umidade, fungos e insetos \u2013 Projeto: Marcela Penteado Arquitetos | Foto: @gabriela.daltro\" width=\"1024\" height=\"1024\" title=\"\"><figcaption class=\"wp-caption-text\">A madeira traz aconchego e proximidade com a natureza, mas exige cuidados regulares contra umidade, fungos e insetos \u2013 Projeto: Marcela Penteado Arquitetos | Foto: @gabriela.daltro<\/figcaption><\/figure>\n<p>Outro fator importante \u00e9 o or\u00e7amento. <b>Cada tipo de revestimento tem um custo diferente, ent\u00e3o \u00e9 importante avaliar o que cabe no seu bolso<\/b>. Lembre-se de que, \u00e0s vezes, vale a pena investir um pouco mais em um material de melhor qualidade, pois isso pode gerar economia a longo prazo com manuten\u00e7\u00e3o e at\u00e9 mesmo valorizar o seu im\u00f3vel.<\/p>\n<figure style=\"width: 1024px\" class=\"wp-caption aligncenter\"><img decoding=\"async\" src=\"https:\/\/www.aarquiteta.com.br\/blog\/wp-content\/uploads\/2024\/08\/imagem_2024-03-14_115823901.png\" alt=\"Vidro \u00e9 moderno e elegante e sua manuten\u00e7\u00e3o \u00e9 simples \u2013 Foto: Shutterstock\" width=\"1024\" height=\"1024\" title=\"\"><figcaption class=\"wp-caption-text\">Vidro \u00e9 moderno e elegante e sua manuten\u00e7\u00e3o \u00e9 simples \u2013 Foto: Shutterstock<\/figcaption><\/figure>\n<h2>Conclus\u00e3o<\/h2>\n<p>Bom, <b>agora voc\u00ea j\u00e1 sabe que o revestimento de parede externa pode fazer toda a diferen\u00e7a na apar\u00eancia e valoriza\u00e7\u00e3o do seu im\u00f3vel<\/b>. Escolha com carinho o material que mais combina com o seu estilo e or\u00e7amento, e tenha certeza de que sua fachada ficar\u00e1 impec\u00e1vel. E a\u00ed, pronto pra colocar a m\u00e3o na massa? Veja mais algumas ideias e inspira\u00e7\u00f5es sobre o assunto abaixo e descubra qual deles mais lhe agrada!<\/p>\n<figure style=\"width: 1024px\" class=\"wp-caption aligncenter\"><img decoding=\"async\" src=\"https:\/\/www.aarquiteta.com.br\/blog\/wp-content\/uploads\/2024\/08\/imagem_2024-03-14_115835392.png\" alt=\"O concreto arquitet\u00f4nico Prisma Cinza \u00e9 delicado e tem volumetria marcante \u2013 Projeto: Reinaldo Sim\u00f5es Arquitetura | Foto: Tata Cereda\" width=\"1024\" height=\"1024\" title=\"\"><figcaption class=\"wp-caption-text\">O concreto arquitet\u00f4nico Prisma Cinza \u00e9 delicado e tem volumetria marcante \u2013 Projeto: Reinaldo Sim\u00f5es Arquitetura | Foto: Tata Cereda<\/figcaption><\/figure>\n<figure style=\"width: 1024px\" class=\"wp-caption aligncenter\"><img decoding=\"async\" src=\"https:\/\/www.aarquiteta.com.br\/blog\/wp-content\/uploads\/2024\/08\/imagem_2024-03-14_115901413.png\" alt=\"Porcelanato \u00e9 uma boa op\u00e7\u00e3o para ser usado como revestimento de parede externa, pois \u00e9 vers\u00e1til e apresenta alta durabilidade \u2013 Projeto: Mageste &#038; Blinovas Arquitetura | Foto: Julia N\u00f3voa\" width=\"1024\" height=\"1024\" title=\"\"><figcaption class=\"wp-caption-text\">Porcelanato \u00e9 uma boa op\u00e7\u00e3o para ser usado como revestimento de parede externa, pois \u00e9 vers\u00e1til e apresenta alta durabilidade \u2013 Projeto: Mageste &#038; Blinovas Arquitetura | Foto: Julia N\u00f3voa<\/figcaption><\/figure>\n<figure style=\"width: 1024px\" class=\"wp-caption aligncenter\"><img decoding=\"async\" src=\"https:\/\/www.aarquiteta.com.br\/blog\/wp-content\/uploads\/2024\/08\/imagem_2024-03-14_115934760.png\" alt=\"A\u00e7o corten tem est\u00e9tica diferenciada e \u00e9 mais resistente \u00e0 corros\u00e3o \u2013 Foto: Shutterstock\" width=\"1024\" height=\"1024\" title=\"\"><figcaption class=\"wp-caption-text\">A\u00e7o corten tem est\u00e9tica diferenciada e \u00e9 mais resistente \u00e0 corros\u00e3o \u2013 Foto: Shutterstock<\/figcaption><\/figure>\n<figure style=\"width: 1024px\" class=\"wp-caption aligncenter\"><img decoding=\"async\" src=\"https:\/\/www.aarquiteta.com.br\/blog\/wp-content\/uploads\/2024\/08\/imagem_2024-03-14_115950303.png\" alt=\"Avaliar a facilidade de manuten\u00e7\u00e3o do revestimento de parede externa \u00e9 essencial durante o processo de escolha \u2013 Projeto: Studio Marlene Ricci | Foto: Edsley Saito\" width=\"1024\" height=\"1024\" title=\"\"><figcaption class=\"wp-caption-text\">Avaliar a facilidade de manuten\u00e7\u00e3o do revestimento de parede externa \u00e9 essencial durante o processo de escolha \u2013 Projeto: Studio Marlene Ricci | Foto: Edsley Saito<\/figcaption><\/figure>\n<figure style=\"width: 1024px\" class=\"wp-caption aligncenter\"><img decoding=\"async\" src=\"https:\/\/www.aarquiteta.com.br\/blog\/wp-content\/uploads\/2024\/08\/imagem_2024-03-14_120000945.png\" alt=\"Madeira + tijolinhos \u00e0 vista tornam esta fachada um charme \u2013 Projeto: Studio Marlene Ricci | Foto: R.R.Rufino\" width=\"1024\" height=\"1024\" title=\"\"><figcaption class=\"wp-caption-text\">Madeira + tijolinhos \u00e0 vista tornam esta fachada um charme \u2013 Projeto: Studio Marlene Ricci | Foto: R.R.Rufino<\/figcaption><\/figure>\n<h3>Assista agora a minha recomenda\u00e7\u00e3o de video abaixo sobre o tema que estamos tratando neste artigo: <\/h3>\n<p><div class=\"youtube-embed\" data-video_id=\"IEioLqC4rBU\"><iframe title=\"Revestimento 3D de parede externa da GF Casa Decor | Teaser linha Gold\" width=\"696\" height=\"392\" src=\"https:\/\/www.youtube.com\/embed\/IEioLqC4rBU?feature=oembed&#038;enablejsapi=1\" frameborder=\"0\" allow=\"accelerometer; autoplay; clipboard-write; encrypted-media; gyroscope; picture-in-picture; web-share\" referrerpolicy=\"strict-origin-when-cross-origin\" allowfullscreen><\/iframe><\/div><\/p>\n","protected":false},"excerpt":{"rendered":"<p>Veja 3 ideias de revestimento de parede externa e valorize seu im\u00f3vel. Inspire-se!<\/p>\n","protected":false},"author":102,"featured_media":121823,"comment_status":"closed","ping_status":"closed","sticky":false,"template":"","format":"standard","meta":{"footnotes":""},"categories":[1484],"tags":[],"class_list":["post-121833","post","type-post","status-publish","format-standard","has-post-thumbnail","category-decoracao"],"_wp_attached_file":null,"_wp_attachment_metadata":null,"_wp_attachment_context":null,"_wp_attachment_is_custom_header":null,"geo_longitude":null,"geo_public":null,"geo_latitude":null,"_publicize_done_external":null,"_wpas_done_3897181":null,"publicize_twitter_user":null,"_wpas_done_3897175":null,"_wpas_skip_3897181":null,"_wpas_skip_3897175":null,"_wpas_skip_3924723":null,"_wpas_mess":null,"_wpas_done_3924723":null,"wps_subtitle":"","_links":{"self":[{"href":"https:\/\/www.aarquiteta.com.br\/blog\/wp-json\/wp\/v2\/posts\/121833","targetHints":{"allow":["GET"]}}],"collection":[{"href":"https:\/\/www.aarquiteta.com.br\/blog\/wp-json\/wp\/v2\/posts"}],"about":[{"href":"https:\/\/www.aarquiteta.com.br\/blog\/wp-json\/wp\/v2\/types\/post"}],"author":[{"embeddable":true,"href":"https:\/\/www.aarquiteta.com.br\/blog\/wp-json\/wp\/v2\/users\/102"}],"replies":[{"embeddable":true,"href":"https:\/\/www.aarquiteta.com.br\/blog\/wp-json\/wp\/v2\/comments?post=121833"}],"version-history":[{"count":0,"href":"https:\/\/www.aarquiteta.com.br\/blog\/wp-json\/wp\/v2\/posts\/121833\/revisions"}],"wp:featuredmedia":[{"embeddable":true,"href":"https:\/\/www.aarquiteta.com.br\/blog\/wp-json\/wp\/v2\/media\/121823"}],"wp:attachment":[{"href":"https:\/\/www.aarquiteta.com.br\/blog\/wp-json\/wp\/v2\/media?parent=121833"}],"wp:term":[{"taxonomy":"category","embeddable":true,"href":"https:\/\/www.aarquiteta.com.br\/blog\/wp-json\/wp\/v2\/categories?post=121833"},{"taxonomy":"post_tag","embeddable":true,"href":"https:\/\/www.aarquiteta.com.br\/blog\/wp-json\/wp\/v2\/tags?post=121833"}],"curies":[{"name":"wp","href":"https:\/\/api.w.org\/{rel}","templated":true}]}}