{"id":121780,"date":"2024-08-07T14:37:55","date_gmt":"2024-08-07T17:37:55","guid":{"rendered":"https:\/\/www.aarquiteta.com.br\/blog\/concreto-ciclopico-tecnica-facil-pedreiro-pedra-rachao\/"},"modified":"2024-08-07T14:37:55","modified_gmt":"2024-08-07T17:37:55","slug":"concreto-ciclopico-tecnica-facil-pedreiro-pedra-rachao","status":"publish","type":"post","link":"https:\/\/www.aarquiteta.com.br\/blog\/concreto-ciclopico-tecnica-facil-pedreiro-pedra-rachao\/","title":{"rendered":"5 maneiras criativas de fazer concreto cicl\u00f3pico com pedra rach\u00e3o."},"content":{"rendered":"<p>O concreto cicl\u00f3pico \u00e9 uma t\u00e9cnica inovadora que combina o uso de concreto tradicional com pedras rach\u00e3o, oferecendo uma solu\u00e7\u00e3o pr\u00e1tica e econ\u00f4mica para diversas constru\u00e7\u00f5es. Um pedreiro do canal Jovem Aprendiz Constru\u00e7\u00f5es compartilha um passo a passo f\u00e1cil de seguir, ideal para quem deseja aprender mais sobre essa t\u00e9cnica.<\/p>\n<h2>Aprenda t\u00e9cnica chamada de concreto cicl\u00f3pico<\/h2>\n<h3>O que \u00e9 o concreto cicl\u00f3pico?<\/h3>\n<p>O <b>concreto cicl\u00f3pico<\/b> \u00e9 uma mistura que une a resist\u00eancia do concreto com a rusticidade das pedras rach\u00e3o. Essa t\u00e9cnica \u00e9 bastante utilizada em funda\u00e7\u00f5es e estruturas que exigem maior durabilidade. O pedreiro que ensina essa t\u00e9cnica destaca que, al\u00e9m de ser uma op\u00e7\u00e3o econ\u00f4mica, o concreto cicl\u00f3pico tamb\u00e9m proporciona um acabamento diferenciado, que pode ser muito atraente em projetos de constru\u00e7\u00e3o.<\/p>\n<h3>Vantagens do uso de pedras rach\u00e3o<\/h3>\n<figure style=\"width: 1024px\" class=\"wp-caption aligncenter\"><img decoding=\"async\" src=\"https:\/\/www.aarquiteta.com.br\/blog\/wp-content\/uploads\/2024\/08\/pedreiro-ensina-concreto-ciclopico-2.webp\" alt=\"5 maneiras criativas de fazer concreto cicl\u00f3pico com pedra rach\u00e3o.\" width=\"1024\" height=\"1024\" title=\"\"><figcaption class=\"wp-caption-text\">Source: <a href=\"https:\/\/ndmais.com.br\/arquitetura-e-decoracao\/concreto-ciclopico-pedreiro-ensina-tecnica-facil-de-fazer-com-o-uso-de-pedra-rachao\/\" target=\"_blank\" rel=\"noopener\">NDMAIS<\/a><\/figcaption><\/figure>\n<p>Uma das principais <b>vantagens<\/b> do uso de pedras rach\u00e3o \u00e9 a sua disponibilidade e custo. Dependendo da regi\u00e3o, as pedras podem ser encontradas a pre\u00e7os acess\u00edveis, tornando o projeto mais vi\u00e1vel financeiramente. Al\u00e9m disso, as pedras rach\u00e3o oferecem uma boa drenagem, o que \u00e9 essencial para evitar problemas de umidade nas constru\u00e7\u00f5es.<\/p>\n<h3>Passo a passo para fazer concreto cicl\u00f3pico<\/h3>\n<p>O processo de fazer concreto cicl\u00f3pico \u00e9 simples e pode ser dividido em algumas etapas. Primeiro, o pedreiro recomenda fazer um c\u00e1lculo para avaliar a viabilidade do uso das pedras rach\u00e3o. Em seguida, \u00e9 necess\u00e1rio preparar a base, colocando uma camada de concreto. Ap\u00f3s isso, as pedras devem ser dispostas com um <b>distanciamento m\u00ednimo de cinco cent\u00edmetros<\/b> entre elas, evitando que fiquem sobrepostas. O pedreiro enfatiza a import\u00e2ncia de manter as pedras afastadas para garantir a resist\u00eancia da estrutura.<\/p>\n<h3>Cuidados a serem tomados<\/h3>\n<p><iframe title=\"YouTube video player\" src=\"https:\/\/www.youtube.com\/embed\/hUzMkgi1bO4?feature=oembed&#038;enablejsapi=1&#038;origin=https:\/\/ndmais.com.br\" width=\"560\" height=\"315\" frameborder=\"0\" allowfullscreen=\"allowfullscreen\"><\/iframe><\/p>\n<p>Embora a t\u00e9cnica seja f\u00e1cil, alguns cuidados s\u00e3o essenciais. O pedreiro alerta que as pedras n\u00e3o devem ser colocadas de qualquer jeito. \u00c9 fundamental que elas fiquem bem distribu\u00eddas e que a camada de concreto seja suficiente para cobri-las adequadamente. Isso garante que a estrutura final seja s\u00f3lida e dur\u00e1vel.<\/p>\n<h3>Quando usar o concreto cicl\u00f3pico?<\/h3>\n<p>O concreto cicl\u00f3pico \u00e9 ideal para <b>funda\u00e7\u00f5es<\/b>, muros de arrimo e outras estruturas que exigem resist\u00eancia. No entanto, o pedreiro ressalta que \u00e9 importante avaliar cada caso, pois em algumas situa\u00e7\u00f5es, o custo das pedras rach\u00e3o pode n\u00e3o compensar. Portanto, \u00e9 sempre bom fazer uma an\u00e1lise detalhada antes de decidir pela t\u00e9cnica.<\/p>\n<h3>Compara\u00e7\u00e3o com outras t\u00e9cnicas<\/h3>\n<p>Comparado a outras t\u00e9cnicas de constru\u00e7\u00e3o, o concreto cicl\u00f3pico se destaca pela sua <b>efici\u00eancia<\/b> e custo-benef\u00edcio. Enquanto outras op\u00e7\u00f5es podem exigir mais materiais e m\u00e3o de obra, o uso de pedras rach\u00e3o reduz a quantidade de concreto necess\u00e1ria, tornando o processo mais econ\u00f4mico e sustent\u00e1vel.<\/p>\n<h3>Exemplos de aplica\u00e7\u00e3o<\/h3>\n<p>O concreto cicl\u00f3pico pode ser utilizado em diversos projetos, desde pequenas constru\u00e7\u00f5es at\u00e9 grandes obras. O pedreiro menciona que j\u00e1 aplicou essa t\u00e9cnica em v\u00e1rias situa\u00e7\u00f5es, sempre com resultados positivos. Ele acredita que, com o conhecimento certo, qualquer um pode se aventurar a usar essa t\u00e9cnica em suas constru\u00e7\u00f5es.<\/p>\n<h3>O futuro do concreto cicl\u00f3pico<\/h3>\n<p>Com a crescente busca por solu\u00e7\u00f5es sustent\u00e1veis e econ\u00f4micas na constru\u00e7\u00e3o civil, o <b>futuro do concreto cicl\u00f3pico<\/b> parece promissor. Cada vez mais, profissionais da \u00e1rea est\u00e3o se interessando por essa t\u00e9cnica, que combina tradi\u00e7\u00e3o e inova\u00e7\u00e3o, oferecendo resultados satisfat\u00f3rios e duradouros.<\/p>\n<h3>Considera\u00e7\u00f5es finais<\/h3>\n<p>O concreto cicl\u00f3pico \u00e9 uma t\u00e9cnica que merece ser conhecida e aplicada. Com um pouco de pr\u00e1tica e aten\u00e7\u00e3o aos detalhes, qualquer um pode aprender a utiliz\u00e1-la. O pedreiro do canal Jovem Aprendiz Constru\u00e7\u00f5es prova que, com as orienta\u00e7\u00f5es certas, \u00e9 poss\u00edvel transformar a maneira como se constr\u00f3i, tornando o processo mais acess\u00edvel e eficiente.<\/p>\n<h2>Conclus\u00e3o<\/h2>\n<p>Em resumo, o concreto cicl\u00f3pico \u00e9 uma alternativa vi\u00e1vel e econ\u00f4mica para quem deseja construir com qualidade. Com o passo a passo ensinado pelo pedreiro, \u00e9 poss\u00edvel aplicar essa t\u00e9cnica em diversas situa\u00e7\u00f5es, garantindo estruturas resistentes e dur\u00e1veis. Portanto, vale a pena considerar essa op\u00e7\u00e3o na hora de planejar uma obra.<\/p>\n<p>Fonte: <a href=\"https:\/\/ndmais.com.br\/arquitetura-e-decoracao\/concreto-ciclopico-pedreiro-ensina-tecnica-facil-de-fazer-com-o-uso-de-pedra-rachao\/\" target=\"_blank\" rel=\"noopener\">https:\/\/ndmais.com.br\/arquitetura-e-decoracao\/concreto-ciclopico-pedreiro-ensina-tecnica-facil-de-fazer-com-o-uso-de-pedra-rachao\/<\/a><\/p>\n","protected":false},"excerpt":{"rendered":"<p>O concreto cicl\u00f3pico \u00e9 uma t\u00e9cnica inovadora que combina o uso de concreto tradicional com pedras rach\u00e3o, oferecendo uma solu\u00e7\u00e3o pr\u00e1tica e econ\u00f4mica para diversas constru\u00e7\u00f5es. Um pedreiro do canal Jovem Aprendiz Constru\u00e7\u00f5es compartilha um passo a passo f\u00e1cil de seguir, ideal para quem deseja aprender mais sobre essa t\u00e9cnica. Aprenda t\u00e9cnica chamada de concreto [&hellip;]<\/p>\n","protected":false},"author":102,"featured_media":121779,"comment_status":"closed","ping_status":"closed","sticky":false,"template":"","format":"standard","meta":{"footnotes":""},"categories":[249,19127],"tags":[],"class_list":["post-121780","post","type-post","status-publish","format-standard","has-post-thumbnail","category-engenharia-e-construcao-civil","category-reforma-e-manutencao"],"_wp_attached_file":null,"_wp_attachment_metadata":null,"_wp_attachment_context":null,"_wp_attachment_is_custom_header":null,"geo_longitude":null,"geo_public":null,"geo_latitude":null,"_publicize_done_external":null,"_wpas_done_3897181":null,"publicize_twitter_user":null,"_wpas_done_3897175":null,"_wpas_skip_3897181":null,"_wpas_skip_3897175":null,"_wpas_skip_3924723":null,"_wpas_mess":null,"_wpas_done_3924723":null,"wps_subtitle":"","_links":{"self":[{"href":"https:\/\/www.aarquiteta.com.br\/blog\/wp-json\/wp\/v2\/posts\/121780","targetHints":{"allow":["GET"]}}],"collection":[{"href":"https:\/\/www.aarquiteta.com.br\/blog\/wp-json\/wp\/v2\/posts"}],"about":[{"href":"https:\/\/www.aarquiteta.com.br\/blog\/wp-json\/wp\/v2\/types\/post"}],"author":[{"embeddable":true,"href":"https:\/\/www.aarquiteta.com.br\/blog\/wp-json\/wp\/v2\/users\/102"}],"replies":[{"embeddable":true,"href":"https:\/\/www.aarquiteta.com.br\/blog\/wp-json\/wp\/v2\/comments?post=121780"}],"version-history":[{"count":0,"href":"https:\/\/www.aarquiteta.com.br\/blog\/wp-json\/wp\/v2\/posts\/121780\/revisions"}],"wp:featuredmedia":[{"embeddable":true,"href":"https:\/\/www.aarquiteta.com.br\/blog\/wp-json\/wp\/v2\/media\/121779"}],"wp:attachment":[{"href":"https:\/\/www.aarquiteta.com.br\/blog\/wp-json\/wp\/v2\/media?parent=121780"}],"wp:term":[{"taxonomy":"category","embeddable":true,"href":"https:\/\/www.aarquiteta.com.br\/blog\/wp-json\/wp\/v2\/categories?post=121780"},{"taxonomy":"post_tag","embeddable":true,"href":"https:\/\/www.aarquiteta.com.br\/blog\/wp-json\/wp\/v2\/tags?post=121780"}],"curies":[{"name":"wp","href":"https:\/\/api.w.org\/{rel}","templated":true}]}}