{"id":121356,"date":"2024-08-06T16:21:47","date_gmt":"2024-08-06T19:21:47","guid":{"rendered":"https:\/\/www.aarquiteta.com.br\/blog\/faca-voce-mesmo-em-casa-decoracao-reformas\/"},"modified":"2024-08-06T16:28:59","modified_gmt":"2024-08-06T19:28:59","slug":"faca-voce-mesmo-em-casa-decoracao-reformas","status":"publish","type":"post","link":"https:\/\/www.aarquiteta.com.br\/blog\/faca-voce-mesmo-em-casa-decoracao-reformas\/","title":{"rendered":"Fa\u00e7a Voc\u00ea Mesmo em Casa: 5 Ideias Criativas para Decora\u00e7\u00e3o e Pequenas Reformas"},"content":{"rendered":"<p>Transforme sua casa com ideias criativas de fa\u00e7a voc\u00ea mesmo! Descubra 5 projetos simples que v\u00e3o renovar a decora\u00e7\u00e3o e trazer um toque pessoal ao seu lar.<\/p><h2>Destaques principais<\/h2><ul><li><b>Pintura de <a href=\"https:\/\/www.aarquiteta.com.br\/blog\/?s=PAREDE\">Parede<\/a>:<\/b> Aprenda a escolher as cores certas e t\u00e9cnicas criativas para dar vida ao seu ambiente.<\/li><li><b>M\u00f3veis Reaproveitados:<\/b> Descubra como transformar paletes e reformar cadeiras antigas, unindo sustentabilidade e estilo.<\/li><li><b>Decora\u00e7\u00e3o com Plantas:<\/b> Crie um jardim vertical e personalize vasos para trazer um toque verde \u00e0 sua casa.<\/li><\/ul><h2>1. Pintura de Parede: D\u00ea Vida ao Seu Ambiente<\/h2><p>Uma das maneiras mais simples e eficazes de <b>renovar a decora\u00e7\u00e3o<\/b> da sua casa \u00e9 atrav\u00e9s da pintura de parede. As <a href=\"https:\/\/www.aarquiteta.com.br\/blog\/?s=CORES\">cores<\/a> conseguem transformar um ambiente, e a escolha certa pode fazer toda a diferen\u00e7a.<\/p><h3>1.1 Escolhendo as Cores Certas<\/h3><figure style=\"width: 1024px\" class=\"wp-caption aligncenter\"><img decoding=\"async\" src=\"https:\/\/www.aarquiteta.com.br\/blog\/wp-content\/uploads\/2024\/08\/faca-voce-mesmo-em-casa-decoracao-reformas04.jpg\" alt=\"Fa\u00e7a Voc\u00ea Mesmo em Casa: 5 Ideias Criativas para Decora\u00e7\u00e3o e Pequenas Reformas\" width=\"1024\" height=\"1024\" title=\"\"><figcaption class=\"wp-caption-text\">Fa\u00e7a Voc\u00ea Mesmo em Casa: 5 Ideias Criativas para Decora\u00e7\u00e3o e Pequenas Reformas<\/figcaption><\/figure><p>Ao escolher as cores, considere o <b>sentimento<\/b> que deseja transmitir. Cores quentes como vermelho e laranja trazem energia, enquanto tons frios como azul e verde promovem tranquilidade.<\/p><h3>1.2 T\u00e9cnicas de Pintura Criativas<\/h3><figure style=\"width: 1024px\" class=\"wp-caption aligncenter\"><img decoding=\"async\" src=\"https:\/\/www.aarquiteta.com.br\/blog\/wp-content\/uploads\/2024\/08\/faca-voce-mesmo-em-casa-decoracao-reformas03.jpg\" alt=\"Fa\u00e7a Voc\u00ea Mesmo em Casa: 5 Ideias Criativas para Decora\u00e7\u00e3o e Pequenas Reformas\" width=\"1024\" height=\"1024\" title=\"\"><figcaption class=\"wp-caption-text\">Fa\u00e7a Voc\u00ea Mesmo em Casa: 5 Ideias Criativas para Decora\u00e7\u00e3o e Pequenas Reformas<\/figcaption><\/figure><p>Experimente t\u00e9cnicas como <b>pintura em stencil<\/b> ou ombr\u00e9 para adicionar um toque \u00fanico \u00e0s suas <a href=\"https:\/\/www.aarquiteta.com.br\/blog\/?s=PAREDE\">paredes<\/a>. Essas abordagens criativas podem transformar um espa\u00e7o sem a necessidade de grandes reformas.<\/p><h2>2. M\u00f3veis Reaproveitados: Sustentabilidade e Estilo<\/h2><p>Reaproveitar m\u00f3veis \u00e9 uma tend\u00eancia que combina <b>sustentabilidade<\/b> e estilo. Al\u00e9m de economizar, voc\u00ea ainda contribui para a preserva\u00e7\u00e3o do meio ambiente.<\/p><h3>2.1 Transformando Paletes em M\u00f3veis<\/h3><figure style=\"width: 1024px\" class=\"wp-caption aligncenter\"><img decoding=\"async\" src=\"https:\/\/www.aarquiteta.com.br\/blog\/wp-content\/uploads\/2024\/08\/faca-voce-mesmo-em-casa-decoracao-reformas02.jpg\" alt=\"Fa\u00e7a Voc\u00ea Mesmo em Casa: 5 Ideias Criativas para Decora\u00e7\u00e3o e Pequenas Reformas\" width=\"1024\" height=\"1024\" title=\"\"><figcaption class=\"wp-caption-text\">Fa\u00e7a Voc\u00ea Mesmo em Casa: 5 Ideias Criativas para Decora\u00e7\u00e3o e Pequenas Reformas<\/figcaption><\/figure><p>Os paletes s\u00e3o uma excelente op\u00e7\u00e3o para criar m\u00f3veis r\u00fasticos e modernos. Com um pouco de criatividade, voc\u00ea pode fazer mesas, sof\u00e1s e at\u00e9 camas!<\/p><h3>2.2 Reformando Cadeiras Antigas<\/h3><figure style=\"width: 1024px\" class=\"wp-caption aligncenter\"><img decoding=\"async\" src=\"https:\/\/www.aarquiteta.com.br\/blog\/wp-content\/uploads\/2024\/08\/faca-voce-mesmo-em-casa-decoracao-reformas01.jpg\" alt=\"Fa\u00e7a Voc\u00ea Mesmo em Casa: 5 Ideias Criativas para Decora\u00e7\u00e3o e Pequenas Reformas\" width=\"1024\" height=\"1024\" title=\"\"><figcaption class=\"wp-caption-text\">Fa\u00e7a Voc\u00ea Mesmo em Casa: 5 Ideias Criativas para Decora\u00e7\u00e3o e Pequenas Reformas<\/figcaption><\/figure><p>Reformar cadeiras antigas \u00e9 uma forma de dar nova vida a pe\u00e7as que t\u00eam hist\u00f3ria. Use tecidos coloridos e t\u00e9cnicas de pintura para personaliz\u00e1-las.<\/p><h2>3. Decora\u00e7\u00e3o com Plantas: Verde em Casa<\/h2><p>Adicionar plantas \u00e0 decora\u00e7\u00e3o traz vida e frescor ao ambiente. Al\u00e9m disso, elas purificam o ar e melhoram a qualidade de vida.<\/p><h3>3.1 Criando um Jardim Vertical<\/h3><p>Um jardim vertical \u00e9 uma \u00f3tima solu\u00e7\u00e3o para quem tem pouco espa\u00e7o. Ele n\u00e3o s\u00f3 embeleza a parede, mas tamb\u00e9m traz um toque de natureza para dentro de casa.<\/p><h3>3.2 Vasos Personalizados<\/h3><h3>Assista agora a minha recomenda\u00e7\u00e3o de video abaixo sobre o tema que estamos tratando neste artigo:<\/h3><div class=\"youtube-embed\" data-video_id=\"D-64WU2A1cs\"><iframe title=\"5 Ideias para decorar casa alugada\" width=\"696\" height=\"392\" src=\"https:\/\/www.youtube.com\/embed\/D-64WU2A1cs?feature=oembed&#038;enablejsapi=1\" frameborder=\"0\" allow=\"accelerometer; autoplay; clipboard-write; encrypted-media; gyroscope; picture-in-picture; web-share\" referrerpolicy=\"strict-origin-when-cross-origin\" allowfullscreen><\/iframe><\/div><p>Personalizar vasos \u00e9 uma forma divertida de expressar sua criatividade. Use tintas, tecidos ou at\u00e9 mesmo fotos para dar um toque especial.<\/p><h2>4. Ilumina\u00e7\u00e3o DIY: Ambientes Aconchegantes<\/h2><p>A <a href=\"https:\/\/www.aarquiteta.com.br\/blog\/?s=ILUMINA%C3%87%C3%83O\">ilumina\u00e7\u00e3o<\/a> \u00e9 fundamental para criar um ambiente acolhedor. Com projetos DIY, voc\u00ea pode fazer lumin\u00e1rias incr\u00edveis e personalizadas.<\/p><h3>4.1 Lumin\u00e1rias com Materiais Recicl\u00e1veis<\/h3><p>Use garrafas, latas e outros materiais recicl\u00e1veis para criar lumin\u00e1rias \u00fanicas. Al\u00e9m de ser uma atividade divertida, voc\u00ea ainda ajuda o meio ambiente.<\/p><h3>4.2 Fitas de LED para Ambientes Modernos<\/h3><p>As fitas de LED s\u00e3o vers\u00e1teis e podem ser usadas em diversos ambientes. Elas trazem um toque moderno e podem ser aplicadas em m\u00f3veis, paredes e at\u00e9 no teto.<\/p><h2>5. Acess\u00f3rios Personalizados: Toques Finais<\/h2><p>Os acess\u00f3rios s\u00e3o o que realmente fazem a diferen\u00e7a na decora\u00e7\u00e3o. Eles trazem personalidade e estilo ao seu lar.<\/p><h3>5.1 Almofadas e Cortinas Feitas \u00e0 M\u00e3o<\/h3><p>Fazer almofadas e cortinas \u00e0 m\u00e3o \u00e9 uma forma de personalizar seu espa\u00e7o. Escolha tecidos que combinem com a paleta de cores da sua casa.<\/p><h3>5.2 Quadros e Arte de Parede DIY<\/h3><p>Crie suas pr\u00f3prias <a href=\"https:\/\/www.aarquiteta.com.br\/blog\/cursos-de-arquitetura-e-decoracao\/curso-de-gerenciamento-de-obras\">obras<\/a> de arte para pendurar nas paredes. Isso n\u00e3o s\u00f3 embeleza o ambiente, mas tamb\u00e9m traz um toque pessoal.<\/p><h2>Conclus\u00e3o: D\u00ea Asas \u00e0 Sua Criatividade<\/h2><p>Transformar sua casa com ideias de fa\u00e7a voc\u00ea mesmo \u00e9 uma maneira incr\u00edvel de expressar sua criatividade e personalidade. Com projetos simples e acess\u00edveis, voc\u00ea pode renovar a decora\u00e7\u00e3o e criar um lar que realmente reflita quem voc\u00ea \u00e9. Ent\u00e3o, que tal come\u00e7ar hoje mesmo?<\/p>","protected":false},"excerpt":{"rendered":"<p>Descubra como transformar sua casa com nossas ideias criativas para decora\u00e7\u00e3o e pequenas reformas.em seu lar!<\/p>\n","protected":false},"author":102,"featured_media":121353,"comment_status":"closed","ping_status":"closed","sticky":false,"template":"","format":"standard","meta":{"footnotes":""},"categories":[1484,971,18792,18794],"tags":[],"class_list":["post-121356","post","type-post","status-publish","format-standard","has-post-thumbnail","category-decoracao","category-design-de-interiores","category-decoracao-de-apartamento","category-projetos-de-decoracao-de-casas"],"_wp_attached_file":null,"_wp_attachment_metadata":null,"_wp_attachment_context":null,"_wp_attachment_is_custom_header":null,"geo_longitude":null,"geo_public":null,"geo_latitude":null,"_publicize_done_external":null,"_wpas_done_3897181":null,"publicize_twitter_user":null,"_wpas_done_3897175":null,"_wpas_skip_3897181":null,"_wpas_skip_3897175":null,"_wpas_skip_3924723":null,"_wpas_mess":null,"_wpas_done_3924723":null,"wps_subtitle":"","_links":{"self":[{"href":"https:\/\/www.aarquiteta.com.br\/blog\/wp-json\/wp\/v2\/posts\/121356","targetHints":{"allow":["GET"]}}],"collection":[{"href":"https:\/\/www.aarquiteta.com.br\/blog\/wp-json\/wp\/v2\/posts"}],"about":[{"href":"https:\/\/www.aarquiteta.com.br\/blog\/wp-json\/wp\/v2\/types\/post"}],"author":[{"embeddable":true,"href":"https:\/\/www.aarquiteta.com.br\/blog\/wp-json\/wp\/v2\/users\/102"}],"replies":[{"embeddable":true,"href":"https:\/\/www.aarquiteta.com.br\/blog\/wp-json\/wp\/v2\/comments?post=121356"}],"version-history":[{"count":0,"href":"https:\/\/www.aarquiteta.com.br\/blog\/wp-json\/wp\/v2\/posts\/121356\/revisions"}],"wp:featuredmedia":[{"embeddable":true,"href":"https:\/\/www.aarquiteta.com.br\/blog\/wp-json\/wp\/v2\/media\/121353"}],"wp:attachment":[{"href":"https:\/\/www.aarquiteta.com.br\/blog\/wp-json\/wp\/v2\/media?parent=121356"}],"wp:term":[{"taxonomy":"category","embeddable":true,"href":"https:\/\/www.aarquiteta.com.br\/blog\/wp-json\/wp\/v2\/categories?post=121356"},{"taxonomy":"post_tag","embeddable":true,"href":"https:\/\/www.aarquiteta.com.br\/blog\/wp-json\/wp\/v2\/tags?post=121356"}],"curies":[{"name":"wp","href":"https:\/\/api.w.org\/{rel}","templated":true}]}}