{"id":121164,"date":"2024-08-03T23:57:54","date_gmt":"2024-08-04T02:57:54","guid":{"rendered":"https:\/\/www.aarquiteta.com.br\/blog\/ultimas-tendencias-de-decoracao-transforme-seu-lar-em-5-passos\/"},"modified":"2024-08-03T23:57:54","modified_gmt":"2024-08-04T02:57:54","slug":"ultimas-tendencias-de-decoracao-transforme-seu-lar-em-5-passos","status":"publish","type":"post","link":"https:\/\/www.aarquiteta.com.br\/blog\/ultimas-tendencias-de-decoracao-transforme-seu-lar-em-5-passos\/","title":{"rendered":"\u00daltimas Tend\u00eancias de Decora\u00e7\u00e3o: Transforme Seu Lar em 5 Passos"},"content":{"rendered":"<p>Descubra como transformar seu lar em um espa\u00e7o moderno e acolhedor com as \u00faltimas tend\u00eancias de decora\u00e7\u00e3o. Em apenas 5 passos simples, voc\u00ea pode renovar sua casa e deix\u00e1-la mais estilosa e funcional.<\/p><h2>Destaques principais<\/h2><ul><li><b>Paleta de <a href=\"https:\/\/www.aarquiteta.com.br\/blog\/?s=CORES\">Cores<\/a>:<\/b> Escolher cores neutras com acentos vibrantes pode revitalizar qualquer ambiente.<\/li><li><b>M\u00f3veis Multifuncionais:<\/b> A versatilidade dos m\u00f3veis \u00e9 essencial para otimizar espa\u00e7os pequenos.<\/li><li><b>Elementos Naturais:<\/b> Incorporar plantas e materiais sustent\u00e1veis traz uma conex\u00e3o com a natureza e bem-estar.<\/li><\/ul><h2>1. Escolha uma Paleta de Cores Atual<\/h2><p>Uma <b>paleta de cores<\/b> bem escolhida pode fazer maravilhas na decora\u00e7\u00e3o da sua casa. Cores neutras, como branco, cinza e bege, criam uma base tranquila, enquanto acentos vibrantes, como azul royal ou amarelo mostarda, adicionam personalidade e energia ao ambiente.<\/p><h3>1.1 Cores Neutras e Acentos Vibrantes<\/h3><figure style=\"width: 1024px\" class=\"wp-caption aligncenter\"><img decoding=\"async\" src=\"https:\/\/www.aarquiteta.com.br\/blog\/wp-content\/uploads\/2024\/08\/Ultimas-Tendencias-de-Decoracao-Transforme-Seu-Lar-em-5-Passos04.jpg\" alt=\"\u00daltimas Tend\u00eancias de Decora\u00e7\u00e3o: Transforme Seu Lar em 5 Passos\" width=\"1024\" height=\"1024\" title=\"\"><figcaption class=\"wp-caption-text\">\u00daltimas Tend\u00eancias de Decora\u00e7\u00e3o: Transforme Seu Lar em 5 Passos<\/figcaption><\/figure><p>As <b>cores neutras<\/b> s\u00e3o vers\u00e1teis e permitem que voc\u00ea brinque com acess\u00f3rios coloridos. Por exemplo, um <a href=\"https:\/\/www.aarquiteta.com.br\/blog\/?s=SOFA\">sof\u00e1<\/a> cinza pode ser complementado com almofadas amarelas, criando um contraste que chama a aten\u00e7\u00e3o.<\/p><h3>1.2 Tend\u00eancias de Cores para 2023<\/h3><figure style=\"width: 1024px\" class=\"wp-caption aligncenter\"><img decoding=\"async\" src=\"https:\/\/www.aarquiteta.com.br\/blog\/wp-content\/uploads\/2024\/08\/Ultimas-Tendencias-de-Decoracao-Transforme-Seu-Lar-em-5-Passos03.jpg\" alt=\"\u00daltimas Tend\u00eancias de Decora\u00e7\u00e3o: Transforme Seu Lar em 5 Passos\" width=\"1024\" height=\"1024\" title=\"\"><figcaption class=\"wp-caption-text\">\u00daltimas Tend\u00eancias de Decora\u00e7\u00e3o: Transforme Seu Lar em 5 Passos<\/figcaption><\/figure><p>Em 2023, as tend\u00eancias apontam para o uso de <b>tons terrosos<\/b> e verdes suaves, que trazem uma sensa\u00e7\u00e3o de calma e conex\u00e3o com a natureza. Essas cores s\u00e3o perfeitas para criar um ambiente acolhedor e relaxante.<\/p><h2>2. M\u00f3veis Multifuncionais<\/h2><p>Com o aumento do espa\u00e7o urbano, os <b>m\u00f3veis multifuncionais<\/b> se tornaram essenciais. Eles n\u00e3o apenas economizam espa\u00e7o, mas tamb\u00e9m oferecem solu\u00e7\u00f5es pr\u00e1ticas para o dia a dia.<\/p><h3>2.1 A Import\u00e2ncia da Versatilidade<\/h3><figure style=\"width: 1024px\" class=\"wp-caption aligncenter\"><img decoding=\"async\" src=\"https:\/\/www.aarquiteta.com.br\/blog\/wp-content\/uploads\/2024\/08\/Ultimas-Tendencias-de-Decoracao-Transforme-Seu-Lar-em-5-Passos02.jpg\" alt=\"\u00daltimas Tend\u00eancias de Decora\u00e7\u00e3o: Transforme Seu Lar em 5 Passos\" width=\"1024\" height=\"1024\" title=\"\"><figcaption class=\"wp-caption-text\">\u00daltimas Tend\u00eancias de Decora\u00e7\u00e3o: Transforme Seu Lar em 5 Passos<\/figcaption><\/figure><p>Um sof\u00e1-camas, por exemplo, \u00e9 uma excelente op\u00e7\u00e3o para quem recebe visitas. Ele se transforma facilmente em uma cama, garantindo conforto sem ocupar muito espa\u00e7o.<\/p><h3>2.2 Exemplos de M\u00f3veis Inteligentes<\/h3><figure style=\"width: 1024px\" class=\"wp-caption aligncenter\"><img decoding=\"async\" src=\"https:\/\/www.aarquiteta.com.br\/blog\/wp-content\/uploads\/2024\/08\/Ultimas-Tendencias-de-Decoracao-Transforme-Seu-Lar-em-5-Passos01.jpg\" alt=\"\u00daltimas Tend\u00eancias de Decora\u00e7\u00e3o: Transforme Seu Lar em 5 Passos\" width=\"1024\" height=\"1024\" title=\"\"><figcaption class=\"wp-caption-text\">\u00daltimas Tend\u00eancias de Decora\u00e7\u00e3o: Transforme Seu Lar em 5 Passos<\/figcaption><\/figure><p>Estantes que se transformam em mesas de jantar ou mesas de centro que se elevam para se tornarem mesas de trabalho s\u00e3o exemplos de como a <b>intelig\u00eancia no design<\/b> pode facilitar a vida.<\/p><h2>3. Elementos Naturais na Decora\u00e7\u00e3o<\/h2><p>Incorporar <b>elementos naturais<\/b> na decora\u00e7\u00e3o n\u00e3o s\u00f3 embeleza o espa\u00e7o, mas tamb\u00e9m melhora a qualidade do ar e o bem-estar dos moradores.<\/p><h3>3.1 Uso de Plantas e Materiais Sustent\u00e1veis<\/h3><p>Plantas como samambaias e suculentas s\u00e3o \u00f3timas para trazer vida ao ambiente. Al\u00e9m disso, utilizar materiais sustent\u00e1veis, como <a href=\"https:\/\/www.aarquiteta.com.br\/blog\/?s=MADEIRA\">madeira<\/a> de reflorestamento, \u00e9 uma escolha consciente e estilosa.<\/p><h3>3.2 A Conex\u00e3o com a Natureza<\/h3><h3>Assista agora a minha recomenda\u00e7\u00e3o de video abaixo sobre o tema que estamos tratando neste artigo: <\/h3><p>https:\/\/www.youtube.com\/watch?v=<\/p><p>Ao trazer a natureza para dentro de casa, voc\u00ea cria um espa\u00e7o que promove a <b>tranquilidade<\/b> e a harmonia. Um jardim vertical, por exemplo, pode ser um ponto focal incr\u00edvel em qualquer sala.<\/p><h2>4. Ilumina\u00e7\u00e3o Estrat\u00e9gica<\/h2><p>A <b><a href=\"https:\/\/www.aarquiteta.com.br\/blog\/?s=ILUMINA%C3%87%C3%83O\">ilumina\u00e7\u00e3o<\/a><\/b> \u00e9 um dos aspectos mais importantes na decora\u00e7\u00e3o. Uma boa ilumina\u00e7\u00e3o pode transformar completamente a atmosfera de um ambiente.<\/p><h3>4.1 Tipos de Ilumina\u00e7\u00e3o para Ambientes<\/h3><p>Existem tr\u00eas tipos principais de ilumina\u00e7\u00e3o: geral, de tarefa e de destaque. A ilumina\u00e7\u00e3o geral ilumina o espa\u00e7o, a de tarefa \u00e9 focada em \u00e1reas espec\u00edficas, como mesas de trabalho, e a de destaque real\u00e7a elementos decorativos.<\/p><h3>4.2 Dicas para Criar Ambientes Aconchegantes<\/h3><p>Utilizar abajures e luzes indiretas pode criar um ambiente <b>aconchegante<\/b> e convidativo. Experimente dimmers para ajustar a intensidade da luz conforme a ocasi\u00e3o.<\/p><h2>5. Personaliza\u00e7\u00e3o e Estilo Pessoal<\/h2><p>Por fim, a <b>personaliza\u00e7\u00e3o<\/b> \u00e9 o que realmente faz um lar ser \u00fanico. Incorporar elementos que refletem sua personalidade \u00e9 fundamental.<\/p><h3>5.1 Incorporando Pe\u00e7as de Arte e Lembran\u00e7as<\/h3><p>Exibir <a href=\"https:\/\/www.aarquiteta.com.br\/blog\/cursos-de-arquitetura-e-decoracao\/curso-de-gerenciamento-de-obras\">obras<\/a> de arte ou lembran\u00e7as de viagens pode contar a sua hist\u00f3ria e dar um toque especial ao ambiente. Cada pe\u00e7a deve ter um significado, tornando o espa\u00e7o mais <b>significativo<\/b>.<\/p><h3>5.2 A Import\u00e2ncia do Toque Pessoal<\/h3><p>N\u00e3o tenha medo de misturar estilos e cores. O importante \u00e9 que o espa\u00e7o reflita quem voc\u00ea \u00e9. Um lar deve ser um reflexo da sua <b>identidade<\/b>.<\/p><h2>Conclus\u00e3o: Transforme Seu Lar com Estilo<\/h2><p>Transformar seu lar em um espa\u00e7o moderno e acolhedor \u00e9 mais f\u00e1cil do que parece. Com as dicas apresentadas, voc\u00ea pode renovar sua casa em apenas 5 passos. Lembre-se de que a decora\u00e7\u00e3o \u00e9 uma extens\u00e3o da sua personalidade e deve trazer conforto e alegria ao seu dia a dia. Ent\u00e3o, que tal come\u00e7ar essa transforma\u00e7\u00e3o hoje mesmo?<\/p>","protected":false},"excerpt":{"rendered":"<p>Veja as \u00faltimas tend\u00eancias de decora\u00e7\u00e3o e transforme seu lar em 5 passos. Renove seu espa\u00e7o com estilo!<\/p>\n","protected":false},"author":102,"featured_media":121161,"comment_status":"closed","ping_status":"closed","sticky":false,"template":"","format":"standard","meta":{"footnotes":""},"categories":[1484,971,18792,18794],"tags":[],"class_list":["post-121164","post","type-post","status-publish","format-standard","has-post-thumbnail","category-decoracao","category-design-de-interiores","category-decoracao-de-apartamento","category-projetos-de-decoracao-de-casas"],"_wp_attached_file":null,"_wp_attachment_metadata":null,"_wp_attachment_context":null,"_wp_attachment_is_custom_header":null,"geo_longitude":null,"geo_public":null,"geo_latitude":null,"_publicize_done_external":null,"_wpas_done_3897181":null,"publicize_twitter_user":null,"_wpas_done_3897175":null,"_wpas_skip_3897181":null,"_wpas_skip_3897175":null,"_wpas_skip_3924723":null,"_wpas_mess":null,"_wpas_done_3924723":null,"wps_subtitle":"","_links":{"self":[{"href":"https:\/\/www.aarquiteta.com.br\/blog\/wp-json\/wp\/v2\/posts\/121164","targetHints":{"allow":["GET"]}}],"collection":[{"href":"https:\/\/www.aarquiteta.com.br\/blog\/wp-json\/wp\/v2\/posts"}],"about":[{"href":"https:\/\/www.aarquiteta.com.br\/blog\/wp-json\/wp\/v2\/types\/post"}],"author":[{"embeddable":true,"href":"https:\/\/www.aarquiteta.com.br\/blog\/wp-json\/wp\/v2\/users\/102"}],"replies":[{"embeddable":true,"href":"https:\/\/www.aarquiteta.com.br\/blog\/wp-json\/wp\/v2\/comments?post=121164"}],"version-history":[{"count":0,"href":"https:\/\/www.aarquiteta.com.br\/blog\/wp-json\/wp\/v2\/posts\/121164\/revisions"}],"wp:featuredmedia":[{"embeddable":true,"href":"https:\/\/www.aarquiteta.com.br\/blog\/wp-json\/wp\/v2\/media\/121161"}],"wp:attachment":[{"href":"https:\/\/www.aarquiteta.com.br\/blog\/wp-json\/wp\/v2\/media?parent=121164"}],"wp:term":[{"taxonomy":"category","embeddable":true,"href":"https:\/\/www.aarquiteta.com.br\/blog\/wp-json\/wp\/v2\/categories?post=121164"},{"taxonomy":"post_tag","embeddable":true,"href":"https:\/\/www.aarquiteta.com.br\/blog\/wp-json\/wp\/v2\/tags?post=121164"}],"curies":[{"name":"wp","href":"https:\/\/api.w.org\/{rel}","templated":true}]}}