{"id":121041,"date":"2024-08-02T20:09:42","date_gmt":"2024-08-02T23:09:42","guid":{"rendered":"https:\/\/www.aarquiteta.com.br\/blog\/como-decorar-um-corredor-estreito-5-ideias-inteligentes\/"},"modified":"2024-08-02T20:09:42","modified_gmt":"2024-08-02T23:09:42","slug":"como-decorar-um-corredor-estreito-5-ideias-inteligentes","status":"publish","type":"post","link":"https:\/\/www.aarquiteta.com.br\/blog\/como-decorar-um-corredor-estreito-5-ideias-inteligentes\/","title":{"rendered":"Como Decorar um Corredor Estreito: 5 Ideias Inteligentes"},"content":{"rendered":"<p>&#8220;`html<br \/><body><\/p><p>Decorar um <a href=\"https:\/\/www.aarquiteta.com.br\/blog\/?s=CORREDOR\">corredor<\/a> estreito pode ser um desafio, mas com as ideias certas, voc\u00ea pode transform\u00e1-lo em um espa\u00e7o funcional e estiloso. Descubra 5 dicas inteligentes para otimizar e embelezar seu corredor.<\/p><h2>Destaques principais<\/h2><ul><li><b><a href=\"https:\/\/www.aarquiteta.com.br\/blog\/decoracao\/cores-e-paletas\/\" class=\"ilj-generated-link\">Cores<\/a> Claras:<\/b> Usar tons claros pode ampliar visualmente o espa\u00e7o, criando uma sensa\u00e7\u00e3o de amplitude.<\/li><li><b>Espelhos:<\/b> Eles s\u00e3o aliados poderosos para refletir luz e dar a impress\u00e3o de um corredor mais largo.<\/li><li><b><a href=\"https:\/\/www.aarquiteta.com.br\/blog\/?s=ILUMINA%C3%87%C3%83O\">Ilumina\u00e7\u00e3o<\/a> Adequada:<\/b> Uma boa ilumina\u00e7\u00e3o \u00e9 essencial para destacar a decora\u00e7\u00e3o e tornar o ambiente mais acolhedor.<\/li><\/ul><h2>1. Use Cores Claras<\/h2><h3>Benef\u00edcios das Cores Claras<\/h3><figure style=\"width: 1024px\" class=\"wp-caption aligncenter\"><img decoding=\"async\" src=\"https:\/\/www.aarquiteta.com.br\/blog\/wp-content\/uploads\/2024\/08\/Como-Decorar-um-Corredor-Estreito-5-Ideias-Inteligentes04.jpg\" alt=\"Como Decorar um Corredor Estreito: 5 Ideias Inteligentes\" width=\"1024\" height=\"1024\" title=\"\"><figcaption class=\"wp-caption-text\"><a href=\"https:\/\/www.aarquiteta.com.br\/blog\/cursos-de-arquitetura-e-decoracao\/curso-de-decoracao-de-interiores\/\">Como Decorar<\/a> um Corredor Estreito: 5 Ideias Inteligentes<\/figcaption><\/figure><p>Quando se trata de <b>decorar corredores estreitos<\/b>, as cores claras s\u00e3o suas melhores amigas. Elas ajudam a refletir a luz, fazendo com que o espa\u00e7o pare\u00e7a mais amplo e arejado. Um corredor pintado de branco, por exemplo, pode criar uma sensa\u00e7\u00e3o de continuidade e fluidez.<\/p><h3>Como Escolher a Paleta de Cores<\/h3><figure style=\"width: 1024px\" class=\"wp-caption aligncenter\"><img decoding=\"async\" src=\"https:\/\/www.aarquiteta.com.br\/blog\/wp-content\/uploads\/2024\/08\/Como-Decorar-um-Corredor-Estreito-5-Ideias-Inteligentes03.jpg\" alt=\"Como Decorar um Corredor Estreito: 5 Ideias Inteligentes\" width=\"1024\" height=\"1024\" title=\"\"><figcaption class=\"wp-caption-text\">Como Decorar um Corredor Estreito: 5 Ideias Inteligentes<\/figcaption><\/figure><p>Escolher a paleta de cores certa \u00e9 fundamental. Opte por <b>tons neutros<\/b> como bege, cinza claro ou azul suave. Esses tons n\u00e3o apenas ampliam o espa\u00e7o, mas tamb\u00e9m permitem que voc\u00ea brinque com a decora\u00e7\u00e3o sem sobrecarregar o ambiente.<\/p><h2>2. Espelhos para Ampliar o Espa\u00e7o<\/h2><h3>Tipos de Espelhos Ideais<\/h3><figure style=\"width: 1024px\" class=\"wp-caption aligncenter\"><img decoding=\"async\" src=\"https:\/\/www.aarquiteta.com.br\/blog\/wp-content\/uploads\/2024\/08\/Como-Decorar-um-Corredor-Estreito-5-Ideias-Inteligentes02.jpg\" alt=\"Como Decorar um Corredor Estreito: 5 Ideias Inteligentes\" width=\"1024\" height=\"1024\" title=\"\"><figcaption class=\"wp-caption-text\">Como Decorar um Corredor Estreito: 5 Ideias Inteligentes<\/figcaption><\/figure><p>Os espelhos s\u00e3o uma <b>ferramenta poderosa<\/b> na decora\u00e7\u00e3o de corredores. Espelhos grandes ou em formatos interessantes podem criar um ponto focal e, ao mesmo tempo, refletir a luz, aumentando a sensa\u00e7\u00e3o de espa\u00e7o. Considere espelhos com molduras decorativas para adicionar um toque de estilo.<\/p><h3>Posicionamento Estrat\u00e9gico<\/h3><figure style=\"width: 1024px\" class=\"wp-caption aligncenter\"><img decoding=\"async\" src=\"https:\/\/www.aarquiteta.com.br\/blog\/wp-content\/uploads\/2024\/08\/Como-Decorar-um-Corredor-Estreito-5-Ideias-Inteligentes01.jpg\" alt=\"Como Decorar um Corredor Estreito: 5 Ideias Inteligentes\" width=\"1024\" height=\"1024\" title=\"\"><figcaption class=\"wp-caption-text\">Como Decorar um Corredor Estreito: 5 Ideias Inteligentes<\/figcaption><\/figure><p>O posicionamento dos espelhos \u00e9 crucial. Coloc\u00e1-los em locais onde possam refletir a luz natural ou a ilumina\u00e7\u00e3o artificial pode maximizar seu efeito. Um espelho na extremidade do corredor pode dar a ilus\u00e3o de profundidade, fazendo o espa\u00e7o parecer mais longo.<\/p><h2>3. Ilumina\u00e7\u00e3o Adequada<\/h2><h3>Tipos de Ilumina\u00e7\u00e3o<\/h3><p>A ilumina\u00e7\u00e3o \u00e9 um dos aspectos mais importantes na decora\u00e7\u00e3o de qualquer espa\u00e7o. Para corredores estreitos, a <b>ilumina\u00e7\u00e3o embutida<\/b> ou fitas de LED podem ser uma excelente escolha. Elas n\u00e3o ocupam espa\u00e7o e proporcionam uma luz suave e uniforme.<\/p><h3>Dicas para Iluminar Corredores Estreitos<\/h3><h3>Assista agora a minha recomenda\u00e7\u00e3o de video abaixo sobre o tema que estamos tratando neste artigo: <\/h3><p><div class=\"youtube-embed\" data-video_id=\"V33Las1hB7Y\"><iframe title=\"10 IDEIAS DECOR PARA CORREDOR #decora\u00e7\u00e3o #home #trends #arquitetura #homedecor #corredor\" width=\"696\" height=\"392\" src=\"https:\/\/www.youtube.com\/embed\/V33Las1hB7Y?feature=oembed&#038;enablejsapi=1\" frameborder=\"0\" allow=\"accelerometer; autoplay; clipboard-write; encrypted-media; gyroscope; picture-in-picture; web-share\" referrerpolicy=\"strict-origin-when-cross-origin\" allowfullscreen><\/iframe><\/div><\/p><p>Considere tamb\u00e9m a instala\u00e7\u00e3o de <b>lumin\u00e1rias pendentes<\/b> ou arandelas nas paredes. Isso n\u00e3o s\u00f3 ilumina o espa\u00e7o, mas tamb\u00e9m adiciona um elemento decorativo. Lembre-se de que a ilumina\u00e7\u00e3o deve ser suficiente para destacar a decora\u00e7\u00e3o, mas n\u00e3o t\u00e3o intensa a ponto de criar sombras indesejadas.<\/p><h2>4. Prateleiras e Nichos<\/h2><h3>Como Instalar Prateleiras<\/h3><p>As prateleiras s\u00e3o uma \u00f3tima maneira de <b>otimizar o espa\u00e7o vertical<\/b> em corredores estreitos. Instale prateleiras flutuantes para exibir livros, plantas ou objetos decorativos. Isso n\u00e3o s\u00f3 libera espa\u00e7o no ch\u00e3o, mas tamb\u00e9m adiciona personalidade ao ambiente.<\/p><h3>Decora\u00e7\u00e3o com Nichos<\/h3><p>Os <a href=\"https:\/\/www.aarquiteta.com.br\/blog\/?s=NICHO\">nichos<\/a> embutidos s\u00e3o outra op\u00e7\u00e3o interessante. Eles podem ser usados para exibir obras de arte ou itens decorativos, criando um ponto focal que atrai a aten\u00e7\u00e3o. Al\u00e9m disso, os nichos ajudam a manter o corredor organizado e livre de desordem.<\/p><h2>5. Elementos Decorativos Verticalizados<\/h2><h3>Quadros e Fotografias<\/h3><p>Adicionar quadros ou fotografias nas paredes \u00e9 uma maneira eficaz de personalizar seu corredor. Opte por uma <b>galeria de arte vertical<\/b>, onde as obras s\u00e3o dispostas em uma linha ao longo da parede. Isso n\u00e3o s\u00f3 embeleza o espa\u00e7o, mas tamb\u00e9m cria uma sensa\u00e7\u00e3o de altura.<\/p><h3>Plantas e Outros Acess\u00f3rios<\/h3><p>As plantas s\u00e3o um excelente complemento para qualquer decora\u00e7\u00e3o. Escolha plantas que se adaptem bem a ambientes internos e que n\u00e3o ocupem muito espa\u00e7o. Colocar uma pequena estante com plantas suspensas pode trazer vida ao corredor e melhorar a qualidade do ar.<\/p><h2>Conclus\u00e3o<\/h2><p>Decorar um corredor estreito n\u00e3o precisa ser uma tarefa dif\u00edcil. Com as dicas certas, como o uso de <b>cores claras<\/b>, espelhos, ilumina\u00e7\u00e3o adequada e elementos decorativos verticalizados, voc\u00ea pode transformar esse espa\u00e7o em um ambiente funcional e estiloso. Lembre-se de que cada detalhe conta e que a criatividade \u00e9 a chave para otimizar e embelezar seu corredor.<\/p><p><\/body><br \/>&#8220;`<\/p>","protected":false},"excerpt":{"rendered":"<p>Veja 5 ideias inteligentes para decorar um corredor estreito. Otimize seu espa\u00e7o com estilo!<\/p>\n","protected":false},"author":102,"featured_media":121038,"comment_status":"closed","ping_status":"closed","sticky":false,"template":"","format":"standard","meta":{"footnotes":""},"categories":[1484,971,18792,18794],"tags":[],"class_list":["post-121041","post","type-post","status-publish","format-standard","has-post-thumbnail","category-decoracao","category-design-de-interiores","category-decoracao-de-apartamento","category-projetos-de-decoracao-de-casas"],"_wp_attached_file":null,"_wp_attachment_metadata":null,"_wp_attachment_context":null,"_wp_attachment_is_custom_header":null,"geo_longitude":null,"geo_public":null,"geo_latitude":null,"_publicize_done_external":null,"_wpas_done_3897181":null,"publicize_twitter_user":null,"_wpas_done_3897175":null,"_wpas_skip_3897181":null,"_wpas_skip_3897175":null,"_wpas_skip_3924723":null,"_wpas_mess":null,"_wpas_done_3924723":null,"wps_subtitle":"","_links":{"self":[{"href":"https:\/\/www.aarquiteta.com.br\/blog\/wp-json\/wp\/v2\/posts\/121041","targetHints":{"allow":["GET"]}}],"collection":[{"href":"https:\/\/www.aarquiteta.com.br\/blog\/wp-json\/wp\/v2\/posts"}],"about":[{"href":"https:\/\/www.aarquiteta.com.br\/blog\/wp-json\/wp\/v2\/types\/post"}],"author":[{"embeddable":true,"href":"https:\/\/www.aarquiteta.com.br\/blog\/wp-json\/wp\/v2\/users\/102"}],"replies":[{"embeddable":true,"href":"https:\/\/www.aarquiteta.com.br\/blog\/wp-json\/wp\/v2\/comments?post=121041"}],"version-history":[{"count":0,"href":"https:\/\/www.aarquiteta.com.br\/blog\/wp-json\/wp\/v2\/posts\/121041\/revisions"}],"wp:featuredmedia":[{"embeddable":true,"href":"https:\/\/www.aarquiteta.com.br\/blog\/wp-json\/wp\/v2\/media\/121038"}],"wp:attachment":[{"href":"https:\/\/www.aarquiteta.com.br\/blog\/wp-json\/wp\/v2\/media?parent=121041"}],"wp:term":[{"taxonomy":"category","embeddable":true,"href":"https:\/\/www.aarquiteta.com.br\/blog\/wp-json\/wp\/v2\/categories?post=121041"},{"taxonomy":"post_tag","embeddable":true,"href":"https:\/\/www.aarquiteta.com.br\/blog\/wp-json\/wp\/v2\/tags?post=121041"}],"curies":[{"name":"wp","href":"https:\/\/api.w.org\/{rel}","templated":true}]}}