{"id":120432,"date":"2024-07-25T14:14:17","date_gmt":"2024-07-25T17:14:17","guid":{"rendered":"https:\/\/www.aarquiteta.com.br\/blog\/bolo-de-branca-de-neve\/"},"modified":"2024-07-25T14:14:17","modified_gmt":"2024-07-25T17:14:17","slug":"bolo-de-branca-de-neve","status":"publish","type":"post","link":"https:\/\/www.aarquiteta.com.br\/blog\/bolo-de-branca-de-neve\/","title":{"rendered":"11 Ideias de Bolo de Branca de Neve para Festas Inesquec\u00edveis"},"content":{"rendered":"<p>Prepare-se para ficar encantado(a) com uma cole\u00e7\u00e3o deslumbrante de bolos tem\u00e1ticos da Branca de Neve! Seja voc\u00ea um(a) amante dos cl\u00e1ssicos ou algu\u00e9m em busca de algo mais moderno e ousado, este artigo vai te inspirar a criar uma verdadeira obra de arte para sua pr\u00f3xima festa infantil.<\/p><h3>Pontos principais:<\/h3><ul><li><b>Cores e elementos cl\u00e1ssicos da Branca de Neve<\/b> &#8211; Explore uma ampla variedade de bolos tradicionais e sofisticados, bem como vers\u00f5es mais modernas e conceituais.<\/li><li><b>T\u00e9cnicas e <a href=\"https:\/\/www.aarquiteta.com.br\/blog\/decoracao\/estilos-de-decoracao-de-interiores\/\" class=\"ilj-generated-link\">estilos de decora\u00e7\u00e3o<\/a><\/b> &#8211; Descubra op\u00e7\u00f5es multicoloridas e personalizadas, assim como sugest\u00f5es minimalistas e criativas.<\/li><li><b>Adapta\u00e7\u00f5es para diferentes tipos de festa<\/b> &#8211; Encontre solu\u00e7\u00f5es para celebra\u00e7\u00f5es grandes e pequenas, com op\u00e7\u00f5es econ\u00f4micas e impactantes.<\/li><\/ul><h2>Cores e Elementos Cl\u00e1ssicos da Branca de Neve<\/h2><h3>Bolos Tradicionais e Sofisticados<\/h3><p>Vamos come\u00e7ar com os cl\u00e1ssicos! Nada supera a eleg\u00e2ncia de um bolo branco e puro, tal como a pele da Branca de Neve. Al\u00e9m disso, <b>a adi\u00e7\u00e3o de detalhes em vermelho, como ma\u00e7\u00e3s e fitas, evoca a paix\u00e3o e o drama da hist\u00f3ria<\/b>. Por outro lado, voc\u00ea pode dar um toque de sofistica\u00e7\u00e3o ao incorporar texturas delicadas, como rendas e p\u00e9rolas, criando um visual deslumbrante que encantar\u00e1 seus convidados.<\/p><figure style=\"width: 1024px\" class=\"wp-caption aligncenter\"><img decoding=\"async\" src=\"https:\/\/www.aarquiteta.com.br\/blog\/wp-content\/uploads\/2024\/07\/bolo-branca-de-neve-1.jpg\" alt=\"Bolo com chantininho e decora\u00e7\u00e3o elaborada para uma festa infantil.\" width=\"1024\" height=\"1024\" title=\"\"><figcaption class=\"wp-caption-text\">Bolo com chantininho e decora\u00e7\u00e3o elaborada para uma festa infantil.<\/figcaption><\/figure><h3>Vers\u00f5es Modernas e Conceituais<\/h3><p>Mas se voc\u00ea est\u00e1 procurando algo mais fora da caixa, por que n\u00e3o experimentar uma abordagem mais moderna e conceitual? <b>Explore a paleta de cores da Branca de Neve, como o preto, branco e vermelho, mas com um twist contempor\u00e2neo<\/b>. Pense em camadas ousadas, <a href=\"https:\/\/www.aarquiteta.com.br\/blog\/engenharia-e-construcao-civil\/acabamentos\/\" class=\"ilj-generated-link\">acabamentos<\/a> met\u00e1licos ou at\u00e9 mesmo uma interpreta\u00e7\u00e3o minimalista usando apenas formas geom\u00e9tricas.<\/p><figure style=\"width: 1024px\" class=\"wp-caption aligncenter\"><img decoding=\"async\" src=\"https:\/\/www.aarquiteta.com.br\/blog\/wp-content\/uploads\/2024\/07\/bolo-branca-de-neve-2.jpg\" alt=\"Bolo com cores bem trabalhadas e plaquinhas personalizadas, destacando a Branca de Neve.\" width=\"1024\" height=\"1024\" title=\"\"><figcaption class=\"wp-caption-text\">Bolo com cores bem trabalhadas e plaquinhas personalizadas, destacando a Branca de Neve.<\/figcaption><\/figure><h2>T\u00e9cnicas e Estilos de Decora\u00e7\u00e3o<\/h2><h3>Bolos Multicoloridos e Personalizados<\/h3><p>Se voc\u00ea quer algo realmente \u00fanico, por que n\u00e3o se aventurar em uma abordagem multicolorida e personalizada? <b>Imagine um bolo com um degrade de azuis e violetas, remetendo ao c\u00e9u noturno, ou ent\u00e3o uma explos\u00e3o de cores com tons de rosa e dourado, evocando a beleza da floresta encantada<\/b>. E que tal adicionar elementos personalizados, como a figura da pr\u00f3pria Branca de Neve ou seus amigos fofos os an\u00f5ezinhos?<\/p><figure style=\"width: 1024px\" class=\"wp-caption aligncenter\"><img decoding=\"async\" src=\"https:\/\/www.aarquiteta.com.br\/blog\/wp-content\/uploads\/2024\/07\/bolo-branca-de-neve-3.jpg\" alt=\"Bolo com tema Branca de Neve baby, plaquinhas personalizadas e elementos fofos.\" width=\"1024\" height=\"1024\" title=\"\"><figcaption class=\"wp-caption-text\">Bolo com tema Branca de Neve baby, plaquinhas personalizadas e elementos fofos.<\/figcaption><\/figure><h3>Op\u00e7\u00f5es Minimalistas e Criativas<\/h3><p>Agora, se voc\u00ea prefere um look mais clean e elegante, existem solu\u00e7\u00f5es minimalistas e criativas que tamb\u00e9m v\u00e3o te encantar. <b>Pense em um bolo todo branco, com detalhes geom\u00e9tricos ou florais em relevo, criando um visual sofisticado e atemporal<\/b>. Ou ent\u00e3o, que tal explorar t\u00e9cnicas como o drip cake, com um efeito escorrido e moderno?<\/p><figure style=\"width: 1024px\" class=\"wp-caption aligncenter\"><img decoding=\"async\" src=\"https:\/\/www.aarquiteta.com.br\/blog\/wp-content\/uploads\/2024\/07\/bolo-branca-de-neve-4.jpg\" alt=\"Bolo simples com decora\u00e7\u00e3o de chantilly, glitter, flores e plaquinhas personalizadas.\" width=\"1024\" height=\"1024\" title=\"\"><figcaption class=\"wp-caption-text\">Bolo simples com decora\u00e7\u00e3o de chantilly, glitter, flores e plaquinhas personalizadas.<\/figcaption><\/figure><h2>Adapta\u00e7\u00f5es para Diferentes Tipos de Festa<\/h2><h3>Bolos para Festas Grandes e Pequenas<\/h3><p>Seja voc\u00ea est\u00e1 planejando uma festa de anivers\u00e1rio grandiosa ou uma comemora\u00e7\u00e3o mais intimista, existem op\u00e7\u00f5es de bolos incr\u00edveis para satisfazer suas necessidades. <b>Para <a href=\"https:\/\/www.aarquiteta.com.br\/blog\/eventos-a-arquiteta\/\" class=\"ilj-generated-link\">eventos<\/a> maiores, considere um bolo com v\u00e1rias camadas, decorado com detalhes elaborados e at\u00e9 mesmo uma escultura de gelo da Branca de Neve<\/b>. J\u00e1 para festas menores, um bolo individual ou um pequeno naked cake pode ser a escolha perfeita, mantendo o estilo e a eleg\u00e2ncia.<\/p><figure style=\"width: 1024px\" class=\"wp-caption aligncenter\"><img decoding=\"async\" src=\"https:\/\/www.aarquiteta.com.br\/blog\/wp-content\/uploads\/2024\/07\/bolo-branca-de-neve-5.jpg\" alt=\"Bolo com vermelho como cor principal e os an\u00f5es na base.\" width=\"1024\" height=\"1024\" title=\"\"><figcaption class=\"wp-caption-text\">Bolo com vermelho como cor principal e os an\u00f5es na base.<\/figcaption><\/figure><h3>Solu\u00e7\u00f5es Econ\u00f4micas e Impactantes<\/h3><p>E se voc\u00ea est\u00e1 com or\u00e7amento limitado? N\u00e3o se preocupe, existem maneiras de criar um bolo incr\u00edvel sem gastar uma fortuna. <b>Considere uma decora\u00e7\u00e3o mais simples, com elementos como folhas de ouro, p\u00e9talas de flor ou at\u00e9 mesmo uma pintura a m\u00e3o<\/b>. Voc\u00ea tamb\u00e9m pode optar por uma vers\u00e3o mini ou um bolo de pote, que ser\u00e3o surpreendentemente bonitos e deliciosos.<\/p><figure style=\"width: 1024px\" class=\"wp-caption aligncenter\"><img decoding=\"async\" src=\"https:\/\/www.aarquiteta.com.br\/blog\/wp-content\/uploads\/2024\/07\/bolo-branca-de-neve-6.jpg\" alt=\"Bolo com amarelo como cor principal, permitindo destaque dos elementos.\" width=\"1024\" height=\"1024\" title=\"\"><figcaption class=\"wp-caption-text\">Bolo com amarelo como cor principal, permitindo destaque dos elementos.<\/figcaption><\/figure><h2>Conclus\u00e3o<\/h2><p>Ent\u00e3o, o que voc\u00ea achou dessa cole\u00e7\u00e3o de inspira\u00e7\u00f5es de bolos tem\u00e1ticos da Branca de Neve? Espero que voc\u00ea tenha encontrado algumas ideias que te deixaram com \u00e1gua na boca e a imagina\u00e7\u00e3o a mil! <b>Agora \u00e9 a sua vez de se tornar um(a) verdadeiro(a) mestre(a) da confeitaria e criar o bolo dos sonhos para a sua pr\u00f3xima celebra\u00e7\u00e3o<\/b>.<\/p><figure style=\"width: 1024px\" class=\"wp-caption aligncenter\"><img decoding=\"async\" src=\"https:\/\/www.aarquiteta.com.br\/blog\/wp-content\/uploads\/2024\/07\/bolo-branca-de-neve-7.jpg\" alt=\"Bolo de dois andares com amarelo em destaque, elemento de tronco de \u00e1rvore e floresta encantada.\" width=\"1024\" height=\"1024\" title=\"\"><figcaption class=\"wp-caption-text\">Bolo de dois andares com amarelo em destaque, elemento de tronco de \u00e1rvore e floresta encantada.<\/figcaption><\/figure><p>Veja mais algumas ideias e inspira\u00e7\u00f5es sobre o assunto abaixo e descubra qual deles mais lhe agrada!<\/p><figure style=\"width: 1024px\" class=\"wp-caption aligncenter\"><img decoding=\"async\" src=\"https:\/\/www.aarquiteta.com.br\/blog\/wp-content\/uploads\/2024\/07\/bolo-branca-de-neve-8-e1675036413299.jpg\" alt=\"Bolo de dois andares tem\u00e1tico da floresta encantada da Branca de Neve baby, l\u00fadico e detalhado.\" width=\"1024\" height=\"1024\" title=\"\"><figcaption class=\"wp-caption-text\">Bolo de dois andares tem\u00e1tico da floresta encantada da Branca de Neve baby, l\u00fadico e detalhado.<\/figcaption><\/figure><figure style=\"width: 1024px\" class=\"wp-caption aligncenter\"><img decoding=\"async\" src=\"https:\/\/www.aarquiteta.com.br\/blog\/wp-content\/uploads\/2024\/07\/bolo-branca-de-neve-9-e1675036445350.jpg\" alt=\"Bolo adequado para jovens e adolescentes; cores neutras e elementos realistas do conto.\" width=\"1024\" height=\"1024\" title=\"\"><figcaption class=\"wp-caption-text\">Bolo adequado para jovens e adolescentes; cores neutras e elementos realistas do conto.<\/figcaption><\/figure><figure style=\"width: 1024px\" class=\"wp-caption aligncenter\"><img decoding=\"async\" src=\"https:\/\/www.aarquiteta.com.br\/blog\/wp-content\/uploads\/2024\/07\/bolo-branca-de-neve-41.jpg\" alt=\"Bolo infantilizado com rosas de chantininho, placa de papel da princesa baby e faixa personalizada.\" width=\"1024\" height=\"1024\" title=\"\"><figcaption class=\"wp-caption-text\">Bolo infantilizado com rosas de chantininho, placa de papel da princesa baby e faixa personalizada.<\/figcaption><\/figure><figure style=\"width: 1024px\" class=\"wp-caption aligncenter\"><img decoding=\"async\" src=\"https:\/\/www.aarquiteta.com.br\/blog\/wp-content\/uploads\/2024\/07\/bolo-branca-de-neve-11.jpg\" alt=\"Bolo conceitual com refer\u00eancias ao conto de fadas sem a princesa, elementos bem selecionados.\" width=\"1024\" height=\"1024\" title=\"\"><figcaption class=\"wp-caption-text\">Bolo conceitual com refer\u00eancias ao conto de fadas sem a princesa, elementos bem selecionados.<\/figcaption><\/figure><figure style=\"width: 1024px\" class=\"wp-caption aligncenter\"><img decoding=\"async\" src=\"https:\/\/www.aarquiteta.com.br\/blog\/wp-content\/uploads\/2024\/07\/bolo-branca-de-neve-12.jpg\" alt=\"Bolo representando o vestido da Branca de Neve com detalhes texturizados, la\u00e7os e coroa.\" width=\"1024\" height=\"1024\" title=\"\"><figcaption class=\"wp-caption-text\">Bolo representando o vestido da Branca de Neve com detalhes texturizados, la\u00e7os e coroa.<\/figcaption><\/figure><figure style=\"width: 1024px\" class=\"wp-caption aligncenter\"><img decoding=\"async\" src=\"https:\/\/www.aarquiteta.com.br\/blog\/wp-content\/uploads\/2024\/07\/bolo-branca-de-neve-13.jpg\" alt=\"Bolo sofisticado com elementos minimalistas, detalhes proven\u00e7ais e nome em fonte Disney.\" width=\"1024\" height=\"1024\" title=\"\"><figcaption class=\"wp-caption-text\">Bolo sofisticado com elementos minimalistas, detalhes proven\u00e7ais e nome em fonte Disney.<\/figcaption><\/figure><figure style=\"width: 1024px\" class=\"wp-caption aligncenter\"><img decoding=\"async\" src=\"https:\/\/www.aarquiteta.com.br\/blog\/wp-content\/uploads\/2024\/07\/bolo-branca-de-neve-14-e1675037197417.jpg\" alt=\"Bolo com Branca de Neve de pasta americana e \u00e1rvore detalhada, cogumelos, musgo e ma\u00e7\u00e3 envenenada.\" width=\"1024\" height=\"1024\" title=\"\"><figcaption class=\"wp-caption-text\">Bolo com Branca de Neve de pasta americana e \u00e1rvore detalhada, cogumelos, musgo e ma\u00e7\u00e3 envenenada.<\/figcaption><\/figure><figure style=\"width: 1024px\" class=\"wp-caption aligncenter\"><img decoding=\"async\" src=\"https:\/\/www.aarquiteta.com.br\/blog\/wp-content\/uploads\/2024\/07\/bolo-branca-de-neve-15.jpg\" alt=\"Bolo cor de rosa com pasta americana, detalhes do desenho e foto da Branca de Neve.\" width=\"1024\" height=\"1024\" title=\"\"><figcaption class=\"wp-caption-text\">Bolo cor de rosa com pasta americana, detalhes do desenho e foto da Branca de Neve.<\/figcaption><\/figure><figure style=\"width: 1024px\" class=\"wp-caption aligncenter\"><img decoding=\"async\" src=\"https:\/\/www.aarquiteta.com.br\/blog\/wp-content\/uploads\/2024\/07\/bolo-branca-de-neve-16-e1675037971591.jpg\" alt=\"Bolo com decora\u00e7\u00e3o mais dark focada nas cores vermelha e preta, elementos da ma\u00e7\u00e3 envenenada e princesa.\" width=\"1024\" height=\"1024\" title=\"\"><figcaption class=\"wp-caption-text\">Bolo com decora\u00e7\u00e3o mais dark focada nas cores vermelha e preta, elementos da ma\u00e7\u00e3 envenenada e princesa.<\/figcaption><\/figure><figure style=\"width: 1024px\" class=\"wp-caption aligncenter\"><img decoding=\"async\" src=\"https:\/\/www.aarquiteta.com.br\/blog\/wp-content\/uploads\/2024\/07\/bolo-branca-de-neve42.jpg\" alt=\"Bolo desconstru\u00eddo com v\u00e1rios pequenos bolos representando os personagens.\" width=\"1024\" height=\"1024\" title=\"\"><figcaption class=\"wp-caption-text\">Bolo desconstru\u00eddo com v\u00e1rios pequenos bolos representando os personagens.<\/figcaption><\/figure><figure style=\"width: 1024px\" class=\"wp-caption aligncenter\"><img decoding=\"async\" src=\"https:\/\/www.aarquiteta.com.br\/blog\/wp-content\/uploads\/2024\/07\/bolo-branca-de-neve-18.jpg\" alt=\"Bolo delicado em tons past\u00e9is com pinturas manuais e camadas encantadoras.\" width=\"1024\" height=\"1024\" title=\"\"><figcaption class=\"wp-caption-text\">Bolo delicado em tons past\u00e9is com pinturas manuais e camadas encantadoras.<\/figcaption><\/figure><figure style=\"width: 1024px\" class=\"wp-caption aligncenter\"><img decoding=\"async\" src=\"https:\/\/www.aarquiteta.com.br\/blog\/wp-content\/uploads\/2024\/07\/bolo-branca-de-neve-19.jpg\" alt=\"Bolo cl\u00e1ssico azul e vermelho, detalhes proven\u00e7ais dourados, princesa em moldura estilo espelho.\" width=\"1024\" height=\"1024\" title=\"\"><figcaption class=\"wp-caption-text\">Bolo cl\u00e1ssico azul e vermelho, detalhes proven\u00e7ais dourados, princesa em moldura estilo espelho.<\/figcaption><\/figure><figure style=\"width: 1024px\" class=\"wp-caption aligncenter\"><img decoding=\"async\" src=\"https:\/\/www.aarquiteta.com.br\/blog\/wp-content\/uploads\/2024\/07\/bolo-branca-de-neve-43-960x1200.jpg\" alt=\"Bolo coberto de chantilly com placas personalizadas tem\u00e1ticas no topo, criando degrade.\" width=\"1024\" height=\"1024\" title=\"\"><figcaption class=\"wp-caption-text\">Bolo coberto de chantilly com placas personalizadas tem\u00e1ticas no topo, criando degrade.<\/figcaption><\/figure><h3>Assista agora a minha recomenda\u00e7\u00e3o de video abaixo sobre o tema que estamos tratando neste artigo: <\/h3><p><div class=\"youtube-embed\" data-video_id=\"Yl2MMrRQz54\"><iframe title=\"TOP 10 BOLO BRANCA DE NEVE\" width=\"696\" height=\"392\" src=\"https:\/\/www.youtube.com\/embed\/Yl2MMrRQz54?feature=oembed&#038;enablejsapi=1\" frameborder=\"0\" allow=\"accelerometer; autoplay; clipboard-write; encrypted-media; gyroscope; picture-in-picture; web-share\" referrerpolicy=\"strict-origin-when-cross-origin\" allowfullscreen><\/iframe><\/div><\/p>","protected":false},"excerpt":{"rendered":"<p>Surpreenda nas festas com 11 ideias de bolo de Branca de Neve inesquec\u00edveis. Confira nossas sugest\u00f5es!<\/p>\n","protected":false},"author":102,"featured_media":120411,"comment_status":"closed","ping_status":"closed","sticky":false,"template":"","format":"standard","meta":{"footnotes":""},"categories":[1484],"tags":[],"class_list":["post-120432","post","type-post","status-publish","format-standard","has-post-thumbnail","category-decoracao"],"_wp_attached_file":null,"_wp_attachment_metadata":null,"_wp_attachment_context":null,"_wp_attachment_is_custom_header":null,"geo_longitude":null,"geo_public":null,"geo_latitude":null,"_publicize_done_external":null,"_wpas_done_3897181":null,"publicize_twitter_user":null,"_wpas_done_3897175":null,"_wpas_skip_3897181":null,"_wpas_skip_3897175":null,"_wpas_skip_3924723":null,"_wpas_mess":null,"_wpas_done_3924723":null,"wps_subtitle":"","_links":{"self":[{"href":"https:\/\/www.aarquiteta.com.br\/blog\/wp-json\/wp\/v2\/posts\/120432","targetHints":{"allow":["GET"]}}],"collection":[{"href":"https:\/\/www.aarquiteta.com.br\/blog\/wp-json\/wp\/v2\/posts"}],"about":[{"href":"https:\/\/www.aarquiteta.com.br\/blog\/wp-json\/wp\/v2\/types\/post"}],"author":[{"embeddable":true,"href":"https:\/\/www.aarquiteta.com.br\/blog\/wp-json\/wp\/v2\/users\/102"}],"replies":[{"embeddable":true,"href":"https:\/\/www.aarquiteta.com.br\/blog\/wp-json\/wp\/v2\/comments?post=120432"}],"version-history":[{"count":0,"href":"https:\/\/www.aarquiteta.com.br\/blog\/wp-json\/wp\/v2\/posts\/120432\/revisions"}],"wp:featuredmedia":[{"embeddable":true,"href":"https:\/\/www.aarquiteta.com.br\/blog\/wp-json\/wp\/v2\/media\/120411"}],"wp:attachment":[{"href":"https:\/\/www.aarquiteta.com.br\/blog\/wp-json\/wp\/v2\/media?parent=120432"}],"wp:term":[{"taxonomy":"category","embeddable":true,"href":"https:\/\/www.aarquiteta.com.br\/blog\/wp-json\/wp\/v2\/categories?post=120432"},{"taxonomy":"post_tag","embeddable":true,"href":"https:\/\/www.aarquiteta.com.br\/blog\/wp-json\/wp\/v2\/tags?post=120432"}],"curies":[{"name":"wp","href":"https:\/\/api.w.org\/{rel}","templated":true}]}}