{"id":120191,"date":"2024-07-23T08:14:43","date_gmt":"2024-07-23T11:14:43","guid":{"rendered":"https:\/\/www.aarquiteta.com.br\/blog\/plantas-para-jardim-2\/"},"modified":"2024-07-23T08:14:43","modified_gmt":"2024-07-23T11:14:43","slug":"plantas-para-jardim-2","status":"publish","type":"post","link":"https:\/\/www.aarquiteta.com.br\/blog\/plantas-para-jardim-2\/","title":{"rendered":"14 Plantas para Jardim que Florescem o Ano Todo e Encantam"},"content":{"rendered":"<p>Ahhhh, o jardim! Esse \u00e9 o meu espa\u00e7o favorito da casa. Quem diria que alguns vassinhos de terra poderiam trazer tanta alegria e leveza para a nossa vida, n\u00e3o \u00e9 mesmo? Bem, eu descobri que existem in\u00fameras op\u00e7\u00f5es de plantas que v\u00e3o deixar seu jardim ainda mais bonito e florido durante o ano todo. Ent\u00e3o, se voc\u00ea est\u00e1 procurando ideias para embelezar sua \u00e1rea externa, leia com aten\u00e7\u00e3o este artigo recheado de dicas valiosas.<\/p><h2>Pontos principais:<\/h2><ul><li><b>Descubra plantas ex\u00f3ticas e tropicais<\/b> que v\u00e3o dar um up no visual do seu jardim, desde esp\u00e9cies delicadas at\u00e9 as mais imponentes.<\/li><li><b>Conhe\u00e7a as melhores op\u00e7\u00f5es de plantas ornamentais e flor\u00edferas<\/b> para criar um cantinho cheio de cor e vida.<\/li><li><b>Aprenda sobre as plantas resistentes e de f\u00e1cil cultivo<\/b> que v\u00e3o te poupar dor de cabe\u00e7a e te deixar com um jardim lindo o ano todo.<\/li><\/ul><h2>Plantas Ex\u00f3ticas e Tropicais<\/h2><h3>Agave-drag\u00e3o, Mini Bananeiras, Helic\u00f4nia Rostrata e Mais<\/h3><p>Vou te confessar uma coisa: <b>eu sou apaixonado por plantas ex\u00f3ticas e tropicais<\/b>. Elas t\u00eam aquele qu\u00ea de mist\u00e9rio e sofistica\u00e7\u00e3o que me deixa completamente encantado. Imagina s\u00f3 ter uma mini bananeira ou uma imponente agave-drag\u00e3o no seu jardim? Uau, que combo lindo, n\u00e9? E se voc\u00ea quiser um toque ainda mais tropical, que tal uma bela helic\u00f4nia rostrata, tamb\u00e9m conhecida como &#8220;ave-do-para\u00edso&#8221;? Essas belezinhas v\u00e3o dar um up incr\u00edvel no visual do seu cantinho verde.<\/p><figure style=\"width: 1024px\" class=\"wp-caption aligncenter\"><img decoding=\"async\" src=\"https:\/\/www.aarquiteta.com.br\/blog\/wp-content\/uploads\/2024\/07\/plantas-para-jardim01.jpg\" alt=\"1. Agave-drag\u00e3o \u00e9 uma planta muito utilizada em paisagismo, normalmente sendo combinadas com outras esp\u00e9cies para que possam compor o jardim.\" width=\"1024\" height=\"1024\" title=\"\"><figcaption class=\"wp-caption-text\">1. Agave-drag\u00e3o \u00e9 uma planta muito utilizada em <a href=\"https:\/\/www.aarquiteta.com.br\/blog\/casa-e-jardim\/paisagismo\/\" class=\"ilj-generated-link\">paisagismo<\/a>, normalmente sendo combinadas com outras esp\u00e9cies para que possam compor o jardim.<\/figcaption><\/figure><p>Mas calma, n\u00e3o pense que essas plantas s\u00e3o dif\u00edceis de cuidar. <b>Com os cuidados certos, elas se adaptam super bem ao nosso clima<\/b> e v\u00e3o te dar o prazer de t\u00ea-las florindo durante a maior parte do ano. Ent\u00e3o, que tal se aventurar nesse mundo ex\u00f3tico e tropical?<\/p><figure style=\"width: 1024px\" class=\"wp-caption aligncenter\"><img decoding=\"async\" src=\"https:\/\/www.aarquiteta.com.br\/blog\/wp-content\/uploads\/2024\/07\/plantas-para-jardim02.jpg\" alt=\"2. J\u00e1 pensou em ter mini bananeiras em seu jardim? Mas calma, apesar de minis elas ainda s\u00e3o grandes, ideais para \u00e1reas com um maior espa\u00e7o dispon\u00edvel.\" width=\"1024\" height=\"1024\" title=\"\"><figcaption class=\"wp-caption-text\">2. J\u00e1 pensou em ter mini bananeiras em seu jardim? Mas calma, apesar de minis elas ainda s\u00e3o grandes, ideais para \u00e1reas com um maior espa\u00e7o dispon\u00edvel.<\/figcaption><\/figure><h2>Plantas Ornamentais e Flor\u00edferas<\/h2><h3>Ant\u00farios, Ave-do-Para\u00edso, L\u00edrio-da-Paz e Mais<\/h3><p>Viu? Eu n\u00e3o t\u00f4 brincando quando digo que tem planta pra todos os gostos. E se voc\u00ea curte um visual mais ornamental e cheio de flores, ent\u00e3o prepare-se para se encantar! <b>Os ant\u00farios, as aves-do-para\u00edso e os l\u00edrios-da-paz s\u00e3o alguns dos meus preferidos<\/b> para deixar o jardim com aquele toque de eleg\u00e2ncia e sofistica\u00e7\u00e3o.<\/p><figure style=\"width: 1024px\" class=\"wp-caption aligncenter\"><img decoding=\"async\" src=\"https:\/\/www.aarquiteta.com.br\/blog\/wp-content\/uploads\/2024\/07\/plantas-para-jardim03.jpg\" alt=\"3. Um canteiro de copos de leite tamb\u00e9m \u00e9 encantador! Assim, podemos contar com toda a beleza e delicadeza dessas flores.\" width=\"1024\" height=\"1024\" title=\"\"><figcaption class=\"wp-caption-text\">3. Um canteiro de copos de leite tamb\u00e9m \u00e9 encantador! Assim, podemos contar com toda a beleza e delicadeza dessas flores.<\/figcaption><\/figure><p>Mas n\u00e3o para por a\u00ed, viu? Existem tantas outras op\u00e7\u00f5es incr\u00edveis, como os cravos-da-\u00edndia, as estrel\u00edcias e as brom\u00e9lias. Esses seres floridos v\u00e3o dar um show de cor e beleza no seu jardim, deixando tudo ainda mais charmoso e aconchegante.<\/p><figure style=\"width: 1024px\" class=\"wp-caption aligncenter\"><img decoding=\"async\" src=\"https:\/\/www.aarquiteta.com.br\/blog\/wp-content\/uploads\/2024\/07\/plantas-para-jardim04.jpg\" alt=\"4. Que tal essa bananeira-ornamental logo na entrada de casa? Ela \u00e9 grandiosa, e por conta disso n\u00e3o passa despercebida.\" width=\"1024\" height=\"1024\" title=\"\"><figcaption class=\"wp-caption-text\">4. Que tal essa bananeira-ornamental logo na entrada de casa? Ela \u00e9 grandiosa, e por conta disso n\u00e3o passa despercebida.<\/figcaption><\/figure><h2>Plantas Resistentes e de F\u00e1cil Cultivo<\/h2><h3>Sing\u00f4nios, Comigo-Ningu\u00e9m-Pode, Samambaias e Mais<\/h3><p>T\u00e1, eu admito que nem todo mundo tem o &#8220;toque verde&#8221; que eu tenho. Mas n\u00e3o se preocupe, porque existem <b>plantas super resistentes e de f\u00e1cil cultivo<\/b> que v\u00e3o deixar seu jardim lindo e florido o ano todo, sem precisar ficar se matando de cuidar delas.<\/p><figure style=\"width: 1024px\" class=\"wp-caption aligncenter\"><img decoding=\"async\" src=\"https:\/\/www.aarquiteta.com.br\/blog\/wp-content\/uploads\/2024\/07\/plantas-para-jardim05.jpg\" alt=\"5. Outra op\u00e7\u00e3o para o jardim \u00e9 fazer com que ele forme um belo corredor na parte lateral da casa, conforme foi feito com a helic\u00f4nia rostrata na inspira\u00e7\u00e3o abaixo.\" width=\"1024\" height=\"1024\" title=\"\"><figcaption class=\"wp-caption-text\">5. Outra op\u00e7\u00e3o para o jardim \u00e9 fazer com que ele forme um belo corredor na parte lateral da casa, conforme foi feito com a helic\u00f4nia rostrata na inspira\u00e7\u00e3o abaixo.<\/figcaption><\/figure><p>Um dos meus segredos s\u00e3o os sing\u00f4nios, os comigo-ningu\u00e9m-pode e as samambaias. Eles s\u00e3o <b>verdadeiros sobreviventes<\/b>, aguent ando sol, sombra, pouca \u00e1gua e at\u00e9 mesmo alguns esquecimentos eventua is da nossa parte. E o melhor? Eles crescem rapidinho e se espalham por todo o cantinho, deixando tudo ainda mais cheio de vida.<\/p><figure style=\"width: 1024px\" class=\"wp-caption aligncenter\"><img decoding=\"async\" src=\"https:\/\/www.aarquiteta.com.br\/blog\/wp-content\/uploads\/2024\/07\/plantas-para-jardim06.jpg\" alt=\"6. Brom\u00e9lias se d\u00e3o bem tanto dentro quanto fora de casa, e por isso tem um uso bastante amplo em meio aos jardins!\" width=\"1024\" height=\"1024\" title=\"\"><figcaption class=\"wp-caption-text\">6. Brom\u00e9lias se d\u00e3o bem tanto dentro quanto fora de casa, e por isso tem um uso bastante amplo em meio aos jardins!<\/figcaption><\/figure><h2>Conclus\u00e3o<\/h2><p>Ent\u00e3o, meus amigos, agora voc\u00ea j\u00e1 sabe que <b>existem plantas pra todos os gostos e estilos<\/b>. Desde as mais ex\u00f3ticas e tropicais, passando pelas ornamentais e flor\u00edferas, at\u00e9 as super resistentes e de f\u00e1cil cultivo. O importante \u00e9 escolher as que mais combinam com o seu estilo e a sua personalidade. Ah, e n\u00e3o se esque\u00e7a de dar uma olhadinha nas fotos e inspira\u00e7\u00f5es abaixo, t\u00e1?<\/p><figure style=\"width: 1024px\" class=\"wp-caption aligncenter\"><img decoding=\"async\" src=\"https:\/\/www.aarquiteta.com.br\/blog\/wp-content\/uploads\/2024\/07\/plantas-para-jardim07.jpg\" alt=\"7. A costela-de-ad\u00e3o \u00e9 uma planta resistente e de f\u00e1cil cultivo, que conta com folhagens amplas e vazadas, sendo esse o detalhe mais marcante de sua apar\u00eancia.\" width=\"1024\" height=\"1024\" title=\"\"><figcaption class=\"wp-caption-text\">7. A costela-de-ad\u00e3o \u00e9 uma planta resistente e de f\u00e1cil cultivo, que conta com folhagens amplas e vazadas, sendo esse o detalhe mais marcante de sua apar\u00eancia.<\/figcaption><\/figure><p>Veja mais algumas ideias e inspira\u00e7\u00f5es sobre o assunto abaixo e descubra qual deles mais lhe agrada!<\/p><figure style=\"width: 1024px\" class=\"wp-caption aligncenter\"><img decoding=\"async\" src=\"https:\/\/www.aarquiteta.com.br\/blog\/wp-content\/uploads\/2024\/07\/plantas-para-jardim08.jpg\" alt=\"8. Ant\u00farios vermelhos d\u00e3o mais beleza a qualquer espa\u00e7o! Diante de uma cor bastante vibrante, chamam bastante aten\u00e7\u00e3o.\" width=\"1024\" height=\"1024\" title=\"\"><figcaption class=\"wp-caption-text\">8. Ant\u00farios vermelhos d\u00e3o mais beleza a qualquer espa\u00e7o! Diante de uma cor bastante vibrante, chamam bastante aten\u00e7\u00e3o.<\/figcaption><\/figure><figure style=\"width: 1024px\" class=\"wp-caption aligncenter\"><img decoding=\"async\" src=\"https:\/\/www.aarquiteta.com.br\/blog\/wp-content\/uploads\/2024\/07\/plantas-para-jardim09.jpg\" alt=\"9. Xanadus s\u00e3o \u00f3timos para quem quer arbustos mais compactos: sua altura n\u00e3o passa de 1,2 metros.\" width=\"1024\" height=\"1024\" title=\"\"><figcaption class=\"wp-caption-text\">9. Xanadus s\u00e3o \u00f3timos para quem quer arbustos mais compactos: sua altura n\u00e3o passa de 1,2 metros.<\/figcaption><\/figure><figure style=\"width: 1024px\" class=\"wp-caption aligncenter\"><img decoding=\"async\" src=\"https:\/\/www.aarquiteta.com.br\/blog\/wp-content\/uploads\/2024\/07\/plantas-para-jardim10.jpg\" alt=\"10. Ave-do-para\u00edso \u00e9 outra op\u00e7\u00e3o de planta para jardim, com belas flores de brinde e contando com uma apar\u00eancia bastante ex\u00f3tica.\" width=\"1024\" height=\"1024\" title=\"\"><figcaption class=\"wp-caption-text\">10. Ave-do-para\u00edso \u00e9 outra op\u00e7\u00e3o de planta para jardim, com belas flores de brinde e contando com uma apar\u00eancia bastante ex\u00f3tica.<\/figcaption><\/figure><figure style=\"width: 1024px\" class=\"wp-caption aligncenter\"><img decoding=\"async\" src=\"https:\/\/www.aarquiteta.com.br\/blog\/wp-content\/uploads\/2024\/07\/plantas-para-jardim11.jpg\" alt=\"11. A jiboia gigante \u00e9 uma planta que atinge grandes propor\u00e7\u00f5es na \u00e1rea externa e exige poucos cuidados, tornando mais simples a sua manuten\u00e7\u00e3o.\" width=\"1024\" height=\"1024\" title=\"\"><figcaption class=\"wp-caption-text\">11. A jiboia gigante \u00e9 uma planta que atinge grandes propor\u00e7\u00f5es na \u00e1rea externa e exige poucos cuidados, tornando mais simples a sua manuten\u00e7\u00e3o.<\/figcaption><\/figure><figure style=\"width: 1024px\" class=\"wp-caption aligncenter\"><img decoding=\"async\" src=\"https:\/\/www.aarquiteta.com.br\/blog\/wp-content\/uploads\/2024\/07\/plantas-para-jardim12.jpg\" alt=\"12. A palmeira azul com folhas em leque \u00e9 uma boa alternativa para quem disp\u00f5e de mais de espa\u00e7o, j\u00e1 que crescem muito.\" width=\"1024\" height=\"1024\" title=\"\"><figcaption class=\"wp-caption-text\">12. A palmeira azul com folhas em leque \u00e9 uma boa alternativa para quem disp\u00f5e de mais de espa\u00e7o, j\u00e1 que crescem muito.<\/figcaption><\/figure><figure style=\"width: 1024px\" class=\"wp-caption aligncenter\"><img decoding=\"async\" src=\"https:\/\/www.aarquiteta.com.br\/blog\/wp-content\/uploads\/2024\/07\/plantas-para-jardim13.jpg\" alt=\"13. Sing\u00f4nios tamb\u00e9m s\u00e3o plantas resistentes, lidando bem com situa\u00e7\u00f5es adversas, como solo seco, sol e chuva.\" width=\"1024\" height=\"1024\" title=\"\"><figcaption class=\"wp-caption-text\">13. Sing\u00f4nios tamb\u00e9m s\u00e3o plantas resistentes, lidando bem com situa\u00e7\u00f5es adversas, como solo seco, sol e chuva.<\/figcaption><\/figure><figure style=\"width: 1024px\" class=\"wp-caption aligncenter\"><img decoding=\"async\" src=\"https:\/\/www.aarquiteta.com.br\/blog\/wp-content\/uploads\/2024\/07\/plantas-para-jardim14.jpg\" alt=\"14. Comigo-ningu\u00e9m-pode: essa plantinha j\u00e1 d\u00e1 o recado no nome, sendo s\u00edmbolo de prote\u00e7\u00e3o. Mas cuidado: ela \u00e9 t\u00f3xica!\" width=\"1024\" height=\"1024\" title=\"\"><figcaption class=\"wp-caption-text\">14. Comigo-ningu\u00e9m-pode: essa plantinha j\u00e1 d\u00e1 o recado no nome, sendo s\u00edmbolo de prote\u00e7\u00e3o. Mas cuidado: ela \u00e9 t\u00f3xica!<\/figcaption><\/figure><figure style=\"width: 1024px\" class=\"wp-caption aligncenter\"><img decoding=\"async\" src=\"https:\/\/www.aarquiteta.com.br\/blog\/wp-content\/uploads\/2024\/07\/plantas-para-jardim15.jpg\" alt=\"15. Cacto-barril ou \u201cassento de sogra\u201d \u00e9 outra op\u00e7\u00e3o interessante para o seu jardim, tendo um formato mais arredondado que \u00e9 bem diferente.\" width=\"1024\" height=\"1024\" title=\"\"><figcaption class=\"wp-caption-text\">15. Cacto-barril ou \u201cassento de sogra\u201d \u00e9 outra op\u00e7\u00e3o interessante para o seu jardim, tendo um formato mais arredondado que \u00e9 bem diferente.<\/figcaption><\/figure><figure style=\"width: 1024px\" class=\"wp-caption aligncenter\"><img decoding=\"async\" src=\"https:\/\/www.aarquiteta.com.br\/blog\/wp-content\/uploads\/2024\/07\/plantas-para-jardim16.jpg\" alt=\"16. \u00c9 preciso ter cuidado somente caso tenha animais de estima\u00e7\u00e3o com acesso ao jardim, j\u00e1 que a esp\u00e9cie \u00e9 marcada pela presen\u00e7a de espinhos.\" width=\"1024\" height=\"1024\" title=\"\"><figcaption class=\"wp-caption-text\">16. \u00c9 preciso ter cuidado somente caso tenha animais de estima\u00e7\u00e3o com acesso ao jardim, j\u00e1 que a esp\u00e9cie \u00e9 marcada pela presen\u00e7a de espinhos.<\/figcaption><\/figure><figure style=\"width: 1024px\" class=\"wp-caption aligncenter\"><img decoding=\"async\" src=\"https:\/\/www.aarquiteta.com.br\/blog\/wp-content\/uploads\/2024\/07\/plantas-para-jardim17.jpg\" alt=\"17. Samambaias tamb\u00e9m ficam lindas no jardim, desde que sejam protegidas da a\u00e7\u00e3o do frio e das varia\u00e7\u00f5es extremas.\" width=\"1024\" height=\"1024\" title=\"\"><figcaption class=\"wp-caption-text\">17. Samambaias tamb\u00e9m ficam lindas no jardim, desde que sejam protegidas da a\u00e7\u00e3o do frio e das varia\u00e7\u00f5es extremas.<\/figcaption><\/figure><figure style=\"width: 1024px\" class=\"wp-caption aligncenter\"><img decoding=\"async\" src=\"https:\/\/www.aarquiteta.com.br\/blog\/wp-content\/uploads\/2024\/07\/plantas-para-jardim18.jpg\" alt=\"18. O l\u00edrio-da-paz gigante se desenvolve bem at\u00e9 mesmo na sombra, dando origem a belas flores brancas que contrastam com o verde intenso de suas folhas.\" width=\"1024\" height=\"1024\" title=\"\"><figcaption class=\"wp-caption-text\">18. O l\u00edrio-da-paz gigante se desenvolve bem at\u00e9 mesmo na sombra, dando origem a belas flores brancas que contrastam com o verde intenso de suas folhas.<\/figcaption><\/figure><figure style=\"width: 1024px\" class=\"wp-caption aligncenter\"><img decoding=\"async\" src=\"https:\/\/www.aarquiteta.com.br\/blog\/wp-content\/uploads\/2024\/07\/plantas-para-jardim19.jpg\" alt=\"19. O pacov\u00e1 ou babosa-de-pau \u00e9 uma planta brasileira linda, que se adapta muito bem a ambientes com claridade.\" width=\"1024\" height=\"1024\" title=\"\"><figcaption class=\"wp-caption-text\">19. O pacov\u00e1 ou babosa-de-pau \u00e9 uma planta brasileira linda, que se adapta muito bem a ambientes com claridade.<\/figcaption><\/figure><figure style=\"width: 1024px\" class=\"wp-caption aligncenter\"><img decoding=\"async\" src=\"https:\/\/www.aarquiteta.com.br\/blog\/wp-content\/uploads\/2024\/07\/plantas-para-jardim20.jpg\" alt=\"20. Se voc\u00ea quer um jardim e tem espa\u00e7o para plantas grandes, considere a Iuca ou agulha-de-ad\u00e3o como uma alternativa.\" width=\"1024\" height=\"1024\" title=\"\"><figcaption class=\"wp-caption-text\">20. Se voc\u00ea quer um jardim e tem espa\u00e7o para plantas grandes, considere a Iuca ou agulha-de-ad\u00e3o como uma alternativa.<\/figcaption><\/figure><h3>Assista agora a minha recomenda\u00e7\u00e3o de video abaixo sobre o tema que estamos tratando neste artigo: <\/h3><p><div class=\"youtube-embed\" data-video_id=\"ccL_Mkwxjrk\"><iframe title=\"3 FLORES que FLORESCEM o ano todo\" width=\"696\" height=\"392\" src=\"https:\/\/www.youtube.com\/embed\/ccL_Mkwxjrk?feature=oembed&#038;enablejsapi=1\" frameborder=\"0\" allow=\"accelerometer; autoplay; clipboard-write; encrypted-media; gyroscope; picture-in-picture; web-share\" referrerpolicy=\"strict-origin-when-cross-origin\" allowfullscreen><\/iframe><\/div><\/p>","protected":false},"excerpt":{"rendered":"<p>Descubra 14 plantas para jardim que florescem o ano todo e deixe seu espa\u00e7o verde sempre florido e encantador.<\/p>\n","protected":false},"author":102,"featured_media":120171,"comment_status":"closed","ping_status":"closed","sticky":false,"template":"","format":"standard","meta":{"footnotes":""},"categories":[1484],"tags":[],"class_list":["post-120191","post","type-post","status-publish","format-standard","has-post-thumbnail","category-decoracao"],"_wp_attached_file":null,"_wp_attachment_metadata":null,"_wp_attachment_context":null,"_wp_attachment_is_custom_header":null,"geo_longitude":null,"geo_public":null,"geo_latitude":null,"_publicize_done_external":null,"_wpas_done_3897181":null,"publicize_twitter_user":null,"_wpas_done_3897175":null,"_wpas_skip_3897181":null,"_wpas_skip_3897175":null,"_wpas_skip_3924723":null,"_wpas_mess":null,"_wpas_done_3924723":null,"wps_subtitle":"","_links":{"self":[{"href":"https:\/\/www.aarquiteta.com.br\/blog\/wp-json\/wp\/v2\/posts\/120191","targetHints":{"allow":["GET"]}}],"collection":[{"href":"https:\/\/www.aarquiteta.com.br\/blog\/wp-json\/wp\/v2\/posts"}],"about":[{"href":"https:\/\/www.aarquiteta.com.br\/blog\/wp-json\/wp\/v2\/types\/post"}],"author":[{"embeddable":true,"href":"https:\/\/www.aarquiteta.com.br\/blog\/wp-json\/wp\/v2\/users\/102"}],"replies":[{"embeddable":true,"href":"https:\/\/www.aarquiteta.com.br\/blog\/wp-json\/wp\/v2\/comments?post=120191"}],"version-history":[{"count":0,"href":"https:\/\/www.aarquiteta.com.br\/blog\/wp-json\/wp\/v2\/posts\/120191\/revisions"}],"wp:featuredmedia":[{"embeddable":true,"href":"https:\/\/www.aarquiteta.com.br\/blog\/wp-json\/wp\/v2\/media\/120171"}],"wp:attachment":[{"href":"https:\/\/www.aarquiteta.com.br\/blog\/wp-json\/wp\/v2\/media?parent=120191"}],"wp:term":[{"taxonomy":"category","embeddable":true,"href":"https:\/\/www.aarquiteta.com.br\/blog\/wp-json\/wp\/v2\/categories?post=120191"},{"taxonomy":"post_tag","embeddable":true,"href":"https:\/\/www.aarquiteta.com.br\/blog\/wp-json\/wp\/v2\/tags?post=120191"}],"curies":[{"name":"wp","href":"https:\/\/api.w.org\/{rel}","templated":true}]}}