{"id":120093,"date":"2024-07-22T14:14:32","date_gmt":"2024-07-22T17:14:32","guid":{"rendered":"https:\/\/www.aarquiteta.com.br\/blog\/casas-com-alpendre\/"},"modified":"2024-07-22T14:14:32","modified_gmt":"2024-07-22T17:14:32","slug":"casas-com-alpendre","status":"publish","type":"post","link":"https:\/\/www.aarquiteta.com.br\/blog\/casas-com-alpendre\/","title":{"rendered":"10 Ideias de Casas com Alpendre para se Inspirar e Construir a Sua"},"content":{"rendered":"<p>O alpendre, essa deliciosa extens\u00e3o da casa, \u00e9 um pedacinho do c\u00e9u aqui na Terra. \u00c9 um lugar onde posso admirar a natureza, receber amigos e simplesmente relaxar. Esse cantinho aconchegante \u00e9 a cereja do bolo da minha resid\u00eancia, transformando-a em um lar ainda mais acolhedor e charmoso.<\/p><h2>Estrutura e Materiais do Alpendre<\/h2><h3>Pilares e Pilastras<\/h3><p>Seja em madeira r\u00fastica ou em estruturas mais modernas, os <b>pilares e pilastras<\/b> s\u00e3o os alicerces do meu alpendre. Eles sustentam todo o peso da cobertura e d\u00e3o o acabamento especial, que pode variar desde os cl\u00e1ssicos pilares de madeira at\u00e9 designs mais elaborados em concreto ou a\u00e7o.<\/p><figure style=\"width: 1024px\" class=\"wp-caption aligncenter\"><img decoding=\"async\" src=\"https:\/\/www.aarquiteta.com.br\/blog\/wp-content\/uploads\/2024\/07\/casas-com-alpendre01.jpg\" alt=\"Casa com alpendre com estrutura de pilastras e bastante plantas ao redor.\" width=\"1024\" height=\"1024\" title=\"\"><figcaption class=\"wp-caption-text\">Casa com alpendre com estrutura de pilastras e bastante plantas ao redor.<\/figcaption><\/figure><h3>Madeira e Prote\u00e7\u00e3o<\/h3><p>A <b>madeira<\/b> \u00e9 o material preferido para a constru\u00e7\u00e3o do meu alpendre, pois transmite aquele ar r\u00fastico e aconchegante. Mas n\u00e3o paro por a\u00ed &#8211; tamb\u00e9m me preocupo em proteger essa bela estrutura das intemp\u00e9ries, usando telhas, <a href=\"https:\/\/www.aarquiteta.com.br\/blog\/?s=pergolado\">pergolados<\/a> ou mesmo toldos retr\u00e1teis para criar um espa\u00e7o agrad\u00e1vel e sombreado.<\/p><figure style=\"width: 1024px\" class=\"wp-caption aligncenter\"><img decoding=\"async\" src=\"https:\/\/www.aarquiteta.com.br\/blog\/wp-content\/uploads\/2024\/07\/casas-com-alpendre02.jpg\" alt=\"Extens\u00e3o da casa com alpendre vista de outro \u00e2ngulo, mostrando como a estrutura \u00e9 destacada da casa.\" width=\"1024\" height=\"1024\" title=\"\"><figcaption class=\"wp-caption-text\">Extens\u00e3o da casa com alpendre vista de outro \u00e2ngulo, mostrando como a estrutura \u00e9 destacada da casa.<\/figcaption><\/figure><h2>Usos e Aplica\u00e7\u00f5es do Alpendre<\/h2><h3>\u00c1rea Gourmet e Lazer<\/h3><p>Ah, o meu alpendre \u00e9 o lugar perfeito para transformar em uma <b>\u00e1rea gourmet<\/b> e de lazer! Imagina s\u00f3: um churrasco com os amigos, um jantar a luz de velas ou simplesmente um cafezinho da tarde ao som dos p\u00e1ssaros. \u00c9 um cen\u00e1rio digno de revista de decora\u00e7\u00e3o!<\/p><figure style=\"width: 1024px\" class=\"wp-caption aligncenter\"><img decoding=\"async\" src=\"https:\/\/www.aarquiteta.com.br\/blog\/wp-content\/uploads\/2024\/07\/casas-com-alpendre03.jpg\" alt=\"Casa com alpendre criando uma \u00e1rea aconchegante para relaxar, com bastante espa\u00e7o externo.\" width=\"1024\" height=\"1024\" title=\"\"><figcaption class=\"wp-caption-text\">Casa com alpendre criando uma \u00e1rea aconchegante para relaxar, com bastante espa\u00e7o externo.<\/figcaption><\/figure><h3>Integra\u00e7\u00e3o com Ambientes Externos<\/h3><p>E n\u00e3o para por a\u00ed &#8211; o meu alpendre tamb\u00e9m se integra perfeitamente aos <b>ambientes externos<\/b> da minha propriedade. Seja com uma bela vista para o jardim, uma piscina ao lado ou at\u00e9 mesmo uma \u00e1rea de cultivo, esse espa\u00e7o se torna um elo entre a casa e a natureza, criando uma harmonia \u00fanica.<\/p><figure style=\"width: 1024px\" class=\"wp-caption aligncenter\"><img decoding=\"async\" src=\"https:\/\/www.aarquiteta.com.br\/blog\/wp-content\/uploads\/2024\/07\/casas-com-alpendre04.jpg\" alt=\"Casa com alpendre na fachada, destacando a parte frontal da resid\u00eancia.\" width=\"1024\" height=\"1024\" title=\"\"><figcaption class=\"wp-caption-text\">Casa com alpendre na fachada, destacando a parte frontal da resid\u00eancia.<\/figcaption><\/figure><h2>Alpendre em Casas de Campo<\/h2><h3>Conex\u00e3o com a Natureza<\/h3><p>Para mim, nada supera a sensa\u00e7\u00e3o de estar numa <b>casa de campo<\/b> com um alpendre aconchegante. Esse cantinho me conecta diretamente com a natureza, me fazendo sentir parte integrante desse cen\u00e1rio buc\u00f3lico e tranquilo. \u00c9 como se o alpendre fosse um abra\u00e7o quente me acolhendo.<\/p><figure style=\"width: 1024px\" class=\"wp-caption aligncenter\"><img decoding=\"async\" src=\"https:\/\/www.aarquiteta.com.br\/blog\/wp-content\/uploads\/2024\/07\/casas-com-alpendre05.jpg\" alt=\"Alpendre na fachada, mantendo o espa\u00e7o coberto e protegido de eventos clim\u00e1ticos.\" width=\"1024\" height=\"1024\" title=\"\"><figcaption class=\"wp-caption-text\">Alpendre na fachada, mantendo o espa\u00e7o coberto e protegido de <a href=\"https:\/\/www.aarquiteta.com.br\/blog\/eventos-a-arquiteta\/\" class=\"ilj-generated-link\">eventos<\/a> clim\u00e1ticos.<\/figcaption><\/figure><h3>Ilumina\u00e7\u00e3o e Mobili\u00e1rio<\/h3><p>E para complementar esse ambiente t\u00e3o especial, invisto em uma <b>ilumina\u00e7\u00e3o<\/b> acolhedora e em um <b>mobili\u00e1rio<\/b> convidativo. Seja com lumin\u00e1rias r\u00fasticas, cadeiras de balan\u00e7o ou at\u00e9 mesmo uma rede, o meu alpendre se torna o lugar perfeito para relaxar e recarregar as baterias.<\/p><figure style=\"width: 1024px\" class=\"wp-caption aligncenter\"><img decoding=\"async\" src=\"https:\/\/www.aarquiteta.com.br\/blog\/wp-content\/uploads\/2024\/07\/casas-com-alpendre06.jpg\" alt=\"\u00c1rea com alpendre com sof\u00e1s e cadeiras, ideal para aproveitar com a fam\u00edlia e amigos.\" width=\"1024\" height=\"1024\" title=\"\"><figcaption class=\"wp-caption-text\">\u00c1rea com alpendre com <a href=\"https:\/\/www.aarquiteta.com.br\/blog\/home-decor\/moveis\/sofas-e-poltronas\/\" class=\"ilj-generated-link\">sof\u00e1s<\/a> e cadeiras, ideal para aproveitar com a fam\u00edlia e amigos.<\/figcaption><\/figure><h2>Conclus\u00e3o<\/h2><p>Em resumo, o alpendre \u00e9 muito mais do que apenas uma estrutura f\u00edsica &#8211; \u00e9 um espa\u00e7o que reflete a minha personalidade e o meu estilo de vida. \u00c9 onde posso desfrutar dos melhores momentos, receber meus entes queridos e criar mem\u00f3rias inesquec\u00edveis. Afinal, quem n\u00e3o ama um bom alpendre, n\u00e3o \u00e9 mesmo?<\/p><figure style=\"width: 1024px\" class=\"wp-caption aligncenter\"><img decoding=\"async\" src=\"https:\/\/www.aarquiteta.com.br\/blog\/wp-content\/uploads\/2024\/07\/casas-com-alpendre07.jpg\" alt=\"Alpendre planejado em diferentes tamanhos, formas e materiais, destacando a madeira.\" width=\"1024\" height=\"1024\" title=\"\"><figcaption class=\"wp-caption-text\">Alpendre planejado em diferentes tamanhos, formas e materiais, destacando a madeira.<\/figcaption><\/figure><p>Veja mais algumas ideias e inspira\u00e7\u00f5es sobre o assunto abaixo e descubra qual deles mais lhe agrada!<\/p><figure style=\"width: 1024px\" class=\"wp-caption aligncenter\"><img decoding=\"async\" src=\"https:\/\/www.aarquiteta.com.br\/blog\/wp-content\/uploads\/2024\/07\/casas-com-alpendre08.jpg\" alt=\"Uso da madeira no alpendre, oferecendo resist\u00eancia, durabilidade e beleza.\" width=\"1024\" height=\"1024\" title=\"\"><figcaption class=\"wp-caption-text\">Uso da madeira no alpendre, oferecendo resist\u00eancia, durabilidade e beleza.<\/figcaption><\/figure><h2>Pontos principais:<\/h2><ul><li><b>O alpendre \u00e9 uma extens\u00e3o aconchegante da casa<\/b>, onde posso desfrutar da natureza, receber amigos e relaxar.<\/li><li><b>A estrutura do alpendre envolve pilares, pilastras, madeira e prote\u00e7\u00e3o<\/b>, criando um espa\u00e7o \u00fanico e personaliz\u00e1vel.<\/li><li><b>O alpendre pode ser transformado em uma \u00e1rea gourmet e de lazer<\/b>, al\u00e9m de integrar-se perfeitamente aos ambientes externos da propriedade.<\/li><\/ul><figure style=\"width: 1024px\" class=\"wp-caption aligncenter\"><img decoding=\"async\" src=\"https:\/\/www.aarquiteta.com.br\/blog\/wp-content\/uploads\/2024\/07\/casas-com-alpendre09.jpg\" alt=\"Prote\u00e7\u00e3o da madeira com verniz para resistir a eventos naturais como chuva e ventos fortes.\" width=\"1024\" height=\"1024\" title=\"\"><figcaption class=\"wp-caption-text\">Prote\u00e7\u00e3o da madeira com verniz para resistir a eventos naturais como chuva e ventos fortes.<\/figcaption><\/figure><figure style=\"width: 1024px\" class=\"wp-caption aligncenter\"><img decoding=\"async\" src=\"https:\/\/www.aarquiteta.com.br\/blog\/wp-content\/uploads\/2024\/07\/casas-com-alpendre10.jpg\" alt=\"Aplica\u00e7\u00e3o de verniz para proteger a madeira e garantir maior durabilidade para o alpendre.\" width=\"1024\" height=\"1024\" title=\"\"><figcaption class=\"wp-caption-text\">Aplica\u00e7\u00e3o de verniz para proteger a madeira e garantir maior durabilidade para o alpendre.<\/figcaption><\/figure><figure style=\"width: 1024px\" class=\"wp-caption aligncenter\"><img decoding=\"async\" src=\"https:\/\/www.aarquiteta.com.br\/blog\/wp-content\/uploads\/2024\/07\/casas-com-alpendre11.jpg\" alt=\"Prote\u00e7\u00e3o do alpendre contra cupins, evitando danos estruturais na madeira.\" width=\"1024\" height=\"1024\" title=\"\"><figcaption class=\"wp-caption-text\">Prote\u00e7\u00e3o do alpendre contra cupins, evitando danos estruturais na madeira.<\/figcaption><\/figure><figure style=\"width: 1024px\" class=\"wp-caption aligncenter\"><img decoding=\"async\" src=\"https:\/\/www.aarquiteta.com.br\/blog\/wp-content\/uploads\/2024\/07\/casas-com-alpendre12.jpg\" alt=\"Alpendre sendo utilizado como \u00e1rea gourmet para churrascos e outras atividades de lazer.\" width=\"1024\" height=\"1024\" title=\"\"><figcaption class=\"wp-caption-text\">Alpendre sendo utilizado como \u00e1rea gourmet para churrascos e outras atividades de lazer.<\/figcaption><\/figure><figure style=\"width: 1024px\" class=\"wp-caption aligncenter\"><img decoding=\"async\" src=\"https:\/\/www.aarquiteta.com.br\/blog\/wp-content\/uploads\/2024\/07\/casas-com-alpendre13.jpg\" alt=\"Alpendre aproveitado como estrutura da casa sem necessidade de criar novo espa\u00e7o.\" width=\"1024\" height=\"1024\" title=\"\"><figcaption class=\"wp-caption-text\">Alpendre aproveitado como estrutura da casa sem necessidade de criar novo espa\u00e7o.<\/figcaption><\/figure><figure style=\"width: 1024px\" class=\"wp-caption aligncenter\"><img decoding=\"async\" src=\"https:\/\/www.aarquiteta.com.br\/blog\/wp-content\/uploads\/2024\/07\/casas-com-alpendre14.jpg\" alt=\"Uso das pilastras para incluir ganchos para redes, criando uma \u00e1rea de relaxamento.\" width=\"1024\" height=\"1024\" title=\"\"><figcaption class=\"wp-caption-text\">Uso das pilastras para incluir ganchos para redes, criando uma \u00e1rea de relaxamento.<\/figcaption><\/figure><figure style=\"width: 1024px\" class=\"wp-caption aligncenter\"><img decoding=\"async\" src=\"https:\/\/www.aarquiteta.com.br\/blog\/wp-content\/uploads\/2024\/07\/casas-com-alpendre15.jpg\" alt=\"Cobertura do alpendre com telhas, oferecendo um acabamento cl\u00e1ssico e bonito.\" width=\"1024\" height=\"1024\" title=\"\"><figcaption class=\"wp-caption-text\">Cobertura do alpendre com telhas, oferecendo um acabamento cl\u00e1ssico e bonito.<\/figcaption><\/figure><figure style=\"width: 1024px\" class=\"wp-caption aligncenter\"><img decoding=\"async\" src=\"https:\/\/www.aarquiteta.com.br\/blog\/wp-content\/uploads\/2024\/07\/casas-com-alpendre16.jpg\" alt=\"Alternativas para cobrir o alpendre: forro e concreto, al\u00e9m das telhas tradicionais.\" width=\"1024\" height=\"1024\" title=\"\"><figcaption class=\"wp-caption-text\">Alternativas para cobrir o alpendre: forro e concreto, al\u00e9m das telhas tradicionais.<\/figcaption><\/figure><figure style=\"width: 1024px\" class=\"wp-caption aligncenter\"><img decoding=\"async\" src=\"https:\/\/www.aarquiteta.com.br\/blog\/wp-content\/uploads\/2024\/07\/casas-com-alpendre17.jpg\" alt=\"Tamanho vari\u00e1vel do alpendre, permitindo melhor organiza\u00e7\u00e3o do espa\u00e7o constru\u00eddo.\" width=\"1024\" height=\"1024\" title=\"\"><figcaption class=\"wp-caption-text\">Tamanho vari\u00e1vel do alpendre, permitindo melhor organiza\u00e7\u00e3o do espa\u00e7o constru\u00eddo.<\/figcaption><\/figure><figure style=\"width: 1024px\" class=\"wp-caption aligncenter\"><img decoding=\"async\" src=\"https:\/\/www.aarquiteta.com.br\/blog\/wp-content\/uploads\/2024\/07\/casas-com-alpendre18.jpg\" alt=\"Alpendre com extens\u00e3o similar a de um corredor, aumentando a funcionalidade do espa\u00e7o.\" width=\"1024\" height=\"1024\" title=\"\"><figcaption class=\"wp-caption-text\">Alpendre com extens\u00e3o similar a de um corredor, aumentando a funcionalidade do espa\u00e7o.<\/figcaption><\/figure><figure style=\"width: 1024px\" class=\"wp-caption aligncenter\"><img decoding=\"async\" src=\"https:\/\/www.aarquiteta.com.br\/blog\/wp-content\/uploads\/2024\/07\/casas-com-alpendre19.jpg\" alt=\"Casa pequena com alpendre, utilizando a t\u00e9cnica na fachada com extens\u00e3o do telhado.\" width=\"1024\" height=\"1024\" title=\"\"><figcaption class=\"wp-caption-text\">Casa pequena com alpendre, utilizando a t\u00e9cnica na fachada com extens\u00e3o do telhado.<\/figcaption><\/figure><figure style=\"width: 1024px\" class=\"wp-caption aligncenter\"><img decoding=\"async\" src=\"https:\/\/www.aarquiteta.com.br\/blog\/wp-content\/uploads\/2024\/07\/casas-com-alpendre20.jpg\" alt=\"Uso do alpendre em casas com andar, adaptando a ideia a diferentes modelos de casas.\" width=\"1024\" height=\"1024\" title=\"\"><figcaption class=\"wp-caption-text\">Uso do alpendre em casas com andar, adaptando a ideia a diferentes modelos de casas.<\/figcaption><\/figure><h3>Assista agora a minha recomenda\u00e7\u00e3o de video abaixo sobre o tema que estamos tratando neste artigo: <\/h3><p><div class=\"youtube-embed\" data-video_id=\"lPwcGxR0rgM\"><iframe title=\"50 IDEIAS DE CASAS DE MADEIRA MODERNAS PARA VOC\u00ca SE INSPIRAR\" width=\"696\" height=\"392\" src=\"https:\/\/www.youtube.com\/embed\/lPwcGxR0rgM?feature=oembed&#038;enablejsapi=1\" frameborder=\"0\" allow=\"accelerometer; autoplay; clipboard-write; encrypted-media; gyroscope; picture-in-picture; web-share\" referrerpolicy=\"strict-origin-when-cross-origin\" allowfullscreen><\/iframe><\/div><\/p>","protected":false},"excerpt":{"rendered":"<p>Inspire-se com 10 ideias de casas com alpendre e crie um espa\u00e7o acolhedor e charmoso. Veja nossas sugest\u00f5es.<\/p>\n","protected":false},"author":102,"featured_media":120073,"comment_status":"closed","ping_status":"closed","sticky":false,"template":"","format":"standard","meta":{"footnotes":""},"categories":[1484],"tags":[],"class_list":["post-120093","post","type-post","status-publish","format-standard","has-post-thumbnail","category-decoracao"],"_wp_attached_file":null,"_wp_attachment_metadata":null,"_wp_attachment_context":null,"_wp_attachment_is_custom_header":null,"geo_longitude":null,"geo_public":null,"geo_latitude":null,"_publicize_done_external":null,"_wpas_done_3897181":null,"publicize_twitter_user":null,"_wpas_done_3897175":null,"_wpas_skip_3897181":null,"_wpas_skip_3897175":null,"_wpas_skip_3924723":null,"_wpas_mess":null,"_wpas_done_3924723":null,"wps_subtitle":"","_links":{"self":[{"href":"https:\/\/www.aarquiteta.com.br\/blog\/wp-json\/wp\/v2\/posts\/120093","targetHints":{"allow":["GET"]}}],"collection":[{"href":"https:\/\/www.aarquiteta.com.br\/blog\/wp-json\/wp\/v2\/posts"}],"about":[{"href":"https:\/\/www.aarquiteta.com.br\/blog\/wp-json\/wp\/v2\/types\/post"}],"author":[{"embeddable":true,"href":"https:\/\/www.aarquiteta.com.br\/blog\/wp-json\/wp\/v2\/users\/102"}],"replies":[{"embeddable":true,"href":"https:\/\/www.aarquiteta.com.br\/blog\/wp-json\/wp\/v2\/comments?post=120093"}],"version-history":[{"count":0,"href":"https:\/\/www.aarquiteta.com.br\/blog\/wp-json\/wp\/v2\/posts\/120093\/revisions"}],"wp:featuredmedia":[{"embeddable":true,"href":"https:\/\/www.aarquiteta.com.br\/blog\/wp-json\/wp\/v2\/media\/120073"}],"wp:attachment":[{"href":"https:\/\/www.aarquiteta.com.br\/blog\/wp-json\/wp\/v2\/media?parent=120093"}],"wp:term":[{"taxonomy":"category","embeddable":true,"href":"https:\/\/www.aarquiteta.com.br\/blog\/wp-json\/wp\/v2\/categories?post=120093"},{"taxonomy":"post_tag","embeddable":true,"href":"https:\/\/www.aarquiteta.com.br\/blog\/wp-json\/wp\/v2\/tags?post=120093"}],"curies":[{"name":"wp","href":"https:\/\/api.w.org\/{rel}","templated":true}]}}