{"id":120014,"date":"2024-07-21T20:14:27","date_gmt":"2024-07-21T23:14:27","guid":{"rendered":"https:\/\/www.aarquiteta.com.br\/blog\/placa-cimenticia-2\/"},"modified":"2024-07-21T20:14:27","modified_gmt":"2024-07-21T23:14:27","slug":"placa-cimenticia-2","status":"publish","type":"post","link":"https:\/\/www.aarquiteta.com.br\/blog\/placa-cimenticia-2\/","title":{"rendered":"12 Ideias de Placa Ciment\u00edcia para uma Decora\u00e7\u00e3o Sofisticada"},"content":{"rendered":"<p>Ah, as placas ciment\u00edcias! Esse material vers\u00e1til e sustent\u00e1vel est\u00e1 conquistando cada vez mais o cora\u00e7\u00e3o dos designers e arquitetos por a\u00ed. Sabes, eu sou fascinado por essa tend\u00eancia e, como um veterano nessa \u00e1rea, posso te dizer que elas s\u00e3o pura magia quando se trata de <a href=\"https:\/\/www.aarquiteta.com.br\/blog\/cursos-de-arquitetura-e-decoracao\/curso-de-decoracao-de-interiores\/\">decora\u00e7\u00e3o de interiores<\/a> e exteriores.<\/p><h3>Pontos principais:<\/h3><p>&#8211; <b>As placas ciment\u00edcias oferecem um visual moderno, industrial e sustent\u00e1vel<\/b>, perfeito para quem busca uma est\u00e9tica mais minimalista e arrojada.<br \/>&#8211; <b>Elas podem ser aplicadas tanto internamente quanto externamente<\/b>, trazendo benef\u00edcios t\u00e9cnicos, como maior durabilidade e resist\u00eancia, e tamb\u00e9m est\u00e9ticos, com uma ampla gama de op\u00e7\u00f5es de acabamento.<br \/>&#8211; <b>As solu\u00e7\u00f5es criativas e a integra\u00e7\u00e3o com outros materiais abrem um mundo de possibilidades<\/b> para transformar qualquer ambiente em um verdadeiro o\u00e1sis de design.<\/p><h2>Explorando o Universo das Placas Ciment\u00edcias<\/h2><p>Escuta, a verdade \u00e9 que eu me apaixonei por esse material desde a primeira vez que o utilizei em um projeto. <b>Sua versatilidade e sustentabilidade s\u00e3o simplesmente encantadoras<\/b>. Imagine, voc\u00ea pode criar paredes, revestimentos, m\u00f3veis e at\u00e9 mesmo fachadas usando esse material t\u00e3o vers\u00e1til. E o melhor? \u00c9 uma alternativa econ\u00f4mica e ecologicamente correta, perfeita para quem quer fugir do tradicional e abra\u00e7ar uma est\u00e9tica mais moderna e industrial.<\/p><p>Ah, e n\u00e3o posso deixar de mencionar o estilo minimalista e clean que as placas ciment\u00edcias trazem para os ambientes. <b>\u00c9 como se elas fossem a cereja do bolo, dando aquele toque final de sofistica\u00e7\u00e3o e eleg\u00e2ncia<\/b>. Seja em uma sala de estar, um escrit\u00f3rio ou at\u00e9 mesmo na fachada da sua casa, elas se adaptam perfeitamente, criando uma atmosfera \u00fanica e envolvente.<\/p><h3>Dicas de Instala\u00e7\u00e3o e Aplica\u00e7\u00e3o<\/h3><p>Bom, agora que j\u00e1 falei um pouco sobre a magia desse material, vamos falar sobre a parte pr\u00e1tica, certo? <b>A estrutura e a montagem das placas ciment\u00edcias s\u00e3o fundamentais para obter o melhor resultado<\/b>. \u00c9 preciso atentar-se a detalhes como a prepara\u00e7\u00e3o da base, o tipo de fixa\u00e7\u00e3o e os acabamentos. Ah, e n\u00e3o se esque\u00e7a de levar em conta as especifica\u00e7\u00f5es t\u00e9cnicas, pois elas podem variar de acordo com a marca e o modelo escolhido.<\/p><p>E falando em acabamento, minha gente, a\u00ed \u00e9 que mora o charme! <b>Voc\u00ea pode optar por uma superf\u00edcie lisa e polida, uma textura r\u00fastica ou at\u00e9 mesmo um efeito envelhecido<\/b>. Tudo vai depender do estilo que voc\u00ea quer imprimir no seu projeto. Ah, e n\u00e3o se preocupe, que eu te dou umas dicas legais de como fazer isso tudo direitinho.<\/p><h3>Tend\u00eancias e Inspira\u00e7\u00f5es<\/h3><p>Olha, eu tenho que te contar, a cada dia que passa, surgem novas e incr\u00edveis formas de utilizar as placas ciment\u00edcias. <b>Os projetos contempor\u00e2neos, com solu\u00e7\u00f5es criativas e integra\u00e7\u00e3o com outros materiais, s\u00e3o uma verdadeira aula de design<\/b>. Imagine uma parede de concreto aparente combinada com madeira, ou ent\u00e3o um m\u00f3vel com uma bela textura que parece ter sa\u00eddo de uma revista de decora\u00e7\u00e3o. \u00c9 de deixar qualquer um de queixo ca\u00eddo, n\u00e3o \u00e9 mesmo?<\/p><p>E por falar em inspira\u00e7\u00e3o, meu amigo, te garanto que existem uma infinidade de ideias incr\u00edveis por a\u00ed. <b>Desde revestimentos de fachadas at\u00e9 divis\u00f3rias internas, as possibilidades s\u00e3o praticamente ilimitadas<\/b>. \u00c9 s\u00f3 deixar a imagina\u00e7\u00e3o fluir e se aventurar nesse universo fascinante das placas ciment\u00edcias.<\/p><h2>Conclus\u00e3o<\/h2><p>Ent\u00e3o, meu caro, agora voc\u00ea j\u00e1 sabe por que eu sou t\u00e3o apaixonado por esse material. <b>As placas ciment\u00edcias s\u00e3o pura magia, com sua versatilidade, sustentabilidade e capacidade de transformar qualquer espa\u00e7o em algo \u00fanico e extraordin\u00e1rio<\/b>. Ent\u00e3o, o que voc\u00ea est\u00e1 esperando? V\u00e1 l\u00e1, explore esse mundo incr\u00edvel e deixe sua marca com esse material t\u00e3o vers\u00e1til e encantador.<\/p><p>Veja mais algumas ideias e inspira\u00e7\u00f5es sobre o assunto abaixo e descubra qual deles mais lhe agrada!<br \/><figure style=\"width: 1024px\" class=\"wp-caption aligncenter\"><img decoding=\"async\" src=\"https:\/\/www.aarquiteta.com.br\/blog\/wp-content\/uploads\/2024\/07\/placa-cimenticia-59.jpg\" alt=\"Placa ciment\u00edcia em ambiente industrial, proporcionando um estilo r\u00fastico com aspecto propositalmente inacabado.\" width=\"1024\" height=\"1024\" title=\"\"><figcaption class=\"wp-caption-text\">Placa ciment\u00edcia em ambiente industrial, proporcionando um estilo r\u00fastico com aspecto propositalmente inacabado.<\/figcaption><\/figure><figure style=\"width: 1024px\" class=\"wp-caption aligncenter\"><img decoding=\"async\" src=\"https:\/\/www.aarquiteta.com.br\/blog\/wp-content\/uploads\/2024\/07\/placa-cimenticia-52.jpg\" alt=\"Placas ciment\u00edcias em uma sala industrial, misturando texturas e cores neutras.\" width=\"1024\" height=\"1024\" title=\"\"><figcaption class=\"wp-caption-text\">Placas ciment\u00edcias em uma sala industrial, misturando texturas e cores neutras.<\/figcaption><\/figure><figure style=\"width: 1024px\" class=\"wp-caption aligncenter\"><img decoding=\"async\" src=\"https:\/\/www.aarquiteta.com.br\/blog\/wp-content\/uploads\/2024\/07\/placa-cimenticia-3.jpg\" alt=\"Placa ciment\u00edcia utilizada para veda\u00e7\u00e3o de paredes internas e externas, forros, fachadas e mais.\" width=\"1024\" height=\"1024\" title=\"\"><figcaption class=\"wp-caption-text\">Placa ciment\u00edcia utilizada para veda\u00e7\u00e3o de paredes internas e externas, forros, fachadas e mais.<\/figcaption><\/figure><figure style=\"width: 1024px\" class=\"wp-caption aligncenter\"><img decoding=\"async\" src=\"https:\/\/www.aarquiteta.com.br\/blog\/wp-content\/uploads\/2024\/07\/placa-cimenticia-4.jpg\" alt=\"Uso de placa ciment\u00edcia em paredes, conferindo seguran\u00e7a, conforto e beleza.\" width=\"1024\" height=\"1024\" title=\"\"><figcaption class=\"wp-caption-text\">Uso de placa ciment\u00edcia em paredes, conferindo seguran\u00e7a, conforto e beleza.<\/figcaption><\/figure><figure style=\"width: 1024px\" class=\"wp-caption aligncenter\"><img decoding=\"async\" src=\"https:\/\/www.aarquiteta.com.br\/blog\/wp-content\/uploads\/2024\/07\/placa-cimenticia-5.jpg\" alt=\"Casa em estilo industrial com cimento, preto, madeira e objetos met\u00e1licos.\" width=\"1024\" height=\"1024\" title=\"\"><figcaption class=\"wp-caption-text\">Casa em estilo industrial com cimento, preto, madeira e objetos met\u00e1licos.<\/figcaption><\/figure><figure style=\"width: 1024px\" class=\"wp-caption aligncenter\"><img decoding=\"async\" src=\"https:\/\/www.aarquiteta.com.br\/blog\/wp-content\/uploads\/2024\/07\/placa-cimenticia-6.jpg\" alt=\"Est\u00e9tica industrial ou minimalista com juntas aparentes ou invis\u00edveis nas placas ciment\u00edcias.\" width=\"1024\" height=\"1024\" title=\"\"><figcaption class=\"wp-caption-text\">Est\u00e9tica industrial ou minimalista com juntas aparentes ou invis\u00edveis nas placas ciment\u00edcias.<\/figcaption><\/figure><figure style=\"width: 1024px\" class=\"wp-caption aligncenter\"><img decoding=\"async\" src=\"https:\/\/www.aarquiteta.com.br\/blog\/wp-content\/uploads\/2024\/07\/placa-cimenticia.jpg\" alt=\"Fachada contempor\u00e2nea com cortes retos, utilizando placa ciment\u00edcia para um visual moderno.\" width=\"1024\" height=\"1024\" title=\"\"><figcaption class=\"wp-caption-text\">Fachada contempor\u00e2nea com cortes retos, utilizando placa ciment\u00edcia para um visual moderno.<\/figcaption><\/figure><figure style=\"width: 1024px\" class=\"wp-caption aligncenter\"><img decoding=\"async\" src=\"https:\/\/www.aarquiteta.com.br\/blog\/wp-content\/uploads\/2024\/07\/placa-cimenticia-7.2.jpg\" alt=\"Placa ciment\u00edcia em obras de amplia\u00e7\u00e3o e reformas, escolha sofisticada e discreta para \u00e1reas externas.\" width=\"1024\" height=\"1024\" title=\"\"><figcaption class=\"wp-caption-text\">Placa ciment\u00edcia em obras de amplia\u00e7\u00e3o e reformas, escolha sofisticada e discreta para \u00e1reas externas.<\/figcaption><\/figure><figure style=\"width: 1024px\" class=\"wp-caption aligncenter\"><img decoding=\"async\" src=\"https:\/\/www.aarquiteta.com.br\/blog\/wp-content\/uploads\/2024\/07\/placa-cimenticia-60.jpg\" alt=\"Placas ciment\u00edcias com formato 3D para decora\u00e7\u00e3o, mostrando a versatilidade do material.\" width=\"1024\" height=\"1024\" title=\"\"><figcaption class=\"wp-caption-text\">Placas ciment\u00edcias com formato 3D para decora\u00e7\u00e3o, mostrando a versatilidade do material.<\/figcaption><\/figure><figure style=\"width: 1024px\" class=\"wp-caption aligncenter\"><img decoding=\"async\" src=\"https:\/\/www.aarquiteta.com.br\/blog\/wp-content\/uploads\/2024\/07\/placa-cimenticia-8.jpg\" alt=\"Material moderno usado em fachadas, dur\u00e1vel e resistente \u00e0 tempestades, ideal para \u00e1reas externas.\" width=\"1024\" height=\"1024\" title=\"\"><figcaption class=\"wp-caption-text\">Material moderno usado em fachadas, dur\u00e1vel e resistente \u00e0 tempestades, ideal para \u00e1reas externas.<\/figcaption><\/figure><figure style=\"width: 1024px\" class=\"wp-caption aligncenter\"><img decoding=\"async\" src=\"https:\/\/www.aarquiteta.com.br\/blog\/wp-content\/uploads\/2024\/07\/placa-cimenticia-9.jpg\" alt=\"Placa ciment\u00edcia como piso em \u00e1rea interna, sustent\u00e1vel e com baixa prolifera\u00e7\u00e3o de microrganismos.\" width=\"1024\" height=\"1024\" title=\"\"><figcaption class=\"wp-caption-text\">Placa ciment\u00edcia como piso em \u00e1rea interna, sustent\u00e1vel e com baixa prolifera\u00e7\u00e3o de microrganismos.<\/figcaption><\/figure><figure style=\"width: 1024px\" class=\"wp-caption aligncenter\"><img decoding=\"async\" src=\"https:\/\/www.aarquiteta.com.br\/blog\/wp-content\/uploads\/2024\/07\/placa-cimenticia-10.jpg\" alt=\"Placa ciment\u00edcia em locais comerciais, dur\u00e1vel e resistente, passando por processo de impermeabiliza\u00e7\u00e3o.\" width=\"1024\" height=\"1024\" title=\"\"><figcaption class=\"wp-caption-text\">Placa ciment\u00edcia em locais comerciais, dur\u00e1vel e resistente, passando por processo de impermeabiliza\u00e7\u00e3o.<\/figcaption><\/figure><figure style=\"width: 1024px\" class=\"wp-caption aligncenter\"><img decoding=\"async\" src=\"https:\/\/www.aarquiteta.com.br\/blog\/wp-content\/uploads\/2024\/07\/placa-cimenticia-11.jpg\" alt=\"Variedade de pre\u00e7os de placas ciment\u00edcias, recomenda\u00e7\u00e3o de drywall para or\u00e7amento curto.\" width=\"1024\" height=\"1024\" title=\"\"><figcaption class=\"wp-caption-text\">Variedade de pre\u00e7os de placas ciment\u00edcias, recomenda\u00e7\u00e3o de drywall para or\u00e7amento curto.<\/figcaption><\/figure><figure style=\"width: 1024px\" class=\"wp-caption aligncenter\"><img decoding=\"async\" src=\"https:\/\/www.aarquiteta.com.br\/blog\/wp-content\/uploads\/2024\/07\/placa-cimenticia-13.jpg\" alt=\"Placas ciment\u00edcias no ch\u00e3o e teto, semelhante ao drywall na aplica\u00e7\u00e3o.\" width=\"1024\" height=\"1024\" title=\"\"><figcaption class=\"wp-caption-text\">Placas ciment\u00edcias no ch\u00e3o e teto, semelhante ao drywall na aplica\u00e7\u00e3o.<\/figcaption><\/figure><figure style=\"width: 1024px\" class=\"wp-caption aligncenter\"><img decoding=\"async\" src=\"https:\/\/www.aarquiteta.com.br\/blog\/wp-content\/uploads\/2024\/07\/placa-cimenticia-14-e1668089364772.jpg\" alt=\"Quarto moderno com parede de placa ciment\u00edcia, leds cont\u00ednuos dando um toque urbano industrial.\" width=\"1024\" height=\"1024\" title=\"\"><figcaption class=\"wp-caption-text\">Quarto moderno com parede de placa ciment\u00edcia, leds cont\u00ednuos dando um toque urbano industrial.<\/figcaption><\/figure><figure style=\"width: 1024px\" class=\"wp-caption aligncenter\"><img decoding=\"async\" src=\"https:\/\/www.aarquiteta.com.br\/blog\/wp-content\/uploads\/2024\/07\/placa-cimenticia-15-e1668089550101.jpg\" alt=\"Paredes 3D de placa ciment\u00edcia, unindo o conceito do cimento com modernidade.\" width=\"1024\" height=\"1024\" title=\"\"><figcaption class=\"wp-caption-text\">Paredes 3D de placa ciment\u00edcia, unindo o conceito do cimento com modernidade.<\/figcaption><\/figure><figure style=\"width: 1024px\" class=\"wp-caption aligncenter\"><img decoding=\"async\" src=\"https:\/\/www.aarquiteta.com.br\/blog\/wp-content\/uploads\/2024\/07\/placa-cimenticia-55.jpg\" alt=\"Teto de placa ciment\u00edcia, moderno e aplic\u00e1vel a qualquer ambiente da casa.\" width=\"1024\" height=\"1024\" title=\"\"><figcaption class=\"wp-caption-text\">Teto de placa ciment\u00edcia, moderno e aplic\u00e1vel a qualquer ambiente da casa.<\/figcaption><\/figure><figure style=\"width: 1024px\" class=\"wp-caption aligncenter\"><img decoding=\"async\" src=\"https:\/\/www.aarquiteta.com.br\/blog\/wp-content\/uploads\/2024\/07\/placa-cimenticia-17.jpg\" alt=\"Placa ciment\u00edcia como piso de \u00e1rea externa, at\u00e9rmica, antiderrapante e resistente aos desgastes naturais.\" width=\"1024\" height=\"1024\" title=\"\"><figcaption class=\"wp-caption-text\">Placa ciment\u00edcia como piso de \u00e1rea externa, at\u00e9rmica, antiderrapante e resistente aos desgastes naturais.<\/figcaption><\/figure><figure style=\"width: 1024px\" class=\"wp-caption aligncenter\"><img decoding=\"async\" src=\"https:\/\/www.aarquiteta.com.br\/blog\/wp-content\/uploads\/2024\/07\/placa-cimenticia-18.jpg\" alt=\"Projeto minimalista com valoriza\u00e7\u00e3o de espa\u00e7os clean, usando placas ciment\u00edcias.\" width=\"1024\" height=\"1024\" title=\"\"><figcaption class=\"wp-caption-text\">Projeto minimalista com valoriza\u00e7\u00e3o de espa\u00e7os clean, usando placas ciment\u00edcias.<\/figcaption><\/figure><figure style=\"width: 1024px\" class=\"wp-caption aligncenter\"><img decoding=\"async\" src=\"https:\/\/www.aarquiteta.com.br\/blog\/wp-content\/uploads\/2024\/07\/placa-cimenticia-19.jpg\" alt=\"Fachada minimalista com placas ciment\u00edcias de acabamento liso e pintura opcional.\" width=\"1024\" height=\"1024\" title=\"\"><figcaption class=\"wp-caption-text\">Fachada minimalista com placas ciment\u00edcias de acabamento liso e <a href=\"https:\/\/www.aarquiteta.com.br\/blog\/engenharia-e-construcao-civil\/acabamentos\/pintura\/\" class=\"ilj-generated-link\">pintura<\/a> opcional.<\/figcaption><\/figure><h3>Assista agora a minha recomenda\u00e7\u00e3o de video abaixo sobre o tema que estamos tratando neste artigo: <\/h3><p><div class=\"youtube-embed\" data-video_id=\"LyHn2Edn4Ck\"><iframe title=\"Arm\u00e1rio de placa cimenticia #shorts #reforma #dicas #obra #arquitetura #pedreiro #azulejista\" width=\"696\" height=\"392\" src=\"https:\/\/www.youtube.com\/embed\/LyHn2Edn4Ck?feature=oembed&#038;enablejsapi=1\" frameborder=\"0\" allow=\"accelerometer; autoplay; clipboard-write; encrypted-media; gyroscope; picture-in-picture; web-share\" referrerpolicy=\"strict-origin-when-cross-origin\" allowfullscreen><\/iframe><\/div><\/p>","protected":false},"excerpt":{"rendered":"<p>Decora\u00e7\u00e3o sofisticada? Conhe\u00e7a 12 ideias de placa ciment\u00edcia e transforme seu ambiente.<\/p>\n","protected":false},"author":102,"featured_media":119994,"comment_status":"closed","ping_status":"closed","sticky":false,"template":"","format":"standard","meta":{"footnotes":""},"categories":[1484],"tags":[],"class_list":["post-120014","post","type-post","status-publish","format-standard","has-post-thumbnail","category-decoracao"],"_wp_attached_file":null,"_wp_attachment_metadata":null,"_wp_attachment_context":null,"_wp_attachment_is_custom_header":null,"geo_longitude":null,"geo_public":null,"geo_latitude":null,"_publicize_done_external":null,"_wpas_done_3897181":null,"publicize_twitter_user":null,"_wpas_done_3897175":null,"_wpas_skip_3897181":null,"_wpas_skip_3897175":null,"_wpas_skip_3924723":null,"_wpas_mess":null,"_wpas_done_3924723":null,"wps_subtitle":"","_links":{"self":[{"href":"https:\/\/www.aarquiteta.com.br\/blog\/wp-json\/wp\/v2\/posts\/120014","targetHints":{"allow":["GET"]}}],"collection":[{"href":"https:\/\/www.aarquiteta.com.br\/blog\/wp-json\/wp\/v2\/posts"}],"about":[{"href":"https:\/\/www.aarquiteta.com.br\/blog\/wp-json\/wp\/v2\/types\/post"}],"author":[{"embeddable":true,"href":"https:\/\/www.aarquiteta.com.br\/blog\/wp-json\/wp\/v2\/users\/102"}],"replies":[{"embeddable":true,"href":"https:\/\/www.aarquiteta.com.br\/blog\/wp-json\/wp\/v2\/comments?post=120014"}],"version-history":[{"count":0,"href":"https:\/\/www.aarquiteta.com.br\/blog\/wp-json\/wp\/v2\/posts\/120014\/revisions"}],"wp:featuredmedia":[{"embeddable":true,"href":"https:\/\/www.aarquiteta.com.br\/blog\/wp-json\/wp\/v2\/media\/119994"}],"wp:attachment":[{"href":"https:\/\/www.aarquiteta.com.br\/blog\/wp-json\/wp\/v2\/media?parent=120014"}],"wp:term":[{"taxonomy":"category","embeddable":true,"href":"https:\/\/www.aarquiteta.com.br\/blog\/wp-json\/wp\/v2\/categories?post=120014"},{"taxonomy":"post_tag","embeddable":true,"href":"https:\/\/www.aarquiteta.com.br\/blog\/wp-json\/wp\/v2\/tags?post=120014"}],"curies":[{"name":"wp","href":"https:\/\/api.w.org\/{rel}","templated":true}]}}